{"id":7753,"date":"2023-10-18T09:54:26","date_gmt":"2023-10-18T12:54:26","guid":{"rendered":"https:\/\/maxradio923.com\/index.php\/2023\/10\/18\/javier-milei-cierra-su-campana-en-el-movistar-arena\/"},"modified":"2023-10-18T09:54:26","modified_gmt":"2023-10-18T12:54:26","slug":"javier-milei-cierra-su-campana-en-el-movistar-arena","status":"publish","type":"post","link":"https:\/\/maxradio923.com.ar\/index.php\/2023\/10\/18\/javier-milei-cierra-su-campana-en-el-movistar-arena\/","title":{"rendered":"Javier Milei cierra su campa\u00f1a en el Movistar Arena"},"content":{"rendered":"<p><img decoding=\"async\" src=\"https:\/\/diariod3.com\/inicio\/wp-content\/uploads\/2023\/08\/milei.jpg_1536916664.png\"\/><\/p>\n<p>En ese marco, al igual que el cierre de campa\u00f1a antes de las PASO del 13 de agosto, Milei ser\u00e1 el principal orador del acto, previsto para este mi\u00e9rcoles a las 19 y en el que tambi\u00e9n se anunci\u00f3 la presencia de Alberto Benegas Lynch, uno de los referentes del candidato en materia econ\u00f3mica. Los organizadores informaron que [\u2026]<\/p>\n<p>La entrada <a href=\"https:\/\/diariod3.com\/inicio\/javier-milei-cierra-su-campana-en-el-movistar-arena\/\" rel=\"noreferrer noopener\" target=\"_blank\">Javier Milei cierra su campa\u00f1a en el Movistar Arena<\/a> se public\u00f3 primero en <a href=\"https:\/\/diariod3.com\/inicio\" rel=\"noreferrer noopener\" target=\"_blank\">DIARIO D3 NOTICIAS<\/a>.<\/p>\n","protected":false},"excerpt":{"rendered":"<p>En ese marco, al igual que el cierre de campa\u00f1a antes de las PASO del 13 de agosto, Milei ser\u00e1 el principal orador del acto, previsto para este mi\u00e9rcoles a las 19 y en el que tambi\u00e9n se anunci\u00f3 la presencia de Alberto Benegas Lynch, uno de los referentes del candidato en materia econ\u00f3mica. Los [&hellip;]<\/p>\n","protected":false},"author":2,"featured_media":7754,"comment_status":"","ping_status":"","sticky":false,"template":"","format":"standard","meta":{"footnotes":""},"categories":[12],"tags":[],"_links":{"self":[{"href":"https:\/\/maxradio923.com.ar\/index.php\/wp-json\/wp\/v2\/posts\/7753"}],"collection":[{"href":"https:\/\/maxradio923.com.ar\/index.php\/wp-json\/wp\/v2\/posts"}],"about":[{"href":"https:\/\/maxradio923.com.ar\/index.php\/wp-json\/wp\/v2\/types\/post"}],"author":[{"embeddable":true,"href":"https:\/\/maxradio923.com.ar\/index.php\/wp-json\/wp\/v2\/users\/2"}],"replies":[{"embeddable":true,"href":"https:\/\/maxradio923.com.ar\/index.php\/wp-json\/wp\/v2\/comments?post=7753"}],"version-history":[{"count":0,"href":"https:\/\/maxradio923.com.ar\/index.php\/wp-json\/wp\/v2\/posts\/7753\/revisions"}],"wp:featuredmedia":[{"embeddable":true,"href":"https:\/\/maxradio923.com.ar\/index.php\/wp-json\/wp\/v2\/media\/7754"}],"wp:attachment":[{"href":"https:\/\/maxradio923.com.ar\/index.php\/wp-json\/wp\/v2\/media?parent=7753"}],"wp:term":[{"taxonomy":"category","embeddable":true,"href":"https:\/\/maxradio923.com.ar\/index.php\/wp-json\/wp\/v2\/categories?post=7753"},{"taxonomy":"post_tag","embeddable":true,"href":"https:\/\/maxradio923.com.ar\/index.php\/wp-json\/wp\/v2\/tags?post=7753"}],"curies":[{"name":"wp","href":"https:\/\/api.w.org\/{rel}","templated":true}]}}