{"id":76780,"date":"2026-02-03T09:03:05","date_gmt":"2026-02-03T12:03:05","guid":{"rendered":"https:\/\/maxradio923.com.ar\/index.php\/2026\/02\/03\/la-medida-que-tomo-la-liga-profesional-de-futbol-tras-la-muerte-de-un-arbitro-en-un-tragico-accidente\/"},"modified":"2026-02-03T09:03:05","modified_gmt":"2026-02-03T12:03:05","slug":"la-medida-que-tomo-la-liga-profesional-de-futbol-tras-la-muerte-de-un-arbitro-en-un-tragico-accidente","status":"publish","type":"post","link":"https:\/\/maxradio923.com.ar\/index.php\/2026\/02\/03\/la-medida-que-tomo-la-liga-profesional-de-futbol-tras-la-muerte-de-un-arbitro-en-un-tragico-accidente\/","title":{"rendered":"La medida que tom\u00f3 la Liga Profesional de F\u00fatbol tras la muerte de un \u00e1rbitro en un tr\u00e1gico accidente"},"content":{"rendered":"<p><\/p>\n<h2 class=\"article-subheadline text_align_left\">Emanuel Leguizam\u00f3n, de 24 a\u00f1os, perdi\u00f3 su vida despu\u00e9s que el auto que viajaba con el resto de la terna volc\u00f3 en Santa Cruz. Ven\u00edan de participar de la semifinal del Torneo Regional Federal<\/h2>\n<p><\/p>\n<p class=\"paragraph\">Una noticia gener\u00f3 impacto en el f\u00fatbol argentino. Este lunes, <b>Emanuel Leguizam\u00f3n<\/b> muri\u00f3 en un accidente en la Ruta Nacional 3, cerca de Fitz Roy, provincia de Santa Cruz, mientras regresaba a La Pampa tras desempe\u00f1arse como cuarto \u00e1rbitro en la semifinal del <b>Torneo Regional Federal Amateur<\/b> en R\u00edo Gallegos que disputaron los equipos de La Amistad y Boxing Club. Junto a \u00e9l viajaban <b>Cristian Rubiano<\/b> (juez principal y conductor del veh\u00edculo), y los asistentes <b>Diego Pereyra<\/b> y <b>Yasu Mu\u00f1oz<\/b>, quienes resultaron heridos y fueron hospitalizados.<\/p>\n<p><\/p>\n<p class=\"paragraph\">El siniestro se produjo minutos antes del mediod\u00eda, en un tramo conocido como Ca\u00f1ad\u00f3n Minerales, a unos 30 kil\u00f3metros de <b>Caleta Olivia<\/b>. El veh\u00edculo en el que se desplazaban perdi\u00f3 el control y se sali\u00f3 de la calzada para luego chocar contra un guardarrail. Acto seguido, volc\u00f3 aproximadamente 200 metros hasta quedar totalmente destruido, seg\u00fan testimonios recogidos por <i>El Diario de La Pampa<\/i>. Los primeros auxilios fueron brindados por automovilistas que se detuvieron al advertir la magnitud del accidente.<\/p>\n<p><\/p>\n<p class=\"paragraph\">Uno de los testigos, de nombre Diego D\u00edaz, detall\u00f3 que la camioneta \u201crecorri\u00f3 unos 200 metros\u201d y qued\u00f3 destruida completamente. D\u00edaz se\u00f1al\u00f3 que, al arribar, asistieron a los heridos: <b>Leguizam\u00f3n ya no ten\u00eda signos vitales, mientras que los dem\u00e1s ocupantes del veh\u00edculo estaban conscientes<\/b>. \u201cLos asistimos y pudimos tapar al fallecido. Hab\u00eda uno que lamentablemente no estaba consciente\u2026 los dem\u00e1s estaban conscientes y hablamos con ellos hasta que llegaron los bomberos\u201d, explic\u00f3 D\u00edaz en di\u00e1logo con la radio local LU12.<\/p>\n<p><\/p>\n<p class=\"paragraph\">Las condiciones clim\u00e1ticas eran \u00f3ptimas al momento del accidente: \u201cLa ruta estaba en buen estado, se ve\u00eda bien, no hab\u00eda viento esa hora\u201d, agregaron los testimonios de testigos citados por el sitio <i>La Arena<\/i>. Los investigadores presumen que el <b>conductor perdi\u00f3 el control al ingresar a una bajada pronunciada, circunstancia habitual en ese tramo donde la ruta combina pendiente y velocidad<\/b>.<\/p>\n<p><\/p>\n<p class=\"paragraph\">Los sobrevivientes del siniestro fueron trasladados al <b>Hospital Zonal de Caleta Olivia<\/b>. Seg\u00fan datos preliminares, Rubiano sufri\u00f3 una fractura en una pierna y politraumatismos, mientras que Pereyra y Mu\u00f1oz presentaron diferentes lesiones, pero permanecieron l\u00facidos. Los tres contin\u00faan bajo observaci\u00f3n m\u00e9dica. <b>Uno de los ocupantes, seg\u00fan el relato de los testigos, habr\u00eda salido despedido del habit\u00e1culo<\/b>, lo que confirma la gravedad del siniestro.<\/p>\n<p><\/p>\n<p class=\"paragraph\">Leguizam\u00f3n, de 24 a\u00f1os, se destac\u00f3 como parte de una nueva generaci\u00f3n de \u00e1rbitros pampeanos. Hab\u00eda iniciado su carrera futbol\u00edstica en <b>Deportivo Penales<\/b> y posteriormente se form\u00f3 como \u00e1rbitro en la <b>Asociaci\u00f3n de \u00c1rbitros Provinciales (ACAP)<\/b>. Desde 2022 pertenec\u00eda a la <b>Asociaci\u00f3n Pampeana de \u00c1rbitros de F\u00fatbol (APAF)<\/b> y, en 2024, firm\u00f3 su primer contrato provisional con la <b>Asociaci\u00f3n del F\u00fatbol Argentino (AFA)<\/b>. Su desempe\u00f1o lo llev\u00f3 a dirigir en competencias como la <b>Liga Cultural<\/b>, el Torneo Provincial y el Torneo Regional Federal Amateur. Alternaba su pasi\u00f3n por el arbitraje con empleos fuera del deporte.<\/p>\n","protected":false},"excerpt":{"rendered":"<p>Emanuel Leguizam\u00f3n, de 24 a\u00f1os, perdi\u00f3 su vida despu\u00e9s que el auto que viajaba con el resto de la terna volc\u00f3 en Santa Cruz. Ven\u00edan de participar de la semifinal del Torneo Regional Federal Una noticia gener\u00f3 impacto en el f\u00fatbol argentino. Este lunes, Emanuel Leguizam\u00f3n muri\u00f3 en un accidente en la Ruta Nacional 3, [&hellip;]<\/p>\n","protected":false},"author":2,"featured_media":76781,"comment_status":"","ping_status":"","sticky":false,"template":"","format":"standard","meta":{"footnotes":""},"categories":[12],"tags":[],"_links":{"self":[{"href":"https:\/\/maxradio923.com.ar\/index.php\/wp-json\/wp\/v2\/posts\/76780"}],"collection":[{"href":"https:\/\/maxradio923.com.ar\/index.php\/wp-json\/wp\/v2\/posts"}],"about":[{"href":"https:\/\/maxradio923.com.ar\/index.php\/wp-json\/wp\/v2\/types\/post"}],"author":[{"embeddable":true,"href":"https:\/\/maxradio923.com.ar\/index.php\/wp-json\/wp\/v2\/users\/2"}],"replies":[{"embeddable":true,"href":"https:\/\/maxradio923.com.ar\/index.php\/wp-json\/wp\/v2\/comments?post=76780"}],"version-history":[{"count":0,"href":"https:\/\/maxradio923.com.ar\/index.php\/wp-json\/wp\/v2\/posts\/76780\/revisions"}],"wp:featuredmedia":[{"embeddable":true,"href":"https:\/\/maxradio923.com.ar\/index.php\/wp-json\/wp\/v2\/media\/76781"}],"wp:attachment":[{"href":"https:\/\/maxradio923.com.ar\/index.php\/wp-json\/wp\/v2\/media?parent=76780"}],"wp:term":[{"taxonomy":"category","embeddable":true,"href":"https:\/\/maxradio923.com.ar\/index.php\/wp-json\/wp\/v2\/categories?post=76780"},{"taxonomy":"post_tag","embeddable":true,"href":"https:\/\/maxradio923.com.ar\/index.php\/wp-json\/wp\/v2\/tags?post=76780"}],"curies":[{"name":"wp","href":"https:\/\/api.w.org\/{rel}","templated":true}]}}