{"id":76778,"date":"2026-02-03T08:47:05","date_gmt":"2026-02-03T11:47:05","guid":{"rendered":"https:\/\/maxradio923.com.ar\/index.php\/2026\/02\/03\/el-hallazgo-inesperado-sobre-la-mente-de-los-bebes-a-los-dos-meses-ya-agrupan-el-mundo-en-su-mente\/"},"modified":"2026-02-03T08:47:05","modified_gmt":"2026-02-03T11:47:05","slug":"el-hallazgo-inesperado-sobre-la-mente-de-los-bebes-a-los-dos-meses-ya-agrupan-el-mundo-en-su-mente","status":"publish","type":"post","link":"https:\/\/maxradio923.com.ar\/index.php\/2026\/02\/03\/el-hallazgo-inesperado-sobre-la-mente-de-los-bebes-a-los-dos-meses-ya-agrupan-el-mundo-en-su-mente\/","title":{"rendered":"El hallazgo inesperado sobre la mente de los beb\u00e9s: a los dos meses ya agrupan el mundo en su mente"},"content":{"rendered":"<p><\/p>\n<h2 class=\"article-subheadline text_align_left\">Cient\u00edficos de Irlanda y otros pa\u00edses descubrieron que las bases de la cognici\u00f3n visual surgen mucho antes de lo imaginado. Por qu\u00e9 el hallazgo abre posibilidades para una mejor detecci\u00f3n de problemas en el desarrollo infantil<\/h2>\n<p><\/p>\n<p class=\"paragraph\">Los <b>beb\u00e9s <\/b><b>de solo dos meses ya pueden empezar a organizar el mundo que los rodea en su cabeza<\/b>, seg\u00fan revel\u00f3 un estudio liderado por cient\u00edficos de <b>Irlanda<\/b>. <\/p>\n<p><\/p>\n<p class=\"paragraph\">Incluso antes de decir su primera palabra, <b>ya pueden distinguir entre un pato de goma y un \u00e1rbol.<\/b><\/p>\n<p><\/p>\n<p class=\"paragraph\">El estudio fue publicado en la revista <i><b>Nature Neuroscience<\/b><\/i>. Fue dirigido por investigadores de la Escuela de Psicolog\u00eda y el Instituto de Neurociencias de <b>Trinity College de Dubl\u00edn, en Irlanda<\/b>, con la colaboraci\u00f3n de cient\u00edficos de<b> Canad\u00e1, Estados Unidos, Reino Unido y Espa\u00f1a.<\/b><\/p>\n<p><\/p>\n<p class=\"paragraph\">Siempre fue dif\u00edcil saber c\u00f3mo y cu\u00e1ndo los beb\u00e9s entienden su entorno. El gran problema es que todav\u00eda no pueden decir qu\u00e9 ven ni qu\u00e9 sienten.<\/p>\n<p><\/p>\n<p class=\"paragraph\">Los expertos quisieron averiguar si el cerebro de los beb\u00e9s ya <b>separa el mundo en categor\u00edas<\/b>, como hacen los adultos, o si eso aparece despu\u00e9s. <\/p>\n<p><\/p>\n<p class=\"paragraph\">Tambi\u00e9n se preguntaron si los beb\u00e9s nacen con esa capacidad o si la van aprendiendo con la experiencia visual.<\/p>\n","protected":false},"excerpt":{"rendered":"<p>Cient\u00edficos de Irlanda y otros pa\u00edses descubrieron que las bases de la cognici\u00f3n visual surgen mucho antes de lo imaginado. Por qu\u00e9 el hallazgo abre posibilidades para una mejor detecci\u00f3n de problemas en el desarrollo infantil Los beb\u00e9s de solo dos meses ya pueden empezar a organizar el mundo que los rodea en su cabeza, [&hellip;]<\/p>\n","protected":false},"author":2,"featured_media":76779,"comment_status":"","ping_status":"","sticky":false,"template":"","format":"standard","meta":{"footnotes":""},"categories":[12],"tags":[],"_links":{"self":[{"href":"https:\/\/maxradio923.com.ar\/index.php\/wp-json\/wp\/v2\/posts\/76778"}],"collection":[{"href":"https:\/\/maxradio923.com.ar\/index.php\/wp-json\/wp\/v2\/posts"}],"about":[{"href":"https:\/\/maxradio923.com.ar\/index.php\/wp-json\/wp\/v2\/types\/post"}],"author":[{"embeddable":true,"href":"https:\/\/maxradio923.com.ar\/index.php\/wp-json\/wp\/v2\/users\/2"}],"replies":[{"embeddable":true,"href":"https:\/\/maxradio923.com.ar\/index.php\/wp-json\/wp\/v2\/comments?post=76778"}],"version-history":[{"count":0,"href":"https:\/\/maxradio923.com.ar\/index.php\/wp-json\/wp\/v2\/posts\/76778\/revisions"}],"wp:featuredmedia":[{"embeddable":true,"href":"https:\/\/maxradio923.com.ar\/index.php\/wp-json\/wp\/v2\/media\/76779"}],"wp:attachment":[{"href":"https:\/\/maxradio923.com.ar\/index.php\/wp-json\/wp\/v2\/media?parent=76778"}],"wp:term":[{"taxonomy":"category","embeddable":true,"href":"https:\/\/maxradio923.com.ar\/index.php\/wp-json\/wp\/v2\/categories?post=76778"},{"taxonomy":"post_tag","embeddable":true,"href":"https:\/\/maxradio923.com.ar\/index.php\/wp-json\/wp\/v2\/tags?post=76778"}],"curies":[{"name":"wp","href":"https:\/\/api.w.org\/{rel}","templated":true}]}}