{"id":76774,"date":"2026-02-03T08:31:05","date_gmt":"2026-02-03T11:31:05","guid":{"rendered":"https:\/\/maxradio923.com.ar\/index.php\/2026\/02\/03\/por-que-la-memoria-empeora-con-la-edad-segun-cientificos-de-harvard\/"},"modified":"2026-02-03T08:31:05","modified_gmt":"2026-02-03T11:31:05","slug":"por-que-la-memoria-empeora-con-la-edad-segun-cientificos-de-harvard","status":"publish","type":"post","link":"https:\/\/maxradio923.com.ar\/index.php\/2026\/02\/03\/por-que-la-memoria-empeora-con-la-edad-segun-cientificos-de-harvard\/","title":{"rendered":"Por qu\u00e9 la memoria empeora con la edad, seg\u00fan cient\u00edficos de Harvard"},"content":{"rendered":"<p><\/p>\n<h2 class=\"article-subheadline text_align_left\">Un mega-an\u00e1lisis internacional revel\u00f3 que el deterioro depende solo del hipocampo. Se estudiaron datos de m\u00e1s de 10.000 resonancias magn\u00e9ticas<\/h2>\n<p><\/p>\n<p class=\"paragraph\">Un hombre olvida el nombre de su nieto por primera vez. Una mujer busca las llaves que acaba de dejar en la mesa. Estas escenas, tan cotidianas, esconden una transformaci\u00f3n profunda: <b>la <\/b><b>memoria <\/b><b>humana pierde solidez con el paso de los a\u00f1os debido a una vulnerabilidad estructural en el <\/b><b>cerebro <\/b><b>que involucra muchas m\u00e1s regiones de lo que se pensaba<\/b>. <\/p>\n<p><\/p>\n<p class=\"paragraph\">Durante a\u00f1os, la ciencia asoci\u00f3 la p\u00e9rdida de memoria principalmente a la atrofia del <b>hipocampo<\/b>, una estructura clave en la consolidaci\u00f3n de recuerdos. El nuevo estudio confirm\u00f3 que el hipocampo es especialmente sensible al paso del tiempo, pero va mucho m\u00e1s all\u00e1: <b>la memoria depende de una red distribuida que incluye regiones corticales y subcorticales<\/b>. <\/p>\n<p><\/p>\n<p class=\"paragraph\"><b>\u201cEl v\u00ednculo entre el envejecimiento del cerebro y la p\u00e9rdida de memoria no es lineal ni simple<\/b>, sino que refleja una vulnerabilidad estructural global\u201d, indic\u00f3 el neur\u00f3logo <b>\u00c1lvaro Pascual-Leone<\/b>, del <b>Hinda and Arthur Marcus Institute for Aging Research<\/b>.<\/p>\n<p><\/p>\n<p class=\"paragraph\">Los datos muestran que la relaci\u00f3n entre el tama\u00f1o del cerebro y el rendimiento en pruebas de memoria <b>no sigue un ritmo parejo<\/b>. Las personas que experimentan una p\u00e9rdida de tejido cerebral por encima del promedio sufren un declive acelerado en su capacidad para recordar. <b>Una vez que la reducci\u00f3n de volumen supera ciertos umbrales, el deterioro de la memoria se intensifica.<\/b><\/p>\n<p><\/p>\n<p class=\"paragraph\">No todos los cerebros envejecen igual. <b>\u201cLa p\u00e9rdida de memoria no es simplemente consecuencia del envejecimiento, sino manifestaci\u00f3n de vulnerabilidades biol\u00f3gicas acumuladas durante d\u00e9cadas\u201d<\/b>, explic\u00f3 <b>Pascual-Leone<\/b>. El an\u00e1lisis identific\u00f3 que factores como la <b>gen\u00e9tica<\/b>, el <b>estilo de vida<\/b> y la presencia de condiciones m\u00e9dicas previas influyen en la velocidad y severidad del deterioro.<\/p>\n<p><\/p>\n<p class=\"paragraph\">El estudio evalu\u00f3 el impacto del gen <b>APOE \u03b54<\/b>, relacionado con un mayor riesgo de <b>Alzheimer<\/b>. Si bien quienes portan este alelo muestran un mayor grado de atrofia cerebral y p\u00e9rdida de memoria, la relaci\u00f3n entre encogimiento cerebral y deterioro cognitivo sigue un patr\u00f3n com\u00fan tanto en portadores como en el resto de la poblaci\u00f3n. <\/p>\n","protected":false},"excerpt":{"rendered":"<p>Un mega-an\u00e1lisis internacional revel\u00f3 que el deterioro depende solo del hipocampo. Se estudiaron datos de m\u00e1s de 10.000 resonancias magn\u00e9ticas Un hombre olvida el nombre de su nieto por primera vez. Una mujer busca las llaves que acaba de dejar en la mesa. Estas escenas, tan cotidianas, esconden una transformaci\u00f3n profunda: la memoria humana pierde [&hellip;]<\/p>\n","protected":false},"author":2,"featured_media":76775,"comment_status":"","ping_status":"","sticky":false,"template":"","format":"standard","meta":{"footnotes":""},"categories":[12],"tags":[],"_links":{"self":[{"href":"https:\/\/maxradio923.com.ar\/index.php\/wp-json\/wp\/v2\/posts\/76774"}],"collection":[{"href":"https:\/\/maxradio923.com.ar\/index.php\/wp-json\/wp\/v2\/posts"}],"about":[{"href":"https:\/\/maxradio923.com.ar\/index.php\/wp-json\/wp\/v2\/types\/post"}],"author":[{"embeddable":true,"href":"https:\/\/maxradio923.com.ar\/index.php\/wp-json\/wp\/v2\/users\/2"}],"replies":[{"embeddable":true,"href":"https:\/\/maxradio923.com.ar\/index.php\/wp-json\/wp\/v2\/comments?post=76774"}],"version-history":[{"count":0,"href":"https:\/\/maxradio923.com.ar\/index.php\/wp-json\/wp\/v2\/posts\/76774\/revisions"}],"wp:featuredmedia":[{"embeddable":true,"href":"https:\/\/maxradio923.com.ar\/index.php\/wp-json\/wp\/v2\/media\/76775"}],"wp:attachment":[{"href":"https:\/\/maxradio923.com.ar\/index.php\/wp-json\/wp\/v2\/media?parent=76774"}],"wp:term":[{"taxonomy":"category","embeddable":true,"href":"https:\/\/maxradio923.com.ar\/index.php\/wp-json\/wp\/v2\/categories?post=76774"},{"taxonomy":"post_tag","embeddable":true,"href":"https:\/\/maxradio923.com.ar\/index.php\/wp-json\/wp\/v2\/tags?post=76774"}],"curies":[{"name":"wp","href":"https:\/\/api.w.org\/{rel}","templated":true}]}}