{"id":76772,"date":"2026-02-03T08:27:05","date_gmt":"2026-02-03T11:27:05","guid":{"rendered":"https:\/\/maxradio923.com.ar\/index.php\/2026\/02\/03\/jack-doohan-seguira-en-la-formula-1-tras-su-salida-de-alpine-fue-confirmado-como-piloto-reserva-de-otra-escuderia\/"},"modified":"2026-02-03T08:27:05","modified_gmt":"2026-02-03T11:27:05","slug":"jack-doohan-seguira-en-la-formula-1-tras-su-salida-de-alpine-fue-confirmado-como-piloto-reserva-de-otra-escuderia","status":"publish","type":"post","link":"https:\/\/maxradio923.com.ar\/index.php\/2026\/02\/03\/jack-doohan-seguira-en-la-formula-1-tras-su-salida-de-alpine-fue-confirmado-como-piloto-reserva-de-otra-escuderia\/","title":{"rendered":"Jack Doohan seguir\u00e1 en la F\u00f3rmula 1 tras su salida de Alpine: fue confirmado como piloto reserva de otra escuder\u00eda"},"content":{"rendered":"<p><\/p>\n<div xmlns:default=\"http:\/\/www.w3.org\/2000\/svg\">\n<div class=\"visual__image image-initial-width\"><picture><source srcset=\"https:\/\/www.infobae.com\/resizer\/v2\/MB2MKUEJJJCKPADTFOFMVMFLHQ?auth=657790a5be4c491f5d64b1174d5e473903f2559695b0c56a44a099b0fa71d722&amp;smart=true&amp;width=992&amp;height=558&amp;quality=85\" media=\"(min-width: 1000px)\"\/><source srcset=\"https:\/\/www.infobae.com\/resizer\/v2\/MB2MKUEJJJCKPADTFOFMVMFLHQ?auth=657790a5be4c491f5d64b1174d5e473903f2559695b0c56a44a099b0fa71d722&amp;smart=true&amp;width=768&amp;height=432&amp;quality=85\" media=\"(min-width: 768px)\"\/><source srcset=\"https:\/\/www.infobae.com\/resizer\/v2\/MB2MKUEJJJCKPADTFOFMVMFLHQ?auth=657790a5be4c491f5d64b1174d5e473903f2559695b0c56a44a099b0fa71d722&amp;smart=true&amp;width=577&amp;height=325&amp;quality=85\" media=\"(min-width: 580px)\"\/><source srcset=\"https:\/\/www.infobae.com\/resizer\/v2\/MB2MKUEJJJCKPADTFOFMVMFLHQ?auth=657790a5be4c491f5d64b1174d5e473903f2559695b0c56a44a099b0fa71d722&amp;smart=true&amp;width=420&amp;height=236&amp;quality=85\" media=\"(min-width: 350px)\"\/><source srcset=\"https:\/\/www.infobae.com\/resizer\/v2\/MB2MKUEJJJCKPADTFOFMVMFLHQ?auth=657790a5be4c491f5d64b1174d5e473903f2559695b0c56a44a099b0fa71d722&amp;smart=true&amp;width=350&amp;height=197&amp;quality=85\" media=\"(min-width: 80px)\"\/><img alt=\"Sin lugar en Alpine, Jack\" class=\"global-image\" decoding=\"async\" fetchpriority=\"high\" height=\"2404\" loading=\"eager\" src=\"https:\/\/www.infobae.com\/resizer\/v2\/MB2MKUEJJJCKPADTFOFMVMFLHQ?auth=657790a5be4c491f5d64b1174d5e473903f2559695b0c56a44a099b0fa71d722&amp;smart=true&amp;width=350&amp;height=197&amp;quality=85\" width=\"4274\"\/><\/picture><figcaption class=\"article-figcaption-img\">Sin lugar en Alpine, Jack Doohan optar\u00eda por marcharse a otro equipo (REUTERS\/Jakub Porzycki\/File Photo)<\/figcaption><\/div>\n<p class=\"paragraph\">Despu\u00e9s de desvincularse de <b>Alpine<\/b> tras ser reemplazado por <b>Franco Colapinto<\/b> a partir del s\u00e9ptimo Gran Premio del a\u00f1o pasado, finalmente <b>Jack Doohan seguir\u00e1 en la F\u00f3rmula 1 como piloto de reserva del Haas F1 Team<\/b> para la temporada 2026. El piloto australiano asumir\u00e1 el puesto en un momento de transici\u00f3n para la escuder\u00eda estadounidense, que ahora cuenta con el respaldo principal de Toyota, y de inmediato se integra al equipo para afrontar el exigente calendario de la m\u00e1xima categor\u00eda automovil\u00edstica.<\/p>\n<p class=\"paragraph\">En el comunicado oficial que brind\u00f3 el equipo, Doohan manifest\u00f3 su satisfacci\u00f3n por su incorporaci\u00f3n al equipo y dej\u00f3 en claro sus expectativas: <b>\u201cEstoy encantado de unirme a TGR Haas F1 Team\u201d<\/b>, expres\u00f3 el piloto australiano. \u201cEs el lugar ideal para continuar mi carrera en la F\u00f3rmula 1. Quiero agradecer al equipo por darme la oportunidad de crecer y afrontar juntos el gran desaf\u00edo de 2026. Tengo muchas ganas de empezar a trabajar con el equipo y colaborar en una temporada exitosa\u201d, agreg\u00f3 en declaraciones a las que accedi\u00f3 el medio <i>Motorsport<\/i>.<\/p>\n<p class=\"paragraph\"><b>Ayao Komatsu<\/b>, director del equipo TGR Haas F1 Team, valor\u00f3 positivamente la experiencia previa de Doohan como piloto de reserva en la F\u00f3rmula 1: \u201cLa dedicaci\u00f3n que se requiere para mantenerse afilado y preparado para correr, al mismo tiempo que se aprende c\u00f3mo funciona el equipo y dem\u00e1s, es un desaf\u00edo para cualquier piloto, especialmente para alguien que claramente sigue con muchas ganas de volver a competir a este nivel\u201d, analiz\u00f3. <\/p>\n<p class=\"paragraph\">Adem\u00e1s, Komatsu afirm\u00f3 que la escuder\u00eda espera beneficiarse de los aportes de Doohan tras sus a\u00f1os como reserva y luego como titular en Alpine y le dio la bienvenida plena al equipo que tiene como referentes al franc\u00e9s <b>Esteban Ocon<\/b> y al brit\u00e1nico <b>Oliver Bearman<\/b>.<\/p>\n<p class=\"paragraph\"><b>El futuro inmediato de Doohan a\u00fan presenta inc\u00f3gnitas<\/b>. Haas no precis\u00f3 si el piloto australiano participar\u00e1 en sesiones oficiales de pruebas en la temporada 2026, como s\u00ed ocurri\u00f3 con <b>Ryo Hirakawa<\/b>, tambi\u00e9n piloto de reserva, quien realiz\u00f3 varias sesiones de entrenamientos libres uno (FP1) durante el a\u00f1o anterior.<\/p>\n<p><soccer-worldcup2026-cta-predict\/><link rel=\"stylesheet\" crossorigin=\"true\" href=\"https:\/\/storage.googleapis.com\/arc-buckets\/web-components\/soccer\/ctas\/predict.css\"\/>\n<div class=\"visual__image\"><picture><source srcset=\"https:\/\/www.infobae.com\/resizer\/v2\/BBRG5XEXBNFIHDKTBIHWX2IXS4.jpg?auth=f920ad2db010ff5f5d7734017c3a00b654b4e0bda94a42fe9a41a6ac7950e95d&amp;smart=true&amp;width=992&amp;height=1323&amp;quality=85\" media=\"(min-width: 1000px)\"\/><source srcset=\"https:\/\/www.infobae.com\/resizer\/v2\/BBRG5XEXBNFIHDKTBIHWX2IXS4.jpg?auth=f920ad2db010ff5f5d7734017c3a00b654b4e0bda94a42fe9a41a6ac7950e95d&amp;smart=true&amp;width=768&amp;height=1024&amp;quality=85\" media=\"(min-width: 768px)\"\/><source srcset=\"https:\/\/www.infobae.com\/resizer\/v2\/BBRG5XEXBNFIHDKTBIHWX2IXS4.jpg?auth=f920ad2db010ff5f5d7734017c3a00b654b4e0bda94a42fe9a41a6ac7950e95d&amp;smart=true&amp;width=577&amp;height=769&amp;quality=85\" media=\"(min-width: 580px)\"\/><source srcset=\"https:\/\/www.infobae.com\/resizer\/v2\/BBRG5XEXBNFIHDKTBIHWX2IXS4.jpg?auth=f920ad2db010ff5f5d7734017c3a00b654b4e0bda94a42fe9a41a6ac7950e95d&amp;smart=true&amp;width=420&amp;height=560&amp;quality=85\" media=\"(min-width: 350px)\"\/><source srcset=\"https:\/\/www.infobae.com\/resizer\/v2\/BBRG5XEXBNFIHDKTBIHWX2IXS4.jpg?auth=f920ad2db010ff5f5d7734017c3a00b654b4e0bda94a42fe9a41a6ac7950e95d&amp;smart=true&amp;width=350&amp;height=467&amp;quality=85\" media=\"(min-width: 80px)\"\/><img alt=\"Jack Doohan ser\u00e1 piloto reserva\" class=\"global-image\" decoding=\"async\" fetchpriority=\"low\" height=\"2560\" loading=\"lazy\" src=\"https:\/\/www.infobae.com\/resizer\/v2\/BBRG5XEXBNFIHDKTBIHWX2IXS4.jpg?auth=f920ad2db010ff5f5d7734017c3a00b654b4e0bda94a42fe9a41a6ac7950e95d&amp;smart=true&amp;width=350&amp;height=467&amp;quality=85\" width=\"1920\"\/><\/picture><figcaption class=\"article-figcaption-img\">Jack Doohan ser\u00e1 piloto reserva de Haas en la F1 durante 2026 (@HaasF1Team)<\/figcaption><\/div>\n<p class=\"paragraph\"><b>El fichaje de Doohan se produce despu\u00e9s de una etapa de incertidumbre tras su salida de Alpine<\/b>. Durante 2023 y 2024, el australiano actu\u00f3 como piloto de reserva para la escuder\u00eda francesa y finalmente debut\u00f3 como titular en la F\u00f3rmula 1 en el Gran Premio de Abu Dhabi de 2024. Pese a iniciar la temporada siguiente como piloto titular, Doohan fue reemplazado por Franco Colapinto despu\u00e9s de seis Grandes Premios, manteni\u00e9ndose como reserva el resto del campeonato 2025.<\/p>\n<p class=\"paragraph\">Tras su desvinculaci\u00f3n formal de Alpine en enero, surgieron especulaciones sobre un posible acercamiento a equipos de la \u00f3rbita de Toyota, especialmente luego de que Doohan <b>particip\u00f3 en pruebas de la Super F\u00f3rmula con el equipo Kondo Racing<\/b>, asociado al fabricante japon\u00e9s. No obstante, sus tres accidentes en las pruebas de diciembre en Suzuka impidieron un acuerdo con el equipo japon\u00e9s.<\/p>\n<p class=\"paragraph\">Hay que recordar que el rendimiento del australiano de 23 a\u00f1os, hijo de la leyenda del motociclismo Mick, qued\u00f3 bajo la lupa luego de los tres impactos consecutivos en el mismo sector -la curva Degner 2-, pero el director de f\u00e1brica y responsable m\u00e1ximo del equipo, <b>Nobuaki Adachi<\/b>, minimiz\u00f3 la gravedad de los episodios y puso el foco en las condiciones de pista. \u201cTanto Luke Browning como Jack rindieron muy bien.<b>Simplemente ocurri\u00f3 que Jack tuvo una serie de accidentes, pero es un piloto con mucho potencial. <\/b>Suzuka en esta \u00e9poca del a\u00f1o es muy dif\u00edcil, y creo que ser\u00e1 capaz de hacer los ajustes necesarios para asegurarse de que no vuelva a suceder la pr\u00f3xima vez\u201d, sostuvo.<\/p>\n<p class=\"paragraph\">A pesar de ese mal paso en las pruebas para sumarse a otra categor\u00eda de autos de f\u00f3rmula, <b>la relaci\u00f3n de Toyota como patrocinador principal de Haas abri\u00f3 una nueva oportunidad para Doohan<\/b>, quien finalmente sell\u00f3 su llegada a la escuder\u00eda estadounidense para acompa\u00f1ar a Hirakawa en el rol de piloto de reserva, aunque todav\u00eda sin definici\u00f3n sobre su rol de cara a la nueva era que comenzar\u00e1 en la F1 con el cambio de reglamento t\u00e9cnico.<\/p>\n<div class=\"visual__image\"><picture><source srcset=\"https:\/\/www.infobae.com\/resizer\/v2\/WBRUCRRFVBDRTKOGKIQXNNHAAM?auth=f4b4cfb40cdf441ac715b8eb429841d520d476765f36f73fe0d80c9f1ab3031c&amp;smart=true&amp;width=992&amp;height=558&amp;quality=85\" media=\"(min-width: 1000px)\"\/><source srcset=\"https:\/\/www.infobae.com\/resizer\/v2\/WBRUCRRFVBDRTKOGKIQXNNHAAM?auth=f4b4cfb40cdf441ac715b8eb429841d520d476765f36f73fe0d80c9f1ab3031c&amp;smart=true&amp;width=768&amp;height=432&amp;quality=85\" media=\"(min-width: 768px)\"\/><source srcset=\"https:\/\/www.infobae.com\/resizer\/v2\/WBRUCRRFVBDRTKOGKIQXNNHAAM?auth=f4b4cfb40cdf441ac715b8eb429841d520d476765f36f73fe0d80c9f1ab3031c&amp;smart=true&amp;width=577&amp;height=325&amp;quality=85\" media=\"(min-width: 580px)\"\/><source srcset=\"https:\/\/www.infobae.com\/resizer\/v2\/WBRUCRRFVBDRTKOGKIQXNNHAAM?auth=f4b4cfb40cdf441ac715b8eb429841d520d476765f36f73fe0d80c9f1ab3031c&amp;smart=true&amp;width=420&amp;height=236&amp;quality=85\" media=\"(min-width: 350px)\"\/><source srcset=\"https:\/\/www.infobae.com\/resizer\/v2\/WBRUCRRFVBDRTKOGKIQXNNHAAM?auth=f4b4cfb40cdf441ac715b8eb429841d520d476765f36f73fe0d80c9f1ab3031c&amp;smart=true&amp;width=350&amp;height=197&amp;quality=85\" media=\"(min-width: 80px)\"\/><img alt=\"Doohan corri\u00f3 seis carreras en\" class=\"global-image\" decoding=\"async\" fetchpriority=\"low\" height=\"2315\" loading=\"lazy\" src=\"https:\/\/www.infobae.com\/resizer\/v2\/WBRUCRRFVBDRTKOGKIQXNNHAAM?auth=f4b4cfb40cdf441ac715b8eb429841d520d476765f36f73fe0d80c9f1ab3031c&amp;smart=true&amp;width=350&amp;height=197&amp;quality=85\" width=\"4115\"\/><\/picture><figcaption class=\"article-figcaption-img\">Doohan corri\u00f3 seis carreras en Alpine como titular sin buenos resultados (REUTERS\/Tyrone Siu)<\/figcaption><\/div>\n<\/div>\n<p><script defer=\"\">try{!function(f,b,e,v,n,t,s) {if(f.fbq)return;n=f.fbq=function(){n.callMethod? n.callMethod.apply(n,arguments):n.queue.push(arguments)}; if(!f._fbq)f._fbq=n;n.push=n;n.loaded=!0;n.version='2.0'; n.queue=[];t=b.createElement(e);t.async=!0; t.src=v;s=b.getElementsByTagName(e)[0]; s.parentNode.insertBefore(t,s)}(window, document,'script', ' fbq('init', '336383993555320'); fbq('track', 'PageView'); fbq('track', 'ViewContent');}catch(error){console.log(\"Error al inicializar facebookPixelRawCodeScript:\",error);}<\/script><\/p>\n","protected":false},"excerpt":{"rendered":"<p>Sin lugar en Alpine, Jack Doohan optar\u00eda por marcharse a otro equipo (REUTERS\/Jakub Porzycki\/File Photo) Despu\u00e9s de desvincularse de Alpine tras ser reemplazado por Franco Colapinto a partir del s\u00e9ptimo Gran Premio del a\u00f1o pasado, finalmente Jack Doohan seguir\u00e1 en la F\u00f3rmula 1 como piloto de reserva del Haas F1 Team para la temporada 2026. [&hellip;]<\/p>\n","protected":false},"author":2,"featured_media":76773,"comment_status":"","ping_status":"","sticky":false,"template":"","format":"standard","meta":{"footnotes":""},"categories":[2],"tags":[],"_links":{"self":[{"href":"https:\/\/maxradio923.com.ar\/index.php\/wp-json\/wp\/v2\/posts\/76772"}],"collection":[{"href":"https:\/\/maxradio923.com.ar\/index.php\/wp-json\/wp\/v2\/posts"}],"about":[{"href":"https:\/\/maxradio923.com.ar\/index.php\/wp-json\/wp\/v2\/types\/post"}],"author":[{"embeddable":true,"href":"https:\/\/maxradio923.com.ar\/index.php\/wp-json\/wp\/v2\/users\/2"}],"replies":[{"embeddable":true,"href":"https:\/\/maxradio923.com.ar\/index.php\/wp-json\/wp\/v2\/comments?post=76772"}],"version-history":[{"count":0,"href":"https:\/\/maxradio923.com.ar\/index.php\/wp-json\/wp\/v2\/posts\/76772\/revisions"}],"wp:featuredmedia":[{"embeddable":true,"href":"https:\/\/maxradio923.com.ar\/index.php\/wp-json\/wp\/v2\/media\/76773"}],"wp:attachment":[{"href":"https:\/\/maxradio923.com.ar\/index.php\/wp-json\/wp\/v2\/media?parent=76772"}],"wp:term":[{"taxonomy":"category","embeddable":true,"href":"https:\/\/maxradio923.com.ar\/index.php\/wp-json\/wp\/v2\/categories?post=76772"},{"taxonomy":"post_tag","embeddable":true,"href":"https:\/\/maxradio923.com.ar\/index.php\/wp-json\/wp\/v2\/tags?post=76772"}],"curies":[{"name":"wp","href":"https:\/\/api.w.org\/{rel}","templated":true}]}}