{"id":76768,"date":"2026-02-03T08:04:02","date_gmt":"2026-02-03T11:04:02","guid":{"rendered":"https:\/\/maxradio923.com.ar\/index.php\/2026\/02\/03\/se-abren-las-inscripciones-para-el-curso-provincial-de-guardavidas-2026\/"},"modified":"2026-02-03T08:04:02","modified_gmt":"2026-02-03T11:04:02","slug":"se-abren-las-inscripciones-para-el-curso-provincial-de-guardavidas-2026","status":"publish","type":"post","link":"https:\/\/maxradio923.com.ar\/index.php\/2026\/02\/03\/se-abren-las-inscripciones-para-el-curso-provincial-de-guardavidas-2026\/","title":{"rendered":"Se abren las inscripciones para el Curso Provincial de Guardavidas 2026"},"content":{"rendered":"<p><\/p>\n<div>\n<p>La Direcci\u00f3n de N\u00e1utica y Deportes al aire libre, de la Secretar\u00eda de Deporte, a trav\u00e9s del Departamento N\u00e1utico y Deporte Motor, informa a todos los preinscriptos, que <strong>desde el 9 al 27 de febrero, se realizan las inscripciones para el Curso Provincial de Guardavidas Profesional N\u00e1utico 2026.<\/strong><\/p>\n<p>El a\u00f1o pasado, durante el mes de diciembre, se preinscribieron las personas interesadas, que ahora tendr\u00e1n la oportunidad de inscribirse en las Oficinas N\u00e1uticas, ubicadas en el Anexo de la Secretar\u00eda de Deporte, en la intersecci\u00f3n de calles San Luis y Aberastain. Quienes realizaron el paso anterior, deben acercarse de lunes a viernes entre las 8:00 hasta las 13:00, por el lugar mencionado. Hay un cupo limitado de ingreso de estudiantes al curso.<\/p>\n<p>Para terminar el tr\u00e1mite deben llenar un formulario y declaraci\u00f3n jurada, en las oficinas mencionadas, con los datos del aspirante a guardavidas, y presentar los requisitos pertinentes.<\/p>\n<p>* Certificado Apto M\u00e9dico (para realizar actividad f\u00edsica)<br \/>* Fotocopia DNI<br \/>* Secundario Completo (certificado anal\u00edtico)<br \/>* Carpeta colgante (para legajo)<br \/>* Ficha Personal y Declaraciones Juradas (completar al momento de inscripci\u00f3n)<br \/>* Comprobante de pago Inscripci\u00f3n en Oficinas N\u00e1uticas<\/p>\n<p>Para mayor comunicaci\u00f3n y\/o consultas, comunicarse con Pablo Quiroga Cisella, director del curso, al correo electr\u00f3nico <span id=\"cloak921497d734338b9d6b77e4210efea3d6\">Esta direcci\u00f3n de correo electr\u00f3nico est\u00e1 siendo protegida contra los robots de spam. Necesita tener JavaScript habilitado para poder verlo.<\/span>.<\/p>\n<p>El Curso Provincial de Guardavidas 2026 es dictado por la Secretar\u00eda de Deporte, a trav\u00e9s de la Direcci\u00f3n de N\u00e1utica y deportes al aire libre. Los aspirantes rinden el s\u00e1bado 14 de marzo en horario matutino, teniendo el dique Punta Negra como escenario.<\/p>\n<\/p><\/div>\n<p><script async defer crossorigin=\"anonymous\" src=\"https:\/\/connect.facebook.net\/es_ES\/sdk.js#xfbml=1&#038;version=v3.3\"><\/script><\/p>\n","protected":false},"excerpt":{"rendered":"<p>La Direcci\u00f3n de N\u00e1utica y Deportes al aire libre, de la Secretar\u00eda de Deporte, a trav\u00e9s del Departamento N\u00e1utico y Deporte Motor, informa a todos los preinscriptos, que desde el 9 al 27 de febrero, se realizan las inscripciones para el Curso Provincial de Guardavidas Profesional N\u00e1utico 2026. El a\u00f1o pasado, durante el mes de [&hellip;]<\/p>\n","protected":false},"author":2,"featured_media":76769,"comment_status":"","ping_status":"","sticky":false,"template":"","format":"standard","meta":{"footnotes":""},"categories":[8],"tags":[],"_links":{"self":[{"href":"https:\/\/maxradio923.com.ar\/index.php\/wp-json\/wp\/v2\/posts\/76768"}],"collection":[{"href":"https:\/\/maxradio923.com.ar\/index.php\/wp-json\/wp\/v2\/posts"}],"about":[{"href":"https:\/\/maxradio923.com.ar\/index.php\/wp-json\/wp\/v2\/types\/post"}],"author":[{"embeddable":true,"href":"https:\/\/maxradio923.com.ar\/index.php\/wp-json\/wp\/v2\/users\/2"}],"replies":[{"embeddable":true,"href":"https:\/\/maxradio923.com.ar\/index.php\/wp-json\/wp\/v2\/comments?post=76768"}],"version-history":[{"count":0,"href":"https:\/\/maxradio923.com.ar\/index.php\/wp-json\/wp\/v2\/posts\/76768\/revisions"}],"wp:featuredmedia":[{"embeddable":true,"href":"https:\/\/maxradio923.com.ar\/index.php\/wp-json\/wp\/v2\/media\/76769"}],"wp:attachment":[{"href":"https:\/\/maxradio923.com.ar\/index.php\/wp-json\/wp\/v2\/media?parent=76768"}],"wp:term":[{"taxonomy":"category","embeddable":true,"href":"https:\/\/maxradio923.com.ar\/index.php\/wp-json\/wp\/v2\/categories?post=76768"},{"taxonomy":"post_tag","embeddable":true,"href":"https:\/\/maxradio923.com.ar\/index.php\/wp-json\/wp\/v2\/tags?post=76768"}],"curies":[{"name":"wp","href":"https:\/\/api.w.org\/{rel}","templated":true}]}}