{"id":76764,"date":"2026-02-03T07:57:04","date_gmt":"2026-02-03T10:57:04","guid":{"rendered":"https:\/\/maxradio923.com.ar\/index.php\/2026\/02\/03\/causa-cuadernos-se-reanudan-las-audiencias-y-la-defensa-de-cristina-kirchner-reclamara-por-la-nulidad-del-juicio\/"},"modified":"2026-02-03T07:57:04","modified_gmt":"2026-02-03T10:57:04","slug":"causa-cuadernos-se-reanudan-las-audiencias-y-la-defensa-de-cristina-kirchner-reclamara-por-la-nulidad-del-juicio","status":"publish","type":"post","link":"https:\/\/maxradio923.com.ar\/index.php\/2026\/02\/03\/causa-cuadernos-se-reanudan-las-audiencias-y-la-defensa-de-cristina-kirchner-reclamara-por-la-nulidad-del-juicio\/","title":{"rendered":"Causa cuadernos: se reanudan las audiencias y la defensa de Cristina Kirchner reclamar\u00e1 por la nulidad del juicio"},"content":{"rendered":"<p><\/p>\n<h2 class=\"article-subheadline text_align_left\">El Tribunal Oral Federal 7 iniciar\u00e1 v\u00eda zoom las declaraciones a partir de las 9.30. El cronograma estar\u00e1 centrado en las cuestiones preliminares para formular objeciones y se\u00f1alamientos que buscan minar las bases del proceso judicial<\/h2>\n<p><\/p>\n<p class=\"paragraph\">Este martes desde las 9.30 el <b>Tribunal Oral Federal 7<\/b> (TOF 7) reanudar\u00e1 el proceso judicial por la <b>causa \u201cCuadernos\u201d<\/b>, uno de los casos de corrupci\u00f3n m\u00e1s complejo de la historia pol\u00edtica reciente. <\/p>\n<p><\/p>\n<p class=\"paragraph\">La reanudaci\u00f3n marcar\u00e1 el inicio de la etapa de <b>\u201ccuestiones preliminares\u201d<\/b>. Ser\u00e1 una instancia t\u00e9cnica -para depurar el proceso, asegurar pruebas y definir el marco del litigio- pero de alto voltaje pol\u00edtico en donde el tribunal fij\u00f3 un <b>l\u00edmite de 45 minutos por exposici\u00f3n<\/b>.<\/p>\n<p><\/p>\n<p class=\"paragraph\">El debate oral, retomado tras la feria judicial de enero, arrancar\u00e1 con las presentaciones de los abogados de los imputados. <b>Carlos Beraldi<\/b>, defensor de Cristina Kirchner, abrir\u00e1 la instancia conocida como \u201ccuestiones preliminares\u201d, disponiendo de <b>90 minutos<\/b> para formular objeciones y se\u00f1alamientos que buscan minar las bases del proceso. <\/p>\n<p><\/p>\n<p class=\"paragraph\">Este tramo del juicio est\u00e1 concebido para tratar temas novedosos surgidos entre la instrucci\u00f3n y el inicio del debate, aunque suele convertirse en un <b>espacio donde las estrategias defensivas intentan frenar o deslegitimar la acusaci\u00f3n<\/b>.<\/p>\n<p><\/p>\n<p class=\"paragraph\">Con <b>28 defensas<\/b> listas para plantear nulidades, se estima que los relatos demanden todo este mes, teniendo en cuenta adem\u00e1s el feriado largo de carnaval. En tanto, la respuesta de la Fiscal\u00eda ocupar\u00e1 una audiencia exclusiva en <b>marzo<\/b>. El debate, que formalmente comenz\u00f3 el pasado 6 de noviembre, entrar\u00e1 as\u00ed en su fase m\u00e1s litigiosa antes de dar paso a las declaraciones indagatorias.<\/p>\n<p><\/p>\n<p class=\"paragraph\">Esta causa ha sido testigo del desgaste propio del paso del tiempo. Si bien la investigaci\u00f3n <b>lleg\u00f3 a acumular un total de 126 imputados<\/b> en sus diversas etapas, la lista se ha depurado significativamente de cara al debate oral.<\/p>\n","protected":false},"excerpt":{"rendered":"<p>El Tribunal Oral Federal 7 iniciar\u00e1 v\u00eda zoom las declaraciones a partir de las 9.30. El cronograma estar\u00e1 centrado en las cuestiones preliminares para formular objeciones y se\u00f1alamientos que buscan minar las bases del proceso judicial Este martes desde las 9.30 el Tribunal Oral Federal 7 (TOF 7) reanudar\u00e1 el proceso judicial por la causa [&hellip;]<\/p>\n","protected":false},"author":2,"featured_media":76765,"comment_status":"","ping_status":"","sticky":false,"template":"","format":"standard","meta":{"footnotes":""},"categories":[12],"tags":[],"_links":{"self":[{"href":"https:\/\/maxradio923.com.ar\/index.php\/wp-json\/wp\/v2\/posts\/76764"}],"collection":[{"href":"https:\/\/maxradio923.com.ar\/index.php\/wp-json\/wp\/v2\/posts"}],"about":[{"href":"https:\/\/maxradio923.com.ar\/index.php\/wp-json\/wp\/v2\/types\/post"}],"author":[{"embeddable":true,"href":"https:\/\/maxradio923.com.ar\/index.php\/wp-json\/wp\/v2\/users\/2"}],"replies":[{"embeddable":true,"href":"https:\/\/maxradio923.com.ar\/index.php\/wp-json\/wp\/v2\/comments?post=76764"}],"version-history":[{"count":0,"href":"https:\/\/maxradio923.com.ar\/index.php\/wp-json\/wp\/v2\/posts\/76764\/revisions"}],"wp:featuredmedia":[{"embeddable":true,"href":"https:\/\/maxradio923.com.ar\/index.php\/wp-json\/wp\/v2\/media\/76765"}],"wp:attachment":[{"href":"https:\/\/maxradio923.com.ar\/index.php\/wp-json\/wp\/v2\/media?parent=76764"}],"wp:term":[{"taxonomy":"category","embeddable":true,"href":"https:\/\/maxradio923.com.ar\/index.php\/wp-json\/wp\/v2\/categories?post=76764"},{"taxonomy":"post_tag","embeddable":true,"href":"https:\/\/maxradio923.com.ar\/index.php\/wp-json\/wp\/v2\/tags?post=76764"}],"curies":[{"name":"wp","href":"https:\/\/api.w.org\/{rel}","templated":true}]}}