{"id":76754,"date":"2026-02-03T05:47:02","date_gmt":"2026-02-03T08:47:02","guid":{"rendered":"https:\/\/maxradio923.com.ar\/index.php\/2026\/02\/03\/el-intendente-de-pinamar-anuncio-que-apelara-el-fallo-que-prohibe-las-utv-y-4x4-en-la-frontera\/"},"modified":"2026-02-03T05:47:02","modified_gmt":"2026-02-03T08:47:02","slug":"el-intendente-de-pinamar-anuncio-que-apelara-el-fallo-que-prohibe-las-utv-y-4x4-en-la-frontera","status":"publish","type":"post","link":"https:\/\/maxradio923.com.ar\/index.php\/2026\/02\/03\/el-intendente-de-pinamar-anuncio-que-apelara-el-fallo-que-prohibe-las-utv-y-4x4-en-la-frontera\/","title":{"rendered":"El intendente de Pinamar anunci\u00f3 que apelar\u00e1 el fallo que prohibe las UTV y 4&#215;4 en \u201cLa Frontera\u201d"},"content":{"rendered":"<p><\/p>\n<h2 class=\"article-subheadline text_align_left\">Juan Ibarguren cuestion\u00f3 la decisi\u00f3n de prohibir las actividades recreativas en los m\u00e9danos ante los reiterados accidentes: \u201cEsto es algo cultural de Pinamar y adem\u00e1s genera much\u00edsimo trabajo\u201d<\/h2>\n<p><\/p>\n<p class=\"paragraph\">El intendente de <b>Pinamar<\/b>, <b>Juan Ibarguren<\/b>, cuestion\u00f3 la reciente medida judicial que proh\u00edbe la circulaci\u00f3n de <b>cuatriciclos<\/b>, <b>camionetas 4&#215;4<\/b> y <b>UTV<\/b> en la zona conocida como <b>\u201cLa Frontera\u201d<\/b>, uno de los principales sectores de m\u00e9danos costeros del partido. El fallo, emitido por el <b>Juzgado Civil y Comercial N\u00ba 4 de Dolores<\/b>, impide de manera inmediata la realizaci\u00f3n de pruebas de destreza, competencias, eventos recreativos motorizados organizados, desaf\u00edos, carreras y cualquier maniobra considerada temeraria con este tipo de veh\u00edculos en esa \u00e1rea.<\/p>\n<p><\/p>\n<p class=\"paragraph\"><b>\u201cNo estamos de acuerdo con la prohibici\u00f3n de la actividad. La gran mayor\u00eda disfruta de nuestras playas de manera responsable. El problema son los pocos que no cumplen y generan situaciones de riesgo\u201d<\/b>, expres\u00f3 Ibarguren<\/p>\n<p><\/p>\n<p class=\"paragraph\">El intendente defendi\u00f3 este tipo de acitivdades recreativas, argumentando que ayudan a sostener el empleo en comercios de la zona y favorecen la realizaci\u00f3n de eventos de marcas automotrices para la presentaci\u00f3n de nuevos modelos. \u201c<b>Esto es algo cultural de Pinamar y adem\u00e1s genera much\u00edsimo trabajo. Prohibir por culpa de unos pocos inconscientes no es justo ni inteligente<\/b>\u201d, declar\u00f3 Ibarguren en relaci\u00f3n a la medida, tomada a partir de una presentaci\u00f3n realizada por el ex director de la <i>Agencia Nacional de Seguridad Vial, Pablo Mart\u00ednez Carignano<\/i>.<\/p>\n<p><\/p>\n<p class=\"paragraph\">En declaraciones a <i>CNM Radio<\/i>, Ibarguren precis\u00f3 que el municipio no se opone a las actividades motorizadas, sino que busca controlarlas y sancionar a quienes realicen maniobras peligrosas: \u201c<b>A los que corren picadas, hacen maniobras peligrosas o ponen en riesgo a otros, hay que sancionarlos con toda la fuerza<\/b>\u201d.<\/p>\n<p><\/p>\n<p class=\"paragraph\">El mandatario local se refiri\u00f3 tambi\u00e9n al accidente ocurrido en La Frontera, donde <i>un choque entre un UTV y una camioneta <\/i><i><b>Volkswagen Amarok<\/b><\/i><i> dej\u00f3 gravemente herido a <\/i><i><b>Bastian Jerez<\/b><\/i><i>, un ni\u00f1o de ocho a\u00f1os<\/i>. Ibarguren consider\u00f3 que se trat\u00f3 de \u201c<b>una irresponsabilidad del padre<\/b>\u201d y sostuvo: \u201c<b>Si hubiese tenido el cintur\u00f3n de seguridad puesto, no hubiese pasado<\/b>\u201d.<\/p>\n<p><\/p>\n<p class=\"paragraph\">Por su parte, el Municipio se centra en reforzar los controles y las sanciones a quienes no cumplan las normas. \u201c<b>Siempre va a haber gente irresponsable, como en cualquier ciudad del pa\u00eds y del mundo. Para eso est\u00e1n los controles y las sanciones. Prohibir todo no es la soluci\u00f3n<\/b>\u201d, afirm\u00f3 el intendente.<\/p>\n","protected":false},"excerpt":{"rendered":"<p>Juan Ibarguren cuestion\u00f3 la decisi\u00f3n de prohibir las actividades recreativas en los m\u00e9danos ante los reiterados accidentes: \u201cEsto es algo cultural de Pinamar y adem\u00e1s genera much\u00edsimo trabajo\u201d El intendente de Pinamar, Juan Ibarguren, cuestion\u00f3 la reciente medida judicial que proh\u00edbe la circulaci\u00f3n de cuatriciclos, camionetas 4&#215;4 y UTV en la zona conocida como \u201cLa [&hellip;]<\/p>\n","protected":false},"author":2,"featured_media":76755,"comment_status":"","ping_status":"","sticky":false,"template":"","format":"standard","meta":{"footnotes":""},"categories":[12],"tags":[],"_links":{"self":[{"href":"https:\/\/maxradio923.com.ar\/index.php\/wp-json\/wp\/v2\/posts\/76754"}],"collection":[{"href":"https:\/\/maxradio923.com.ar\/index.php\/wp-json\/wp\/v2\/posts"}],"about":[{"href":"https:\/\/maxradio923.com.ar\/index.php\/wp-json\/wp\/v2\/types\/post"}],"author":[{"embeddable":true,"href":"https:\/\/maxradio923.com.ar\/index.php\/wp-json\/wp\/v2\/users\/2"}],"replies":[{"embeddable":true,"href":"https:\/\/maxradio923.com.ar\/index.php\/wp-json\/wp\/v2\/comments?post=76754"}],"version-history":[{"count":0,"href":"https:\/\/maxradio923.com.ar\/index.php\/wp-json\/wp\/v2\/posts\/76754\/revisions"}],"wp:featuredmedia":[{"embeddable":true,"href":"https:\/\/maxradio923.com.ar\/index.php\/wp-json\/wp\/v2\/media\/76755"}],"wp:attachment":[{"href":"https:\/\/maxradio923.com.ar\/index.php\/wp-json\/wp\/v2\/media?parent=76754"}],"wp:term":[{"taxonomy":"category","embeddable":true,"href":"https:\/\/maxradio923.com.ar\/index.php\/wp-json\/wp\/v2\/categories?post=76754"},{"taxonomy":"post_tag","embeddable":true,"href":"https:\/\/maxradio923.com.ar\/index.php\/wp-json\/wp\/v2\/tags?post=76754"}],"curies":[{"name":"wp","href":"https:\/\/api.w.org\/{rel}","templated":true}]}}