{"id":76749,"date":"2026-02-03T05:15:03","date_gmt":"2026-02-03T08:15:03","guid":{"rendered":"https:\/\/maxradio923.com.ar\/index.php\/2026\/02\/03\/0800robaron-a-una-conductora-de-una-aplicacion-de-viajes-en-mendoza\/"},"modified":"2026-02-03T05:15:03","modified_gmt":"2026-02-03T08:15:03","slug":"0800robaron-a-una-conductora-de-una-aplicacion-de-viajes-en-mendoza","status":"publish","type":"post","link":"https:\/\/maxradio923.com.ar\/index.php\/2026\/02\/03\/0800robaron-a-una-conductora-de-una-aplicacion-de-viajes-en-mendoza\/","title":{"rendered":"08:00Robaron a una conductora de una aplicaci\u00f3n de viajes en Mendoza"},"content":{"rendered":"<p><\/p>\n<h2 class=\"article-subheadline text_align_left\">El delincuente la amenaz\u00f3 con un cuchillo y se llev\u00f3 dinero, celulares y la llave del auto. Ocurri\u00f3 en la localidad de Las Heras<\/h2>\n<p><\/p>\n<p class=\"paragraph\">Una conductora de una aplicaci\u00f3n de viajes fue v\u00edctima de un violento asalto mientras trabajaba en la ciudad de<b> Las Heras, provincia de Mendoza<\/b>. <\/p>\n<p><\/p>\n<p class=\"paragraph\">La v\u00edctima, a\u00fan conmocionada, fue atendida por personal policial de la <b>Comisar\u00eda 16\u00aa<\/b>, que inici\u00f3 patrullajes en la zona con el objetivo de dar con el responsable.<\/p>\n<p><\/p>\n<p class=\"paragraph\">La causa qued\u00f3 a disposici\u00f3n de la <b>Oficina Fiscal<\/b> de la jurisdicci\u00f3n, que desde primeras horas del lunes coordina la investigaci\u00f3n para identificar y detener al autor del robo. <\/p>\n<p><\/p>\n<p class=\"paragraph\">Hasta el momento, no se registraron avances en la localizaci\u00f3n del sospechoso, aunque se reforzaron los operativos de control en \u00e1reas circundantes.<\/p>\n<p><\/p>\n<p class=\"paragraph\">Por su parte, la conductora asaltada prest\u00f3 declaraci\u00f3n ante las autoridades y aport\u00f3 detalles clave sobre el aspecto del agresor y la secuencia de los hechos. <\/p>\n<p><\/p>\n<p class=\"paragraph\">A principios de a\u00f1o, el barrio porte\u00f1o de <b>Villa Soldati <\/b>fue escenario a la madrugada de un violento intento de robo a un chofer de aplicaciones, quien recibi\u00f3 un disparo en una de sus piernas cuando se resisti\u00f3 a que un delincuente le sustrajera su auto. Producto del ataque, la v\u00edctima fue hospitalizada, pero se encuentra fuera de peligro. Mientras tanto, el tirador se dio a la fuga y es buscado por personal de la<b> Polic\u00eda de la Ciudad.<\/b><\/p>\n","protected":false},"excerpt":{"rendered":"<p>El delincuente la amenaz\u00f3 con un cuchillo y se llev\u00f3 dinero, celulares y la llave del auto. Ocurri\u00f3 en la localidad de Las Heras Una conductora de una aplicaci\u00f3n de viajes fue v\u00edctima de un violento asalto mientras trabajaba en la ciudad de Las Heras, provincia de Mendoza. La v\u00edctima, a\u00fan conmocionada, fue atendida por [&hellip;]<\/p>\n","protected":false},"author":2,"featured_media":76750,"comment_status":"","ping_status":"","sticky":false,"template":"","format":"standard","meta":{"footnotes":""},"categories":[12],"tags":[],"_links":{"self":[{"href":"https:\/\/maxradio923.com.ar\/index.php\/wp-json\/wp\/v2\/posts\/76749"}],"collection":[{"href":"https:\/\/maxradio923.com.ar\/index.php\/wp-json\/wp\/v2\/posts"}],"about":[{"href":"https:\/\/maxradio923.com.ar\/index.php\/wp-json\/wp\/v2\/types\/post"}],"author":[{"embeddable":true,"href":"https:\/\/maxradio923.com.ar\/index.php\/wp-json\/wp\/v2\/users\/2"}],"replies":[{"embeddable":true,"href":"https:\/\/maxradio923.com.ar\/index.php\/wp-json\/wp\/v2\/comments?post=76749"}],"version-history":[{"count":0,"href":"https:\/\/maxradio923.com.ar\/index.php\/wp-json\/wp\/v2\/posts\/76749\/revisions"}],"wp:featuredmedia":[{"embeddable":true,"href":"https:\/\/maxradio923.com.ar\/index.php\/wp-json\/wp\/v2\/media\/76750"}],"wp:attachment":[{"href":"https:\/\/maxradio923.com.ar\/index.php\/wp-json\/wp\/v2\/media?parent=76749"}],"wp:term":[{"taxonomy":"category","embeddable":true,"href":"https:\/\/maxradio923.com.ar\/index.php\/wp-json\/wp\/v2\/categories?post=76749"},{"taxonomy":"post_tag","embeddable":true,"href":"https:\/\/maxradio923.com.ar\/index.php\/wp-json\/wp\/v2\/tags?post=76749"}],"curies":[{"name":"wp","href":"https:\/\/api.w.org\/{rel}","templated":true}]}}