{"id":76747,"date":"2026-02-03T04:59:04","date_gmt":"2026-02-03T07:59:04","guid":{"rendered":"https:\/\/maxradio923.com.ar\/index.php\/2026\/02\/03\/rige-una-alerta-roja-por-calor-extremo-en-tres-provincias-que-pasara-con-la-temperatura-en-el-amba\/"},"modified":"2026-02-03T04:59:04","modified_gmt":"2026-02-03T07:59:04","slug":"rige-una-alerta-roja-por-calor-extremo-en-tres-provincias-que-pasara-con-la-temperatura-en-el-amba","status":"publish","type":"post","link":"https:\/\/maxradio923.com.ar\/index.php\/2026\/02\/03\/rige-una-alerta-roja-por-calor-extremo-en-tres-provincias-que-pasara-con-la-temperatura-en-el-amba\/","title":{"rendered":"Rige una alerta roja por calor extremo en tres provincias: qu\u00e9 pasar\u00e1 con la temperatura en el AMBA"},"content":{"rendered":"<p><\/p>\n<h2 class=\"article-subheadline text_align_left\">Los valores t\u00e9rmicos se ubicar\u00e1n entre 32 y 34 grados desde hoy. Cinco provincias se encuentran bajo advertencia por tormentas, mientras que en la Ciudad de Buenos Aires se esperan lluvias reci\u00e9n el jueves<\/h2>\n<p><\/p>\n<p class=\"paragraph\">El <i><b>Servicio Meteorol\u00f3gico Nacional (SMN)<\/b><\/i><i> <\/i>anticip\u00f3 para hoy <b>tormentas de variada intensidad y temperaturas extremas por calor<\/b> en varias provincias del pa\u00eds, entre ellas el interior de Buenos Aires. En tanto para <b>el \u00c1rea Metropolitana<\/b> se espera que la m\u00e1xima alcance los 34\u00b0 C, sin pron\u00f3stico de lluvia.<\/p>\n<p><\/p>\n<p class=\"paragraph\">En lo que respecta al resto de las jurisdicciones, el <i>SMN<\/i> emiti\u00f3<i> <\/i>alertas por tormentas para sectores del sur de la provincia de <b>Buenos Aires <\/b>y las ciudades costeras -como Mar del Plata, Pinamar, Necochea-; el oeste de <b>Carmen de Patagones<\/b> y de <b>Villarino<\/b>, <b>Puan<\/b>, zonas bajas de <b>Coronel Pringles<\/b>, <b>Coronel Su\u00e1rez<\/b>, <b>Saavedra<\/b> y <b>Tornquist, Trenquelauquen<\/b> y <b>Olavarr\u00eda<\/b>. Las estimaciones hablan de<b> alerta amarilla<\/b>, lo que implica \u201cposibles fen\u00f3menos meteorol\u00f3gicos con capacidad de da\u00f1o y riesgo de interrupci\u00f3n moment\u00e1nea de actividades cotidianas\u201d.<\/p>\n<p><\/p>\n<p class=\"paragraph\">Tambi\u00e9n se incluyen localidades de <b>La Pampa<\/b> como <b>Atreuc\u00f3<\/b>, <b>Catril\u00f3<\/b>, <b>Conhelo<\/b>, <b>Guatrach\u00e9<\/b>, <b>Quem\u00fa Quem\u00fa<\/b>, <b>Toay<\/b> y <b>Utrac\u00e1n<\/b>. Se prev\u00e9 la llegada de tormentas acompa\u00f1adas por <b>lluvias abundantes en cortos per\u00edodos, frecuente actividad el\u00e9ctrica, posible ca\u00edda de granizo y r\u00e1fagas que pueden alcanzar los 75 kil\u00f3metros por hora<\/b>. Los valores acumulados de precipitaci\u00f3n estar\u00e1n entre los <b>40 y 70 mil\u00edmetros<\/b>, aunque en algunos sectores los registros podr\u00edan ser a\u00fan m\u00e1s altos.<\/p>\n<p><\/p>\n<p class=\"paragraph\">Por otra parte, el organismo nacional extendi\u00f3 la advertencia por tormentas fuertes pasando a severas, en sectores del <b>este de Mendoza<\/b> (Las Heras, La Paz, Lavalle, San Mart\u00edn y Santa Rosa) y del centro de <b>San Luis<\/b> (zonas bajas de Belgrano y Juan Mart\u00edn de Pueyrred\u00f3n). Para estas \u00e1reas, las <b>r\u00e1fagas estar\u00e1n cerca de los 90 kil\u00f3metros por hora<\/b>. Formosa se suma a la lista en donde se prev\u00e9 la llegada de tormentas.<\/p>\n<p><\/p>\n<p class=\"paragraph\">En simult\u00e1neo, se mantiene vigente el <b>alerta por temperaturas extremas por calor<\/b> especialmente en el centro y el noroeste del pa\u00eds. Los datos oficiales se\u00f1alaron el nrote y centro de La Pampa como la zona m\u00e1s afectada por el calor extremo; gran parte de <b>Neuqu\u00e9n <\/b>y el norte de<b> R\u00edo Negro, <\/b>donde los registros alcanzaron el m\u00e1ximo en la escala de advertencia. <\/p>\n<p><\/p>\n<p class=\"paragraph\">De acuerdo con el mapa las zonas bajo alerta roja comprenden localidades como <b>25 de Mayo<\/b>, <b>A\u00f1elo<\/b>, <b>Rinc\u00f3n de los Sauces<\/b> y alrededores, donde la persistencia del calor representa un riesgo para la salud de la poblaci\u00f3n, especialmente para ni\u00f1os, personas mayores y quienes tengan enfermedades cr\u00f3nicas. Las autoridades sanitarias recomiendan evitar la exposici\u00f3n al sol, hidratarse y prestar atenci\u00f3n a los s\u00edntomas de golpe de calor.<\/p>\n","protected":false},"excerpt":{"rendered":"<p>Los valores t\u00e9rmicos se ubicar\u00e1n entre 32 y 34 grados desde hoy. Cinco provincias se encuentran bajo advertencia por tormentas, mientras que en la Ciudad de Buenos Aires se esperan lluvias reci\u00e9n el jueves El Servicio Meteorol\u00f3gico Nacional (SMN) anticip\u00f3 para hoy tormentas de variada intensidad y temperaturas extremas por calor en varias provincias del [&hellip;]<\/p>\n","protected":false},"author":2,"featured_media":76748,"comment_status":"","ping_status":"","sticky":false,"template":"","format":"standard","meta":{"footnotes":""},"categories":[12],"tags":[],"_links":{"self":[{"href":"https:\/\/maxradio923.com.ar\/index.php\/wp-json\/wp\/v2\/posts\/76747"}],"collection":[{"href":"https:\/\/maxradio923.com.ar\/index.php\/wp-json\/wp\/v2\/posts"}],"about":[{"href":"https:\/\/maxradio923.com.ar\/index.php\/wp-json\/wp\/v2\/types\/post"}],"author":[{"embeddable":true,"href":"https:\/\/maxradio923.com.ar\/index.php\/wp-json\/wp\/v2\/users\/2"}],"replies":[{"embeddable":true,"href":"https:\/\/maxradio923.com.ar\/index.php\/wp-json\/wp\/v2\/comments?post=76747"}],"version-history":[{"count":0,"href":"https:\/\/maxradio923.com.ar\/index.php\/wp-json\/wp\/v2\/posts\/76747\/revisions"}],"wp:featuredmedia":[{"embeddable":true,"href":"https:\/\/maxradio923.com.ar\/index.php\/wp-json\/wp\/v2\/media\/76748"}],"wp:attachment":[{"href":"https:\/\/maxradio923.com.ar\/index.php\/wp-json\/wp\/v2\/media?parent=76747"}],"wp:term":[{"taxonomy":"category","embeddable":true,"href":"https:\/\/maxradio923.com.ar\/index.php\/wp-json\/wp\/v2\/categories?post=76747"},{"taxonomy":"post_tag","embeddable":true,"href":"https:\/\/maxradio923.com.ar\/index.php\/wp-json\/wp\/v2\/tags?post=76747"}],"curies":[{"name":"wp","href":"https:\/\/api.w.org\/{rel}","templated":true}]}}