{"id":76743,"date":"2026-02-03T04:43:02","date_gmt":"2026-02-03T07:43:02","guid":{"rendered":"https:\/\/maxradio923.com.ar\/index.php\/2026\/02\/03\/intensa-persecucion-policial-y-accidente-fatal-en-florencio-varela-murio-un-joven-y-otro-fue-detenido\/"},"modified":"2026-02-03T04:43:02","modified_gmt":"2026-02-03T07:43:02","slug":"intensa-persecucion-policial-y-accidente-fatal-en-florencio-varela-murio-un-joven-y-otro-fue-detenido","status":"publish","type":"post","link":"https:\/\/maxradio923.com.ar\/index.php\/2026\/02\/03\/intensa-persecucion-policial-y-accidente-fatal-en-florencio-varela-murio-un-joven-y-otro-fue-detenido\/","title":{"rendered":"Intensa persecuci\u00f3n policial y accidente fatal en Florencio Varela: muri\u00f3 un joven y otro fue detenido"},"content":{"rendered":"<p><\/p>\n<h2 class=\"article-subheadline text_align_left\">El auto volc\u00f3 en un zanj\u00f3n y uno de los delincuuentes sali\u00f3 despedido del habit\u00e1culo, cay\u00f3 al asfalto y muri\u00f3 minutos despu\u00e9s. Ambos tienen 25 a\u00f1os y un largo historial penal <\/h2>\n<p><\/p>\n<p class=\"paragraph\">Una intensa persecuci\u00f3n policial en <b>Florencio Varela<\/b> culmin\u00f3 con el saldo de un joven fallecido y otro detenido, tras un accidente a metros del <b>Parque Pereyra Iraola<\/b>.<\/p>\n<p><\/p>\n<p class=\"paragraph\">El episodio finaliz\u00f3 abruptamente cerca de la <b>Rotonda de Alpargatas<\/b>, donde el conductor del Fiat 147 <b>perdi\u00f3 el control y el auto termin\u00f3 desbarrancando en un zanj\u00f3n<\/b>.<\/p>\n<p><\/p>\n<p class=\"paragraph\">Como resultado, el acompa\u00f1ante, identificado como <b>C. A. E.<\/b>, de 25 a\u00f1os y con antecedentes penales, sali\u00f3 despedido del habit\u00e1culo y result\u00f3 gravemente herido. El personal del <b>SAME<\/b> constat\u00f3 posteriormente su muerte en el lugar.<\/p>\n<p><\/p>\n<p class=\"paragraph\">En tanto, el conductor, <b>M. E.<\/b>, quien tambi\u00e9n tiene 25 a\u00f1os, intent\u00f3 escapar a pie al descender del veh\u00edculo. Sin embargo, la Polic\u00eda logr\u00f3 reducirlo y detenerlo a pocos metros. El joven fue trasladado bajo custodia al <b>Hospital Mi Pueblo<\/b>, a la vez que qued\u00f3 a disposici\u00f3n de la Justicia.<\/p>\n<p><\/p>\n<p class=\"paragraph\">La <b>UFI N\u00b0 2 de Florencio Varela<\/b> tom\u00f3 intervenci\u00f3n en la causa y se encuentra a cargo de investigar la secuencia completa de la persecuci\u00f3n y las circunstancias que derivaron en la muerte del joven.<\/p>\n<p><\/p>\n<p class=\"paragraph\">La semana pasada, un <i><b>operativo policial en La Plata<\/b><\/i><i> concluy\u00f3 con una persecuci\u00f3n que <\/i><i><b>cost\u00f3 la vida a Reynaldo Leiva Villalba<\/b><\/i>, de 37 a\u00f1os, y dej\u00f3 a <b>dos mujeres heridas<\/b>. El hombre hab\u00eda permanecido pr\u00f3fugo desde septiembre, luego de no regresar de una <b>salida transitoria<\/b> del penal de Lisandro Olmos.<\/p>\n","protected":false},"excerpt":{"rendered":"<p>El auto volc\u00f3 en un zanj\u00f3n y uno de los delincuuentes sali\u00f3 despedido del habit\u00e1culo, cay\u00f3 al asfalto y muri\u00f3 minutos despu\u00e9s. Ambos tienen 25 a\u00f1os y un largo historial penal Una intensa persecuci\u00f3n policial en Florencio Varela culmin\u00f3 con el saldo de un joven fallecido y otro detenido, tras un accidente a metros del [&hellip;]<\/p>\n","protected":false},"author":2,"featured_media":76744,"comment_status":"","ping_status":"","sticky":false,"template":"","format":"standard","meta":{"footnotes":""},"categories":[12],"tags":[],"_links":{"self":[{"href":"https:\/\/maxradio923.com.ar\/index.php\/wp-json\/wp\/v2\/posts\/76743"}],"collection":[{"href":"https:\/\/maxradio923.com.ar\/index.php\/wp-json\/wp\/v2\/posts"}],"about":[{"href":"https:\/\/maxradio923.com.ar\/index.php\/wp-json\/wp\/v2\/types\/post"}],"author":[{"embeddable":true,"href":"https:\/\/maxradio923.com.ar\/index.php\/wp-json\/wp\/v2\/users\/2"}],"replies":[{"embeddable":true,"href":"https:\/\/maxradio923.com.ar\/index.php\/wp-json\/wp\/v2\/comments?post=76743"}],"version-history":[{"count":0,"href":"https:\/\/maxradio923.com.ar\/index.php\/wp-json\/wp\/v2\/posts\/76743\/revisions"}],"wp:featuredmedia":[{"embeddable":true,"href":"https:\/\/maxradio923.com.ar\/index.php\/wp-json\/wp\/v2\/media\/76744"}],"wp:attachment":[{"href":"https:\/\/maxradio923.com.ar\/index.php\/wp-json\/wp\/v2\/media?parent=76743"}],"wp:term":[{"taxonomy":"category","embeddable":true,"href":"https:\/\/maxradio923.com.ar\/index.php\/wp-json\/wp\/v2\/categories?post=76743"},{"taxonomy":"post_tag","embeddable":true,"href":"https:\/\/maxradio923.com.ar\/index.php\/wp-json\/wp\/v2\/tags?post=76743"}],"curies":[{"name":"wp","href":"https:\/\/api.w.org\/{rel}","templated":true}]}}