{"id":76741,"date":"2026-02-03T04:27:02","date_gmt":"2026-02-03T07:27:02","guid":{"rendered":"https:\/\/maxradio923.com.ar\/index.php\/2026\/02\/03\/detectaron-nuevos-focos-de-incendios-en-las-islas-del-parana-y-el-humo-volvio-a-verse-desde-rosario\/"},"modified":"2026-02-03T04:27:02","modified_gmt":"2026-02-03T07:27:02","slug":"detectaron-nuevos-focos-de-incendios-en-las-islas-del-parana-y-el-humo-volvio-a-verse-desde-rosario","status":"publish","type":"post","link":"https:\/\/maxradio923.com.ar\/index.php\/2026\/02\/03\/detectaron-nuevos-focos-de-incendios-en-las-islas-del-parana-y-el-humo-volvio-a-verse-desde-rosario\/","title":{"rendered":"Detectaron nuevos focos de incendios en las islas del Paran\u00e1 y el humo volvi\u00f3 a verse desde Rosario"},"content":{"rendered":"<p><\/p>\n<h2 class=\"article-subheadline text_align_left\">El domingo, tambi\u00e9n se hab\u00edan registrado algunas columnas de humo. Todo esto coincidi\u00f3 con el D\u00eda Mundial de los Humedales  <\/h2>\n<p><\/p>\n<p class=\"paragraph\">Una nueva serie de <b>incendios<\/b> en las <b>islas entrerrianas<\/b> fue detectada frente a <b>Rosario<\/b> en coincidencia con el <b>D\u00eda Mundial de los Humedales<\/b>, lo que evidencia la persistencia del fen\u00f3meno y el agravamiento del da\u00f1o ambiental en la regi\u00f3n del <b>Delta del Paran\u00e1<\/b>.<\/p>\n<p><\/p>\n<p class=\"paragraph\">La <b>Agencia Federal de Emergencias (AFE)<\/b> hab\u00eda realizado el domingo sobrevuelos preventivos con un avi\u00f3n observador, logrando ubicar dos columnas de humo: una a 15 kil\u00f3metros al este de <b>Granadero Baigorria<\/b> y otra sobre la ruta<b> Rosario-Victoria<\/b>.<\/p>\n<p><\/p>\n<p class=\"paragraph\">\u201cEn una se observ\u00f3 que el entorno est\u00e1 rodeado de arroyos, lagunas y ba\u00f1ados. La actividad de fuego es baja y discontinua; sobre la ruta, trabaja personal de Entre R\u00edos para extinguir un incendio sobre la banquina\u201d, destacaron desde la instituci\u00f3n.<\/p>\n<p><\/p>\n<p class=\"paragraph\">Durante <b>2025<\/b>, el \u00e1rea del Plan Integral Estrat\u00e9gico para la Conservaci\u00f3n y el Aprovechamiento Sostenible del Delta del Paran\u00e1 (Piecas DP) experiment\u00f3 <b>2.295 focos de calor identificados entre enero y noviembre<\/b>, seg\u00fan el informe mensual de noviembre del Museo de Ciencias Naturales \u00abAntonio Scasso\u00bb de San Nicol\u00e1s.<\/p>\n<p><\/p>\n<p class=\"paragraph\">Esta cifra representa un aumento del <b>75 %<\/b> frente a los <b>1.310 focos detectados en igual per\u00edodo de 2024<\/b>, y supuso la quema de <b>32.273 hect\u00e1reas<\/b>, el <b>1,4 %<\/b> del territorio monitoreado por Piecas DP. A pesar del incremento, el n\u00famero a\u00fan se encuentra lejos de los m\u00e1ximos observados durante etapas cr\u00edticas previas, en las que se registraron incendios masivos. <\/p>\n<p><\/p>\n<p class=\"paragraph\">Aunque la actividad \u00edgnea del \u00faltimo per\u00edodo representa un repunta respecto al a\u00f1o anterior, sigue mucho m\u00e1s baja que los valores r\u00e9cord registrados durante la crisis ambiental de <b>2020<\/b>, cuando se reportaron <b>39.663 focos de calor<\/b>.<\/p>\n","protected":false},"excerpt":{"rendered":"<p>El domingo, tambi\u00e9n se hab\u00edan registrado algunas columnas de humo. Todo esto coincidi\u00f3 con el D\u00eda Mundial de los Humedales Una nueva serie de incendios en las islas entrerrianas fue detectada frente a Rosario en coincidencia con el D\u00eda Mundial de los Humedales, lo que evidencia la persistencia del fen\u00f3meno y el agravamiento del da\u00f1o [&hellip;]<\/p>\n","protected":false},"author":2,"featured_media":76742,"comment_status":"","ping_status":"","sticky":false,"template":"","format":"standard","meta":{"footnotes":""},"categories":[12],"tags":[],"_links":{"self":[{"href":"https:\/\/maxradio923.com.ar\/index.php\/wp-json\/wp\/v2\/posts\/76741"}],"collection":[{"href":"https:\/\/maxradio923.com.ar\/index.php\/wp-json\/wp\/v2\/posts"}],"about":[{"href":"https:\/\/maxradio923.com.ar\/index.php\/wp-json\/wp\/v2\/types\/post"}],"author":[{"embeddable":true,"href":"https:\/\/maxradio923.com.ar\/index.php\/wp-json\/wp\/v2\/users\/2"}],"replies":[{"embeddable":true,"href":"https:\/\/maxradio923.com.ar\/index.php\/wp-json\/wp\/v2\/comments?post=76741"}],"version-history":[{"count":0,"href":"https:\/\/maxradio923.com.ar\/index.php\/wp-json\/wp\/v2\/posts\/76741\/revisions"}],"wp:featuredmedia":[{"embeddable":true,"href":"https:\/\/maxradio923.com.ar\/index.php\/wp-json\/wp\/v2\/media\/76742"}],"wp:attachment":[{"href":"https:\/\/maxradio923.com.ar\/index.php\/wp-json\/wp\/v2\/media?parent=76741"}],"wp:term":[{"taxonomy":"category","embeddable":true,"href":"https:\/\/maxradio923.com.ar\/index.php\/wp-json\/wp\/v2\/categories?post=76741"},{"taxonomy":"post_tag","embeddable":true,"href":"https:\/\/maxradio923.com.ar\/index.php\/wp-json\/wp\/v2\/tags?post=76741"}],"curies":[{"name":"wp","href":"https:\/\/api.w.org\/{rel}","templated":true}]}}