{"id":76737,"date":"2026-02-03T03:54:04","date_gmt":"2026-02-03T06:54:04","guid":{"rendered":"https:\/\/maxradio923.com.ar\/index.php\/2026\/02\/03\/0644condenaron-a-un-hombre-de-73-anos-por-abuso-sexual-contra-una-menor-en-salta\/"},"modified":"2026-02-03T03:54:04","modified_gmt":"2026-02-03T06:54:04","slug":"0644condenaron-a-un-hombre-de-73-anos-por-abuso-sexual-contra-una-menor-en-salta","status":"publish","type":"post","link":"https:\/\/maxradio923.com.ar\/index.php\/2026\/02\/03\/0644condenaron-a-un-hombre-de-73-anos-por-abuso-sexual-contra-una-menor-en-salta\/","title":{"rendered":"06:44Condenaron a un hombre de 73 a\u00f1os por abuso sexual contra una menor en Salta"},"content":{"rendered":"<p><\/p>\n<h2 class=\"article-subheadline text_align_left\">Los aberrantes hechos sucedieron en la localidad de Apolinario Saravia. El abusador reconoci\u00f3 su responsabilidad<\/h2>\n<p><\/p>\n<p class=\"paragraph\">Un hombre de 73 a\u00f1os fue condenado a tres a\u00f1os de prisi\u00f3n de ejecuci\u00f3n condicional por el delito de <b>abuso sexual simple agravado<\/b> por la convivencia con una<b> menor de edad<\/b> en la provincia de Salta.<\/p>\n<p><\/p>\n<p class=\"paragraph\">La sentencia no solo estableci\u00f3 la condena sino tambi\u00e9n la aplicaci\u00f3n de reglas de conducta estrictas, cuyo cumplimiento ser\u00e1 supervisado durante el per\u00edodo de condena condicional.<\/p>\n<p><\/p>\n<p class=\"paragraph\">De acuerdo con lo informado por el portal del diario <i>El Tribuno<\/i>, las autoridades tomaron conocimiento del caso cuando <b>la directora de un establecimiento escolar radic\u00f3 la denuncia inicial<\/b>. La intervenci\u00f3n de la escuela result\u00f3 determinante para interrumpir la situaci\u00f3n de abuso y activar los <b>protocolos de resguardo para la v\u00edctima<\/b>. La ni\u00f1a relat\u00f3 los hechos a una docente cuando ten\u00eda 12 a\u00f1os. <\/p>\n<p><\/p>\n<p class=\"paragraph\">La denuncia tom\u00f3 forma cuando la menor, en \u00e1mbito escolar, <b>confi\u00f3 a una maestra de sexto grado que hab\u00eda sido v\u00edctima de un tocamiento inapropiado por parte de su padrastro.<\/b> El episodio habr\u00eda sucedido durante una reuni\u00f3n familiar celebrada en Navidad, en la convivencia que compart\u00edan en el mismo domicilio.<\/p>\n<p><\/p>\n<p class=\"paragraph\"><b>C\u00e9sar Saravia<\/b>, fiscal penal 2 de Anta en feria, particip\u00f3 en el proceso a trav\u00e9s de la delegaci\u00f3n de <b>Apolinario Saravia<\/b>, representando al Ministerio P\u00fablico Fiscal. <\/p>\n<p><\/p>\n<p class=\"paragraph\">Durante la etapa investigativa, la declaraci\u00f3n de la menor result\u00f3 fundamental. La ni\u00f1a prest\u00f3 testimonio en el sistema de <b>C\u00e1mara Gesell (CCTV)<\/b>, un procedimiento especialmente dise\u00f1ado para preservar la privacidad y el bienestar de los menores en situaci\u00f3n de vulnerabilidad. En esa instancia ratific\u00f3 los hechos denunciados, brindando precisiones que resultaron clave para el avance de la causa.<\/p>\n","protected":false},"excerpt":{"rendered":"<p>Los aberrantes hechos sucedieron en la localidad de Apolinario Saravia. El abusador reconoci\u00f3 su responsabilidad Un hombre de 73 a\u00f1os fue condenado a tres a\u00f1os de prisi\u00f3n de ejecuci\u00f3n condicional por el delito de abuso sexual simple agravado por la convivencia con una menor de edad en la provincia de Salta. La sentencia no solo [&hellip;]<\/p>\n","protected":false},"author":2,"featured_media":76738,"comment_status":"","ping_status":"","sticky":false,"template":"","format":"standard","meta":{"footnotes":""},"categories":[12],"tags":[],"_links":{"self":[{"href":"https:\/\/maxradio923.com.ar\/index.php\/wp-json\/wp\/v2\/posts\/76737"}],"collection":[{"href":"https:\/\/maxradio923.com.ar\/index.php\/wp-json\/wp\/v2\/posts"}],"about":[{"href":"https:\/\/maxradio923.com.ar\/index.php\/wp-json\/wp\/v2\/types\/post"}],"author":[{"embeddable":true,"href":"https:\/\/maxradio923.com.ar\/index.php\/wp-json\/wp\/v2\/users\/2"}],"replies":[{"embeddable":true,"href":"https:\/\/maxradio923.com.ar\/index.php\/wp-json\/wp\/v2\/comments?post=76737"}],"version-history":[{"count":0,"href":"https:\/\/maxradio923.com.ar\/index.php\/wp-json\/wp\/v2\/posts\/76737\/revisions"}],"wp:featuredmedia":[{"embeddable":true,"href":"https:\/\/maxradio923.com.ar\/index.php\/wp-json\/wp\/v2\/media\/76738"}],"wp:attachment":[{"href":"https:\/\/maxradio923.com.ar\/index.php\/wp-json\/wp\/v2\/media?parent=76737"}],"wp:term":[{"taxonomy":"category","embeddable":true,"href":"https:\/\/maxradio923.com.ar\/index.php\/wp-json\/wp\/v2\/categories?post=76737"},{"taxonomy":"post_tag","embeddable":true,"href":"https:\/\/maxradio923.com.ar\/index.php\/wp-json\/wp\/v2\/tags?post=76737"}],"curies":[{"name":"wp","href":"https:\/\/api.w.org\/{rel}","templated":true}]}}