{"id":76736,"date":"2026-02-03T03:38:06","date_gmt":"2026-02-03T06:38:06","guid":{"rendered":"https:\/\/maxradio923.com.ar\/index.php\/2026\/02\/03\/federico-gomez-como-se-dio-la-convocatoria-para-la-copa-davis-y-por-que-fue-un-mimo-al-corazon\/"},"modified":"2026-02-03T03:38:06","modified_gmt":"2026-02-03T06:38:06","slug":"federico-gomez-como-se-dio-la-convocatoria-para-la-copa-davis-y-por-que-fue-un-mimo-al-corazon","status":"publish","type":"post","link":"https:\/\/maxradio923.com.ar\/index.php\/2026\/02\/03\/federico-gomez-como-se-dio-la-convocatoria-para-la-copa-davis-y-por-que-fue-un-mimo-al-corazon\/","title":{"rendered":"Federico G\u00f3mez: c\u00f3mo se dio la convocatoria para la Copa Davis y por qu\u00e9 fue \u201cun mimo al coraz\u00f3n\u201d"},"content":{"rendered":"<p><\/p>\n<h2 class=\"article-subheadline text_align_left\">A casi un a\u00f1o de una carta p\u00fablica en la que decidi\u00f3 contar un dif\u00edcil momento personal, el tenista nacido en Merlo recibi\u00f3 su primer llamado para integrar la selecci\u00f3n argentina<\/h2>\n<p><\/p>\n<p class=\"paragraph\"><b>Federico G\u00f3mez<\/b> es de hablar fluido, cordial, pero trata de medirse cuando el micr\u00f3fono se enciende. Sin embargo, se lanza en palabras que buscan encontrar un hilo detr\u00e1s de tanta emoci\u00f3n.<\/p>\n<p><\/p>\n<p class=\"paragraph\"><i><b>&#8211; Est\u00e1s viviendo un momento muy lindo, tal vez un quiebre de lo que contabas hace casi un a\u00f1o atr\u00e1s. \u00bfC\u00f3mo fue ese proceso?<\/b><\/i><\/p>\n<p><\/p>\n<p class=\"paragraph\">&#8211; (Abre con una sonrisa, pero luego modifica su mirada) La verdad es que cuando hice el posteo y todo eso, fueron de esos momentos en los que uno se siente muy lejos de todo.<b> Creo que fueron 10 u 11 meses, casi un a\u00f1o, muy duros. No fue nada f\u00e1cil.<\/b> Obviamente, la pas\u00e9 con muchos altibajos. Adem\u00e1s, hubo un momento en donde ten\u00eda que defender puntos y me lesion\u00e9\u2026 y no fue f\u00e1cil, no. Porque perd\u00ed el ranking y perd\u00ed otras oportunidades de jugar diferentes torneos como, quiz\u00e1s, el Abierto de Australia, pero haber terminado el a\u00f1o ganando el torneo de Temuco y teniendo muy buenas sensaciones en las \u00faltimas semanas en cancha dura, me dejaron muy entusiasmado para lo que va a ser esta temporada. Voy a tratar de poder jugar la mayor cantidad de torneos en cancha r\u00e1pida y de priorizar un poco ese calendario.<\/p>\n<p><\/p>\n<p class=\"paragraph\"><i><b>&#8211; \u00bfEsta convocatoria es, tal vez, un premio a no bajar los brazos?<\/b><\/i><\/p>\n<p><\/p>\n<p class=\"paragraph\">&#8211; Yo creo que s\u00ed. <b>Y, la verdad, es un mimo al coraz\u00f3n por haber estado y por todo lo que insist\u00ed y lo que hice para lograr sobreponerme en todos estos \u00faltimos meses.<\/b> Estoy muy contento con todo lo que me est\u00e1 pasando y me vengo sintiendo mejor conmigo mismo, lo que hace m\u00e1s agradable la situaci\u00f3n en la que estoy.<\/p>\n<p><\/p>\n<p class=\"paragraph\"><i><b>&#8211; Contame tu proceso interior.<\/b><\/i><\/p>\n","protected":false},"excerpt":{"rendered":"<p>A casi un a\u00f1o de una carta p\u00fablica en la que decidi\u00f3 contar un dif\u00edcil momento personal, el tenista nacido en Merlo recibi\u00f3 su primer llamado para integrar la selecci\u00f3n argentina Federico G\u00f3mez es de hablar fluido, cordial, pero trata de medirse cuando el micr\u00f3fono se enciende. Sin embargo, se lanza en palabras que buscan [&hellip;]<\/p>\n","protected":false},"author":2,"featured_media":76544,"comment_status":"","ping_status":"","sticky":false,"template":"","format":"standard","meta":{"footnotes":""},"categories":[12],"tags":[],"_links":{"self":[{"href":"https:\/\/maxradio923.com.ar\/index.php\/wp-json\/wp\/v2\/posts\/76736"}],"collection":[{"href":"https:\/\/maxradio923.com.ar\/index.php\/wp-json\/wp\/v2\/posts"}],"about":[{"href":"https:\/\/maxradio923.com.ar\/index.php\/wp-json\/wp\/v2\/types\/post"}],"author":[{"embeddable":true,"href":"https:\/\/maxradio923.com.ar\/index.php\/wp-json\/wp\/v2\/users\/2"}],"replies":[{"embeddable":true,"href":"https:\/\/maxradio923.com.ar\/index.php\/wp-json\/wp\/v2\/comments?post=76736"}],"version-history":[{"count":0,"href":"https:\/\/maxradio923.com.ar\/index.php\/wp-json\/wp\/v2\/posts\/76736\/revisions"}],"wp:featuredmedia":[{"embeddable":true,"href":"https:\/\/maxradio923.com.ar\/index.php\/wp-json\/wp\/v2\/media\/76544"}],"wp:attachment":[{"href":"https:\/\/maxradio923.com.ar\/index.php\/wp-json\/wp\/v2\/media?parent=76736"}],"wp:term":[{"taxonomy":"category","embeddable":true,"href":"https:\/\/maxradio923.com.ar\/index.php\/wp-json\/wp\/v2\/categories?post=76736"},{"taxonomy":"post_tag","embeddable":true,"href":"https:\/\/maxradio923.com.ar\/index.php\/wp-json\/wp\/v2\/tags?post=76736"}],"curies":[{"name":"wp","href":"https:\/\/api.w.org\/{rel}","templated":true}]}}