{"id":76734,"date":"2026-02-03T03:22:05","date_gmt":"2026-02-03T06:22:05","guid":{"rendered":"https:\/\/maxradio923.com.ar\/index.php\/2026\/02\/03\/un-hombre-murio-tras-ser-atacado-por-un-ejambre-de-avispas-en-santa-fe\/"},"modified":"2026-02-03T03:22:05","modified_gmt":"2026-02-03T06:22:05","slug":"un-hombre-murio-tras-ser-atacado-por-un-ejambre-de-avispas-en-santa-fe","status":"publish","type":"post","link":"https:\/\/maxradio923.com.ar\/index.php\/2026\/02\/03\/un-hombre-murio-tras-ser-atacado-por-un-ejambre-de-avispas-en-santa-fe\/","title":{"rendered":"Un hombre muri\u00f3 tras ser atacado por un ejambre de avispas en Santa Fe"},"content":{"rendered":"<p><\/p>\n<h2 class=\"article-subheadline text_align_left\">Benito Fern\u00e1ndez, de 62 a\u00f1os, muri\u00f3 tras ser atacado mientras viajaba en auto con ventanillas bajas por el paraje Olivares, en San Carlos Centro. Su esposa y su cu\u00f1ada recibieron atenci\u00f3n m\u00e9dica y lograron recuperarse<\/h2>\n<p><\/p>\n<p class=\"paragraph\">Una visita familiar en la zona rural de <b>San Carlos Centro<\/b>, en la provincia de <b>Santa Fe<\/b>, termin\u00f3 de manera tr\u00e1gica cuando <b>un enjambre de avispas caus\u00f3 la muerte de un hombre<\/b> y dej\u00f3 a dos mujeres heridas.<\/p>\n<p><\/p>\n<p class=\"paragraph\">Las tres personas fueron blanco de numerosas picaduras apenas abandonaron el veh\u00edculo. Seg\u00fan relataron las sobrevivientes a <i>La Capital<\/i>, la desesperaci\u00f3n se apoder\u00f3 del momento: mientras corr\u00edan para huir de los insectos, <b>Fern\u00e1ndez<\/b> colaps\u00f3 a pocos metros del autom\u00f3vil. Una de las mujeres logr\u00f3 comunicarse telef\u00f3nicamente con familiares, quienes acudieron al lugar y trasladaron a las dos mujeres al hospital local. Los <b>Bomberos Voluntarios de San Carlos Centro<\/b> acudieron en respuesta al llamado de emergencia y, al llegar, encontraron a Fern\u00e1ndez tendido en el suelo, a\u00fan rodeado de avispas, lo que dificult\u00f3 las tareas de rescate.<\/p>\n<p><\/p>\n<p class=\"paragraph\">La encargada de la Guardia del <b>Hospital Pedro Such\u00f3n<\/b>, <b>Carolina Borgna<\/b>, explic\u00f3 que entre las 18.30 y 18.40 ingres\u00f3 la comunicaci\u00f3n de los Bomberos, quienes informaron sobre el traslado de personas afectadas por picaduras de avispas. Primero llegaron las dos mujeres, una de las cuales presentaba un cuadro m\u00e1s complicado, con dificultad respiratoria y dolores intensos. Ambas recibieron atenci\u00f3n m\u00e9dica inmediata y lograron estabilizarlas. Poco despu\u00e9s, una ambulancia traslad\u00f3 a Fern\u00e1ndez, quien arrib\u00f3 pr\u00e1cticamente sin signos vitales.<\/p>\n<p><\/p>\n<p class=\"paragraph\">La m\u00e9dica detall\u00f3 que se realizaron maniobras de reanimaci\u00f3n cardiopulmonar (RCP) en el hospital, pero los esfuerzos resultaron infructuosos. Seg\u00fan las declaraciones recogidas por ambos medios, la condici\u00f3n al\u00e9rgica del hombre habr\u00eda sido un factor determinante en el desenlace fatal. \u201cSe le hicieron las maniobras de RCP, pero lamentablemente no pudo salir\u201d, indic\u00f3 Borgna.<\/p>\n<p><\/p>\n<p class=\"paragraph\">El ataque dej\u00f3 secuelas en las acompa\u00f1antes. La esposa de Fern\u00e1ndez sufri\u00f3 v\u00f3mitos y malestar, aunque fue dada de alta esa misma noche tras ser estabilizada. Por su parte, la cu\u00f1ada, vecina de <b>San Carlos Centro<\/b>, present\u00f3 una situaci\u00f3n m\u00e1s grave, con dificultad para respirar y dolores en el cuerpo, por lo que permaneci\u00f3 internada bajo tratamiento hasta la ma\u00f1ana del domingo, momento en que recibi\u00f3 el alta.<\/p>\n<p><\/p>\n<p class=\"paragraph\">La intervenci\u00f3n de los <b>Bomberos Voluntarios<\/b> result\u00f3 compleja debido a la persistencia del enjambre en el lugar del hecho. \u201cCost\u00f3 mucho acercarse y moverlo\u201d, relataron los efectivos a <i>Radio Sol<\/i>, en referencia al momento en que hallaron a Fern\u00e1ndez inconsciente en el suelo. Adem\u00e1s, peritos policiales realizaron las constataciones correspondientes en la zona donde ocurri\u00f3 todo. <\/p>\n","protected":false},"excerpt":{"rendered":"<p>Benito Fern\u00e1ndez, de 62 a\u00f1os, muri\u00f3 tras ser atacado mientras viajaba en auto con ventanillas bajas por el paraje Olivares, en San Carlos Centro. Su esposa y su cu\u00f1ada recibieron atenci\u00f3n m\u00e9dica y lograron recuperarse Una visita familiar en la zona rural de San Carlos Centro, en la provincia de Santa Fe, termin\u00f3 de manera [&hellip;]<\/p>\n","protected":false},"author":2,"featured_media":76735,"comment_status":"","ping_status":"","sticky":false,"template":"","format":"standard","meta":{"footnotes":""},"categories":[12],"tags":[],"_links":{"self":[{"href":"https:\/\/maxradio923.com.ar\/index.php\/wp-json\/wp\/v2\/posts\/76734"}],"collection":[{"href":"https:\/\/maxradio923.com.ar\/index.php\/wp-json\/wp\/v2\/posts"}],"about":[{"href":"https:\/\/maxradio923.com.ar\/index.php\/wp-json\/wp\/v2\/types\/post"}],"author":[{"embeddable":true,"href":"https:\/\/maxradio923.com.ar\/index.php\/wp-json\/wp\/v2\/users\/2"}],"replies":[{"embeddable":true,"href":"https:\/\/maxradio923.com.ar\/index.php\/wp-json\/wp\/v2\/comments?post=76734"}],"version-history":[{"count":0,"href":"https:\/\/maxradio923.com.ar\/index.php\/wp-json\/wp\/v2\/posts\/76734\/revisions"}],"wp:featuredmedia":[{"embeddable":true,"href":"https:\/\/maxradio923.com.ar\/index.php\/wp-json\/wp\/v2\/media\/76735"}],"wp:attachment":[{"href":"https:\/\/maxradio923.com.ar\/index.php\/wp-json\/wp\/v2\/media?parent=76734"}],"wp:term":[{"taxonomy":"category","embeddable":true,"href":"https:\/\/maxradio923.com.ar\/index.php\/wp-json\/wp\/v2\/categories?post=76734"},{"taxonomy":"post_tag","embeddable":true,"href":"https:\/\/maxradio923.com.ar\/index.php\/wp-json\/wp\/v2\/tags?post=76734"}],"curies":[{"name":"wp","href":"https:\/\/api.w.org\/{rel}","templated":true}]}}