{"id":76732,"date":"2026-02-03T03:06:05","date_gmt":"2026-02-03T06:06:05","guid":{"rendered":"https:\/\/maxradio923.com.ar\/index.php\/2026\/02\/03\/el-gobierno-ordeno-el-traslado-del-sable-corvo-de-san-martin-al-regimiento-de-granaderos\/"},"modified":"2026-02-03T03:06:05","modified_gmt":"2026-02-03T06:06:05","slug":"el-gobierno-ordeno-el-traslado-del-sable-corvo-de-san-martin-al-regimiento-de-granaderos","status":"publish","type":"post","link":"https:\/\/maxradio923.com.ar\/index.php\/2026\/02\/03\/el-gobierno-ordeno-el-traslado-del-sable-corvo-de-san-martin-al-regimiento-de-granaderos\/","title":{"rendered":"El Gobierno orden\u00f3 el traslado del Sable Corvo de San Mart\u00edn al Regimiento de Granaderos"},"content":{"rendered":"<p><\/p>\n<h2 class=\"article-subheadline text_align_left\">La hist\u00f3rica pieza, que perteneci\u00f3 al pr\u00f3cer argentino, ser\u00e1 custodiada de manera exclusiva en el cuartel de Palermo tras el decreto firmado por el presidente Javier Milei<\/h2>\n<p><\/p>\n<p class=\"paragraph\">El <b>Gobierno <\/b>orden\u00f3 el traslado del <i><b>Sable Corvo de San Mart\u00edn<\/b><\/i> al cuartel del <b>Regimiento de Granaderos a Caballo <\/b>en el barrio porte\u00f1o de <b>Palermo<\/b>. La decisi\u00f3n implica que el hist\u00f3rico sable, que perteneci\u00f3 al <b>Libertador General don Jos\u00e9 de San Mart\u00edn<\/b>, deje el <b>Museo Hist\u00f3rico Nacional<\/b> para quedar bajo custodia militar permanente.<\/p>\n<p><\/p>\n<p class=\"paragraph\">En <b>1963<\/b>, miembros de la \u201c<b>Juventud Peronista<\/b>\u201d lo sustrajeron aduciendo que quedar\u00eda en custodia de la juventud argentina. La pieza fue devuelta d\u00edas m\u00e1s tarde y provisionalmente resguardada en el Regimiento de Granaderos a Caballo. Un a\u00f1o despu\u00e9s, en virtud de un mandato judicial, el sable regres\u00f3 al museo, pero fue robado nuevamente en <b>1965 <\/b>por integrantes de la misma organizaci\u00f3n pol\u00edtica. Su paradero era desconocido hasta que fue devuelto al Ej\u00e9rcito el 4 de junio de 1966. Finalmente, mediante el decreto 8756\/1967, el Gobierno dispuso su guarda definitiva en el Regimiento de Granaderos a Caballo.<\/p>\n<p><\/p>\n<p class=\"paragraph\">En <b>2015<\/b>, bajo la gesti\u00f3n de Cristina Kirchner, un decreto presidencial orden\u00f3 el traslado del sable al <b>Museo Hist\u00f3rico Nacional<\/b>, rompiendo casi cinco d\u00e9cadas de custodia por parte de los Granaderos a Caballo. Esta medida no surgi\u00f3 de motivos t\u00e9cnicos ni de preservaci\u00f3n, sino de una lectura ideol\u00f3gica orientada a separar a San Mart\u00edn de su dimensi\u00f3n militar. El museo, durante el per\u00edodo en cuesti\u00f3n, exhibi\u00f3 <b>reiteradas debilidades en seguridad<\/b>, lo que facilit\u00f3 no solo los robos previos del propio sable, sino tambi\u00e9n los de otros objetos de valor: en 2000 desapareci\u00f3 una tabaquera de <b>San Mart\u00edn<\/b>; en 2007, un reloj de oro regalado a <b>Manuel Belgrano<\/b> por el rey Jorge III de Inglaterra; y en 2020, la colecci\u00f3n de monedas guardada en la caja fuerte del museo.<\/p>\n<p><\/p>\n<p class=\"paragraph\">Algunos hechos llamativos en el acto inaugural de la sala dise\u00f1ada para la exposici\u00f3n del sable fue la invitaci\u00f3n al individuo que lo rob\u00f3, y que en 2023, previo a las PASO, se haya prestado el sable a un grupo de ex integrantes de la Juventud Peronista, incluyendo a esta persona. <\/p>\n<p><\/p>\n<p class=\"paragraph\">El Regimiento de Granaderos a Caballo cumple con el<b> C\u00f3digo de Deontolog\u00eda del Consejo Internacional de Museos<\/b> (<b>ICOM<\/b>\/<b>UNESCO<\/b>) y alberga valiosos testimonios de la gesta sanmartiniana. Su museo recibe decenas de escuelas y p\u00fablico en general, y ha sido destacado en eventos internacionales como el <b>Museum Week<\/b>. A este crecimiento se suma la ampliaci\u00f3n programada, motivada por la <b>Fundaci\u00f3n Granaderos a Caballo<\/b> y el aumento del p\u00fablico, con el fin de ofrecer servicios y propuestas museol\u00f3gicas acordes a su importancia.<\/p>\n<p><\/p>\n<p class=\"paragraph\">El decreto publicado este martes subraya la importancia de asegurar administraci\u00f3n y custodia responsable sobre los bienes patrimoniales de la Naci\u00f3n: \u201cEsta medida se inscribe en una decisi\u00f3n del Estado nacional orientada a honrar la historia nacional, asegurar una administraci\u00f3n responsable del patrimonio p\u00fablico y reafirmar [&#8230;] la soberan\u00eda, la independencia y la libertad como principios rectores del orden republicano\u201d.<\/p>\n","protected":false},"excerpt":{"rendered":"<p>La hist\u00f3rica pieza, que perteneci\u00f3 al pr\u00f3cer argentino, ser\u00e1 custodiada de manera exclusiva en el cuartel de Palermo tras el decreto firmado por el presidente Javier Milei El Gobierno orden\u00f3 el traslado del Sable Corvo de San Mart\u00edn al cuartel del Regimiento de Granaderos a Caballo en el barrio porte\u00f1o de Palermo. La decisi\u00f3n implica [&hellip;]<\/p>\n","protected":false},"author":2,"featured_media":76733,"comment_status":"","ping_status":"","sticky":false,"template":"","format":"standard","meta":{"footnotes":""},"categories":[12],"tags":[],"_links":{"self":[{"href":"https:\/\/maxradio923.com.ar\/index.php\/wp-json\/wp\/v2\/posts\/76732"}],"collection":[{"href":"https:\/\/maxradio923.com.ar\/index.php\/wp-json\/wp\/v2\/posts"}],"about":[{"href":"https:\/\/maxradio923.com.ar\/index.php\/wp-json\/wp\/v2\/types\/post"}],"author":[{"embeddable":true,"href":"https:\/\/maxradio923.com.ar\/index.php\/wp-json\/wp\/v2\/users\/2"}],"replies":[{"embeddable":true,"href":"https:\/\/maxradio923.com.ar\/index.php\/wp-json\/wp\/v2\/comments?post=76732"}],"version-history":[{"count":0,"href":"https:\/\/maxradio923.com.ar\/index.php\/wp-json\/wp\/v2\/posts\/76732\/revisions"}],"wp:featuredmedia":[{"embeddable":true,"href":"https:\/\/maxradio923.com.ar\/index.php\/wp-json\/wp\/v2\/media\/76733"}],"wp:attachment":[{"href":"https:\/\/maxradio923.com.ar\/index.php\/wp-json\/wp\/v2\/media?parent=76732"}],"wp:term":[{"taxonomy":"category","embeddable":true,"href":"https:\/\/maxradio923.com.ar\/index.php\/wp-json\/wp\/v2\/categories?post=76732"},{"taxonomy":"post_tag","embeddable":true,"href":"https:\/\/maxradio923.com.ar\/index.php\/wp-json\/wp\/v2\/tags?post=76732"}],"curies":[{"name":"wp","href":"https:\/\/api.w.org\/{rel}","templated":true}]}}