{"id":76730,"date":"2026-02-03T02:50:11","date_gmt":"2026-02-03T05:50:11","guid":{"rendered":"https:\/\/maxradio923.com.ar\/index.php\/2026\/02\/03\/en-pleno-viaje-se-incendiaron-dos-vagones-del-tren-de-las-sierras-de-cordoba\/"},"modified":"2026-02-03T02:50:11","modified_gmt":"2026-02-03T05:50:11","slug":"en-pleno-viaje-se-incendiaron-dos-vagones-del-tren-de-las-sierras-de-cordoba","status":"publish","type":"post","link":"https:\/\/maxradio923.com.ar\/index.php\/2026\/02\/03\/en-pleno-viaje-se-incendiaron-dos-vagones-del-tren-de-las-sierras-de-cordoba\/","title":{"rendered":"En pleno viaje, se incendiaron dos vagones del Tren de las Sierras de C\u00f3rdoba"},"content":{"rendered":"<p><\/p>\n<h2 class=\"article-subheadline text_align_left\">M\u00e1s de 100 pasajeros debieron ser evacuados cuando las llamas se apoderaron de la formaci\u00f3n, que viajaba entre Cosqu\u00edn y La Calera<\/h2>\n<p><\/p>\n<p class=\"paragraph\">Una densa columna de humo sorprendi\u00f3 a los pasajeros cuando <b>dos vagones del Tren de las Sierras se incendiaron en pleno trayecto entre Cosqu\u00edn y La Calera<\/b>, en la provincia de <b>C\u00f3rdoba<\/b>, alterando la rutina de un viaje que parec\u00eda transcurrir con normalidad. El incidente moviliz\u00f3 a bomberos, fuerzas de seguridad y autoridades provinciales, generando escenas de tensi\u00f3n en la estaci\u00f3n ferroviaria de <b>La Calera<\/b>.<\/p>\n<p><\/p>\n<p class=\"paragraph\">El operativo, bajo la supervisi\u00f3n directa del <b>ministro de Seguridad, Juan Pablo Quinteros<\/b>, incluy\u00f3 la colaboraci\u00f3n de autoridades del <b>Ministerio P\u00fablico Fiscal<\/b> y la intervenci\u00f3n de la <b>Polic\u00eda Federal Argentina<\/b>. Personal de <b>Bomberos Voluntarios<\/b> y de <b>Defensa Civil<\/b> local trabaj\u00f3 para contener las llamas y asegurar el per\u00edmetro de la estaci\u00f3n.<\/p>\n<p><\/p>\n<p class=\"paragraph\">Como consecuencia de la inhalaci\u00f3n de humo, <b>una ni\u00f1a debi\u00f3 ser hospitalizada y varias personas recibieron atenci\u00f3n m\u00e9dica<\/b>, sobre todo quienes pertenecen a grupos vulnerables. Ninguna de las personas asistidas present\u00f3 cuadros de gravedad.<\/p>\n<p><\/p>\n<p class=\"paragraph\">Testigos en el lugar narraron que en la parada de <b>Bialet Mass\u00e9<\/b> algunos pasajeros hab\u00edan notado olor a quemado, aunque en ese momento no se le dio mayor relevancia. Al acercarse a <b>La Calera<\/b>, la situaci\u00f3n se volvi\u00f3 evidente y los pasajeros descendieron r\u00e1pidamente. \u201cNos ayudamos entre todos y todos colaboraron en bajar con tranquilidad para que no pasara a mayores\u201d, describi\u00f3 una de las pasajeras en declaraciones al <i>El Doce<\/i>.<\/p>\n<p><\/p>\n<p class=\"paragraph\">Las causas que originaron el incendio permanecen bajo investigaci\u00f3n. Seg\u00fan fuentes oficiales, la prioridad pas\u00f3 por garantizar la integridad de los pasajeros y restablecer el servicio en condiciones seguras. Ahora, solo resta realizar las pericias. <\/p>\n<p><\/p>\n<p class=\"paragraph\">Un incendio en un <b>edificio de once pisos<\/b> ubicado en <b>Avenida Cervi\u00f1o y John Kennedy<\/b> provoc\u00f3 la evacuaci\u00f3n de <b>25 personas<\/b> durante el mediod\u00eda del pasado jueves. El fuego se origin\u00f3 en el <b>ducto cargador de gases del inmueble<\/b>, seg\u00fan informaron fuentes policiales. El incidente moviliz\u00f3 a personal de <b>bomberos<\/b>, el <b>Sistema de Atenci\u00f3n M\u00e9dica de Emergencias (SAME)<\/b> y 15 ambulancias<i>.<\/i><\/p>\n","protected":false},"excerpt":{"rendered":"<p>M\u00e1s de 100 pasajeros debieron ser evacuados cuando las llamas se apoderaron de la formaci\u00f3n, que viajaba entre Cosqu\u00edn y La Calera Una densa columna de humo sorprendi\u00f3 a los pasajeros cuando dos vagones del Tren de las Sierras se incendiaron en pleno trayecto entre Cosqu\u00edn y La Calera, en la provincia de C\u00f3rdoba, alterando [&hellip;]<\/p>\n","protected":false},"author":2,"featured_media":76731,"comment_status":"","ping_status":"","sticky":false,"template":"","format":"standard","meta":{"footnotes":""},"categories":[12],"tags":[],"_links":{"self":[{"href":"https:\/\/maxradio923.com.ar\/index.php\/wp-json\/wp\/v2\/posts\/76730"}],"collection":[{"href":"https:\/\/maxradio923.com.ar\/index.php\/wp-json\/wp\/v2\/posts"}],"about":[{"href":"https:\/\/maxradio923.com.ar\/index.php\/wp-json\/wp\/v2\/types\/post"}],"author":[{"embeddable":true,"href":"https:\/\/maxradio923.com.ar\/index.php\/wp-json\/wp\/v2\/users\/2"}],"replies":[{"embeddable":true,"href":"https:\/\/maxradio923.com.ar\/index.php\/wp-json\/wp\/v2\/comments?post=76730"}],"version-history":[{"count":0,"href":"https:\/\/maxradio923.com.ar\/index.php\/wp-json\/wp\/v2\/posts\/76730\/revisions"}],"wp:featuredmedia":[{"embeddable":true,"href":"https:\/\/maxradio923.com.ar\/index.php\/wp-json\/wp\/v2\/media\/76731"}],"wp:attachment":[{"href":"https:\/\/maxradio923.com.ar\/index.php\/wp-json\/wp\/v2\/media?parent=76730"}],"wp:term":[{"taxonomy":"category","embeddable":true,"href":"https:\/\/maxradio923.com.ar\/index.php\/wp-json\/wp\/v2\/categories?post=76730"},{"taxonomy":"post_tag","embeddable":true,"href":"https:\/\/maxradio923.com.ar\/index.php\/wp-json\/wp\/v2\/tags?post=76730"}],"curies":[{"name":"wp","href":"https:\/\/api.w.org\/{rel}","templated":true}]}}