{"id":76728,"date":"2026-02-03T02:34:05","date_gmt":"2026-02-03T05:34:05","guid":{"rendered":"https:\/\/maxradio923.com.ar\/index.php\/2026\/02\/03\/un-gremialista-amenazo-de-muerte-al-director-de-un-hospital-de-chaco-por-exigirle-cumplir-sus-horarios\/"},"modified":"2026-02-03T02:34:05","modified_gmt":"2026-02-03T05:34:05","slug":"un-gremialista-amenazo-de-muerte-al-director-de-un-hospital-de-chaco-por-exigirle-cumplir-sus-horarios","status":"publish","type":"post","link":"https:\/\/maxradio923.com.ar\/index.php\/2026\/02\/03\/un-gremialista-amenazo-de-muerte-al-director-de-un-hospital-de-chaco-por-exigirle-cumplir-sus-horarios\/","title":{"rendered":"Un gremialista amenaz\u00f3 de muerte al director de un hospital de Chaco por exigirle \u201ccumplir sus horarios\u201d"},"content":{"rendered":"<p><\/p>\n<h2 class=\"article-subheadline text_align_left\">Jaime C\u00e9sar Etchelouz, titular del centro de salud, aport\u00f3 audios como prueba ante la Comisar\u00eda Cuarta y solicit\u00f3 la prohibici\u00f3n de acercamiento del dirigente sindical<\/h2>\n<p><\/p>\n<p class=\"paragraph\">En la provincia de <b>Chaco<\/b>, el <b>director del Hospital \u201c4 de Junio\u201d <\/b>de<b> Presidencia Roque S\u00e1enz Pe\u00f1a<\/b>,<b> Jaime C\u00e9sar Etchelouz<\/b>,<b> denunci\u00f3 que recibi\u00f3 amenazas de muerte<\/b> a trav\u00e9s de audios enviados<b> por el secretario general de ATE<\/b>, en el contexto de un conflicto administrativo que involucra a personal del hospital y la aplicaci\u00f3n de normas laborales. El caso ya est\u00e1 bajo investigaci\u00f3n judicial.<\/p>\n<p><\/p>\n<p class=\"paragraph\">En la declaraci\u00f3n policial, <b>Etchelouz<\/b> sostuvo que los audios enviados por <b>Luna<\/b> conten\u00edan expresiones directas que pon\u00edan en riesgo su integridad f\u00edsica. El funcionario dej\u00f3 constancia de que las amenazas fueron expl\u00edcitas y que los archivos de audio se encuentran a disposici\u00f3n de la Justicia como prueba del hecho. Tras evaluar la gravedad de la situaci\u00f3n, el director solicit\u00f3 formalmente una prohibici\u00f3n de acceso y acercamiento por parte de <b>Ricardo Luna<\/b> hacia su persona.<\/p>\n<p><\/p>\n<p class=\"paragraph\">El procedimiento policial incluy\u00f3 la certificaci\u00f3n de la denuncia y la recepci\u00f3n de los elementos probatorios aportados por <b>Etchelouz<\/b>. Las actuaciones ya quedaron a disposici\u00f3n de la Justicia, que deber\u00e1 avanzar con la investigaci\u00f3n y analizar la posible adopci\u00f3n de medidas legales. <\/p>\n<p><\/p>\n<p class=\"paragraph\">El director expres\u00f3 su intenci\u00f3n de impulsar acciones penales contra el dirigente de <b>ATE<\/b> y dej\u00f3 registro de la existencia de los audios intimidatorios.<\/p>\n<p><\/p>\n<p class=\"paragraph\"><b>Jon\u00e1s de Napoli<\/b>, un joven de 20 a\u00f1os que trabajaba en un aserradero de <b>Eldorado<\/b>, provincia de <i><b>Misiones<\/b><\/i>, relat\u00f3 en las redes sociales la <b>pesadilla <\/b>que sufri\u00f3 d\u00edas atr\u00e1s con sus empleadores, que lo sometieron a un brutal castigo cuando regres\u00f3 de un reposo tras haber sufrido un <b>accidente laboral<\/b> y le obligaron a firmar la renuncia. En ese contexto, la v\u00edctima se mostr\u00f3 con visibles <b>lesiones en el cuello y el rostro<\/b>, y la Polic\u00eda provincial ya detuvo a los tres sospechosos.<\/p>\n<p><\/p>\n<p class=\"paragraph\">De acuerdo con el estremecedor relato que comparti\u00f3 el propio Jon\u00e1s, la violenta situaci\u00f3n ocurri\u00f3 el lunes 19 de enero, cuando se present\u00f3 en la <b>maderera La Nativa<\/b>, su lugar de trabajo, para retomar sus funciones. Sin embargo, la respuesta de los due\u00f1os de la carpinter\u00eda no fue la esperada: no solo le dijeron que no le dar\u00edan m\u00e1s trabajo, sino que, adem\u00e1s, le comunicaron que no le pagar\u00edan ninguno de los d\u00edas que estuvo en rehabilitaci\u00f3n. No conformes con ello, tambi\u00e9n lo obligaron a firmar unos papeles en blanco para concretar su renuncia.<\/p>\n","protected":false},"excerpt":{"rendered":"<p>Jaime C\u00e9sar Etchelouz, titular del centro de salud, aport\u00f3 audios como prueba ante la Comisar\u00eda Cuarta y solicit\u00f3 la prohibici\u00f3n de acercamiento del dirigente sindical En la provincia de Chaco, el director del Hospital \u201c4 de Junio\u201d de Presidencia Roque S\u00e1enz Pe\u00f1a, Jaime C\u00e9sar Etchelouz, denunci\u00f3 que recibi\u00f3 amenazas de muerte a trav\u00e9s de audios [&hellip;]<\/p>\n","protected":false},"author":2,"featured_media":76729,"comment_status":"","ping_status":"","sticky":false,"template":"","format":"standard","meta":{"footnotes":""},"categories":[12],"tags":[],"_links":{"self":[{"href":"https:\/\/maxradio923.com.ar\/index.php\/wp-json\/wp\/v2\/posts\/76728"}],"collection":[{"href":"https:\/\/maxradio923.com.ar\/index.php\/wp-json\/wp\/v2\/posts"}],"about":[{"href":"https:\/\/maxradio923.com.ar\/index.php\/wp-json\/wp\/v2\/types\/post"}],"author":[{"embeddable":true,"href":"https:\/\/maxradio923.com.ar\/index.php\/wp-json\/wp\/v2\/users\/2"}],"replies":[{"embeddable":true,"href":"https:\/\/maxradio923.com.ar\/index.php\/wp-json\/wp\/v2\/comments?post=76728"}],"version-history":[{"count":0,"href":"https:\/\/maxradio923.com.ar\/index.php\/wp-json\/wp\/v2\/posts\/76728\/revisions"}],"wp:featuredmedia":[{"embeddable":true,"href":"https:\/\/maxradio923.com.ar\/index.php\/wp-json\/wp\/v2\/media\/76729"}],"wp:attachment":[{"href":"https:\/\/maxradio923.com.ar\/index.php\/wp-json\/wp\/v2\/media?parent=76728"}],"wp:term":[{"taxonomy":"category","embeddable":true,"href":"https:\/\/maxradio923.com.ar\/index.php\/wp-json\/wp\/v2\/categories?post=76728"},{"taxonomy":"post_tag","embeddable":true,"href":"https:\/\/maxradio923.com.ar\/index.php\/wp-json\/wp\/v2\/tags?post=76728"}],"curies":[{"name":"wp","href":"https:\/\/api.w.org\/{rel}","templated":true}]}}