{"id":76724,"date":"2026-02-03T02:05:02","date_gmt":"2026-02-03T05:05:02","guid":{"rendered":"https:\/\/maxradio923.com.ar\/index.php\/2026\/02\/03\/rusia-advirtio-que-fuerzas-militares-extranjeras-en-ucrania-se-convertiran-en-objetivos-legitimos\/"},"modified":"2026-02-03T02:05:02","modified_gmt":"2026-02-03T05:05:02","slug":"rusia-advirtio-que-fuerzas-militares-extranjeras-en-ucrania-se-convertiran-en-objetivos-legitimos","status":"publish","type":"post","link":"https:\/\/maxradio923.com.ar\/index.php\/2026\/02\/03\/rusia-advirtio-que-fuerzas-militares-extranjeras-en-ucrania-se-convertiran-en-objetivos-legitimos\/","title":{"rendered":"Rusia advirti\u00f3 que fuerzas militares extranjeras en Ucrania \u201cse convertir\u00e1n en objetivos leg\u00edtimos\u201d"},"content":{"rendered":"<p><\/p>\n<div xmlns:default=\"http:\/\/www.w3.org\/2000\/svg\">\n<div class=\"visual__image image-initial-width\"><picture><source srcset=\"https:\/\/www.infobae.com\/resizer\/v2\/37D7BKILMZEWVNND65BWITMNMA.JPG?auth=d237b31ff1205f666e444dd1cc6ef3a2335137f2e7ee7bd3dee6fc663a2ff4f4&amp;smart=true&amp;width=992&amp;height=619&amp;quality=85\" media=\"(min-width: 1000px)\"\/><source srcset=\"https:\/\/www.infobae.com\/resizer\/v2\/37D7BKILMZEWVNND65BWITMNMA.JPG?auth=d237b31ff1205f666e444dd1cc6ef3a2335137f2e7ee7bd3dee6fc663a2ff4f4&amp;smart=true&amp;width=768&amp;height=480&amp;quality=85\" media=\"(min-width: 768px)\"\/><source srcset=\"https:\/\/www.infobae.com\/resizer\/v2\/37D7BKILMZEWVNND65BWITMNMA.JPG?auth=d237b31ff1205f666e444dd1cc6ef3a2335137f2e7ee7bd3dee6fc663a2ff4f4&amp;smart=true&amp;width=577&amp;height=360&amp;quality=85\" media=\"(min-width: 580px)\"\/><source srcset=\"https:\/\/www.infobae.com\/resizer\/v2\/37D7BKILMZEWVNND65BWITMNMA.JPG?auth=d237b31ff1205f666e444dd1cc6ef3a2335137f2e7ee7bd3dee6fc663a2ff4f4&amp;smart=true&amp;width=420&amp;height=262&amp;quality=85\" media=\"(min-width: 350px)\"\/><source srcset=\"https:\/\/www.infobae.com\/resizer\/v2\/37D7BKILMZEWVNND65BWITMNMA.JPG?auth=d237b31ff1205f666e444dd1cc6ef3a2335137f2e7ee7bd3dee6fc663a2ff4f4&amp;smart=true&amp;width=350&amp;height=219&amp;quality=85\" media=\"(min-width: 80px)\"\/><img alt=\"El ministro de Exteriores ruso,\" class=\"global-image\" decoding=\"async\" fetchpriority=\"high\" height=\"3040\" loading=\"eager\" src=\"https:\/\/www.infobae.com\/resizer\/v2\/37D7BKILMZEWVNND65BWITMNMA.JPG?auth=d237b31ff1205f666e444dd1cc6ef3a2335137f2e7ee7bd3dee6fc663a2ff4f4&amp;smart=true&amp;width=350&amp;height=219&amp;quality=85\" width=\"4868\"\/><\/picture><figcaption class=\"article-figcaption-img\">El ministro de Exteriores ruso, Sergei Lavrov (REUTERS)<\/figcaption><\/div>\n<p class=\"paragraph\">El Gobierno de <b>Rusia<\/b> advirti\u00f3 el lunes que considerar\u00e1 como una intervenci\u00f3n extranjera el despliegue de cualquier fuerza militar o infraestructura de otros pa\u00edses en <b>Ucrania<\/b> y que tratar\u00e1 a esos efectivos como objetivos leg\u00edtimos, inform\u00f3 el <b>Ministerio de Relaciones Exteriores ruso<\/b>, al citar declaraciones del canciller <b>Serguei Lavrov<\/b>.<\/p>\n<p class=\"paragraph\">El ministerio se\u00f1al\u00f3 que el pronunciamiento form\u00f3 parte de una serie de respuestas a preguntas dirigidas a Lavrov. En ese marco, indic\u00f3 en un comunicado publicado en su sitio web: \u201cEl despliegue de unidades militares, instalaciones, dep\u00f3sitos y otra infraestructura de pa\u00edses occidentales en Ucrania es inaceptable para nosotros y <b>ser\u00e1 considerado una intervenci\u00f3n extranjera que plantea una amenaza directa a la seguridad de Rusia\u201d<\/b>.<\/p>\n<p class=\"paragraph\">Seg\u00fan la cartera diplom\u00e1tica, pa\u00edses occidentales debatieron una posible presencia militar en Ucrania con el objetivo de ayudar a garantizar cualquier acuerdo de paz. Ante esa posibilidad, el ministerio sostuvo que esas naciones deben entender <b>\u201cque todos los contingentes militares extranjeros, incluidos los alemanes, si se despliegan en Ucrania, se convertir\u00e1n en objetivos leg\u00edtimos para las Fuerzas Armadas rusas\u201d<\/b>.<\/p>\n<p class=\"paragraph\">El comunicado reiter\u00f3 que Mosc\u00fa no tolerar\u00e1 la presencia de tropas de pa\u00edses occidentales en Ucrania. Esa posici\u00f3n fue expresada en varias oportunidades por autoridades rusas.<\/p>\n<p class=\"paragraph\">En paralelo, el Ministerio de Relaciones Exteriores destac\u00f3 los esfuerzos diplom\u00e1ticos impulsados por <b>Estados Unidos<\/b> para avanzar hacia una resoluci\u00f3n del conflicto. El texto indic\u00f3 que Washington encabez\u00f3 iniciativas para mantener conversaciones orientadas a poner fin a la guerra y que esta semana est\u00e1 prevista una segunda reuni\u00f3n tripartita con representantes de Rusia y Ucrania en los <b>Emiratos \u00c1rabes Unidos<\/b>.<\/p>\n<div class=\"visual__image\"><picture><source srcset=\"https:\/\/www.infobae.com\/resizer\/v2\/3A7WEXUN3JET3BOPSOJDWP2D2I.jpg?auth=27e9df6dab20c5f780bb8c1890797697cfef6ad244c7231c79e80a538d078687&amp;smart=true&amp;width=992&amp;height=661&amp;quality=85\" media=\"(min-width: 1000px)\"\/><source srcset=\"https:\/\/www.infobae.com\/resizer\/v2\/3A7WEXUN3JET3BOPSOJDWP2D2I.jpg?auth=27e9df6dab20c5f780bb8c1890797697cfef6ad244c7231c79e80a538d078687&amp;smart=true&amp;width=768&amp;height=512&amp;quality=85\" media=\"(min-width: 768px)\"\/><source srcset=\"https:\/\/www.infobae.com\/resizer\/v2\/3A7WEXUN3JET3BOPSOJDWP2D2I.jpg?auth=27e9df6dab20c5f780bb8c1890797697cfef6ad244c7231c79e80a538d078687&amp;smart=true&amp;width=577&amp;height=384&amp;quality=85\" media=\"(min-width: 580px)\"\/><source srcset=\"https:\/\/www.infobae.com\/resizer\/v2\/3A7WEXUN3JET3BOPSOJDWP2D2I.jpg?auth=27e9df6dab20c5f780bb8c1890797697cfef6ad244c7231c79e80a538d078687&amp;smart=true&amp;width=420&amp;height=280&amp;quality=85\" media=\"(min-width: 350px)\"\/><source srcset=\"https:\/\/www.infobae.com\/resizer\/v2\/3A7WEXUN3JET3BOPSOJDWP2D2I.jpg?auth=27e9df6dab20c5f780bb8c1890797697cfef6ad244c7231c79e80a538d078687&amp;smart=true&amp;width=350&amp;height=233&amp;quality=85\" media=\"(min-width: 80px)\"\/><img alt=\"El Ministerio de Relaciones Exteriores\" class=\"global-image\" decoding=\"async\" fetchpriority=\"low\" height=\"1279\" loading=\"lazy\" src=\"https:\/\/www.infobae.com\/resizer\/v2\/3A7WEXUN3JET3BOPSOJDWP2D2I.jpg?auth=27e9df6dab20c5f780bb8c1890797697cfef6ad244c7231c79e80a538d078687&amp;smart=true&amp;width=350&amp;height=233&amp;quality=85\" width=\"1920\"\/><\/picture><figcaption class=\"article-figcaption-img\">El Ministerio de Relaciones Exteriores destac\u00f3 los esfuerzos diplom\u00e1ticos impulsados por Estados Unidos para avanzar hacia una resoluci\u00f3n del conflicto (EP)<\/figcaption><\/div>\n<p class=\"paragraph\">El comunicado precis\u00f3 que uno de los principales puntos de fricci\u00f3n en las negociaciones sigue siendo la cuesti\u00f3n territorial. Seg\u00fan el texto, el problema de ceder territorio ucraniano reconocido internacionalmente a Rusia constituye un obst\u00e1culo central. En ese sentido, <b>se\u00f1al\u00f3 que Kiev rechaza los llamados de Rusia para que entregue toda la regi\u00f3n del Donb\u00e1s<\/b>, incluidas \u00e1reas que las fuerzas de Mosc\u00fa no controlan.<\/p>\n<p class=\"paragraph\">La cartera diplom\u00e1tica rusa tambi\u00e9n expres\u00f3 una valoraci\u00f3n positiva del rol del presidente estadounidense <b>Donald Trump<\/b>. En el comunicado, el ministerio afirm\u00f3 que Mosc\u00fa aprecia los <b>\u201cesfuerzos deliberados\u201d<\/b> de la administraci\u00f3n Trump para trabajar en una resoluci\u00f3n del conflicto y para comprender las preocupaciones de larga data de Rusia sobre la expansi\u00f3n de la Organizaci\u00f3n del Tratado del Atl\u00e1ntico Norte (<b>OTAN<\/b>) hacia el este y sus acercamientos a Ucrania.<\/p>\n<p class=\"paragraph\">En ese marco, el texto describi\u00f3 al mandatario estadounidense como <b>\u201cuno de los pocos pol\u00edticos occidentales que no solo se neg\u00f3 de inmediato a promover condiciones previas sin sentido y destructivas para iniciar un di\u00e1logo sustantivo con Mosc\u00fa sobre la crisis ucraniana, sino que tambi\u00e9n habl\u00f3 p\u00fablicamente sobre sus causas profundas\u201d<\/b>.<\/p>\n<div class=\"visual__image\"><picture><source srcset=\"https:\/\/www.infobae.com\/resizer\/v2\/AO4RIZHCHFG4HBEOOBTXT3367Q.jpg?auth=87bebc22442ec56b61b6531c8a1ea841c99e2317113bc3d5c1dbe76bd108f65e&amp;smart=true&amp;width=992&amp;height=661&amp;quality=85\" media=\"(min-width: 1000px)\"\/><source srcset=\"https:\/\/www.infobae.com\/resizer\/v2\/AO4RIZHCHFG4HBEOOBTXT3367Q.jpg?auth=87bebc22442ec56b61b6531c8a1ea841c99e2317113bc3d5c1dbe76bd108f65e&amp;smart=true&amp;width=768&amp;height=512&amp;quality=85\" media=\"(min-width: 768px)\"\/><source srcset=\"https:\/\/www.infobae.com\/resizer\/v2\/AO4RIZHCHFG4HBEOOBTXT3367Q.jpg?auth=87bebc22442ec56b61b6531c8a1ea841c99e2317113bc3d5c1dbe76bd108f65e&amp;smart=true&amp;width=577&amp;height=385&amp;quality=85\" media=\"(min-width: 580px)\"\/><source srcset=\"https:\/\/www.infobae.com\/resizer\/v2\/AO4RIZHCHFG4HBEOOBTXT3367Q.jpg?auth=87bebc22442ec56b61b6531c8a1ea841c99e2317113bc3d5c1dbe76bd108f65e&amp;smart=true&amp;width=420&amp;height=280&amp;quality=85\" media=\"(min-width: 350px)\"\/><source srcset=\"https:\/\/www.infobae.com\/resizer\/v2\/AO4RIZHCHFG4HBEOOBTXT3367Q.jpg?auth=87bebc22442ec56b61b6531c8a1ea841c99e2317113bc3d5c1dbe76bd108f65e&amp;smart=true&amp;width=350&amp;height=233&amp;quality=85\" media=\"(min-width: 80px)\"\/><img alt=\"La cartera diplom\u00e1tica rusa tambi\u00e9n\" class=\"global-image\" decoding=\"async\" fetchpriority=\"low\" height=\"3999\" loading=\"lazy\" src=\"https:\/\/www.infobae.com\/resizer\/v2\/AO4RIZHCHFG4HBEOOBTXT3367Q.jpg?auth=87bebc22442ec56b61b6531c8a1ea841c99e2317113bc3d5c1dbe76bd108f65e&amp;smart=true&amp;width=350&amp;height=233&amp;quality=85\" width=\"6000\"\/><\/picture><figcaption class=\"article-figcaption-img\">La cartera diplom\u00e1tica rusa tambi\u00e9n expres\u00f3 una valoraci\u00f3n positiva del rol del presidente estadounidense Donald Trump (AP)<\/figcaption><\/div>\n<p class=\"paragraph\">El ministerio subray\u00f3 que la postura rusa se mantiene sin cambios respecto de la presencia militar extranjera en Ucrania.<\/p>\n<p class=\"paragraph\">Las declaraciones se difundieron mientras contin\u00faan los contactos diplom\u00e1ticos impulsados por Estados Unidos y en un contexto de debates entre pa\u00edses occidentales sobre posibles mecanismos para respaldar un eventual acuerdo de paz en Ucrania.<\/p>\n<p class=\"paragraph\"><i>(Con informaci\u00f3n de REUTERS)<\/i><\/p>\n<\/div>\n<p><script defer=\"\">try{!function(f,b,e,v,n,t,s) {if(f.fbq)return;n=f.fbq=function(){n.callMethod? n.callMethod.apply(n,arguments):n.queue.push(arguments)}; if(!f._fbq)f._fbq=n;n.push=n;n.loaded=!0;n.version='2.0'; n.queue=[];t=b.createElement(e);t.async=!0; t.src=v;s=b.getElementsByTagName(e)[0]; s.parentNode.insertBefore(t,s)}(window, document,'script', ' fbq('init', '336383993555320'); fbq('track', 'PageView'); fbq('track', 'ViewContent');}catch(error){console.log(\"Error al inicializar facebookPixelRawCodeScript:\",error);}<\/script><\/p>\n","protected":false},"excerpt":{"rendered":"<p>El ministro de Exteriores ruso, Sergei Lavrov (REUTERS) El Gobierno de Rusia advirti\u00f3 el lunes que considerar\u00e1 como una intervenci\u00f3n extranjera el despliegue de cualquier fuerza militar o infraestructura de otros pa\u00edses en Ucrania y que tratar\u00e1 a esos efectivos como objetivos leg\u00edtimos, inform\u00f3 el Ministerio de Relaciones Exteriores ruso, al citar declaraciones del canciller [&hellip;]<\/p>\n","protected":false},"author":2,"featured_media":76725,"comment_status":"","ping_status":"","sticky":false,"template":"","format":"standard","meta":{"footnotes":""},"categories":[3],"tags":[],"_links":{"self":[{"href":"https:\/\/maxradio923.com.ar\/index.php\/wp-json\/wp\/v2\/posts\/76724"}],"collection":[{"href":"https:\/\/maxradio923.com.ar\/index.php\/wp-json\/wp\/v2\/posts"}],"about":[{"href":"https:\/\/maxradio923.com.ar\/index.php\/wp-json\/wp\/v2\/types\/post"}],"author":[{"embeddable":true,"href":"https:\/\/maxradio923.com.ar\/index.php\/wp-json\/wp\/v2\/users\/2"}],"replies":[{"embeddable":true,"href":"https:\/\/maxradio923.com.ar\/index.php\/wp-json\/wp\/v2\/comments?post=76724"}],"version-history":[{"count":0,"href":"https:\/\/maxradio923.com.ar\/index.php\/wp-json\/wp\/v2\/posts\/76724\/revisions"}],"wp:featuredmedia":[{"embeddable":true,"href":"https:\/\/maxradio923.com.ar\/index.php\/wp-json\/wp\/v2\/media\/76725"}],"wp:attachment":[{"href":"https:\/\/maxradio923.com.ar\/index.php\/wp-json\/wp\/v2\/media?parent=76724"}],"wp:term":[{"taxonomy":"category","embeddable":true,"href":"https:\/\/maxradio923.com.ar\/index.php\/wp-json\/wp\/v2\/categories?post=76724"},{"taxonomy":"post_tag","embeddable":true,"href":"https:\/\/maxradio923.com.ar\/index.php\/wp-json\/wp\/v2\/tags?post=76724"}],"curies":[{"name":"wp","href":"https:\/\/api.w.org\/{rel}","templated":true}]}}