{"id":76719,"date":"2026-02-03T01:34:05","date_gmt":"2026-02-03T04:34:05","guid":{"rendered":"https:\/\/maxradio923.com.ar\/index.php\/2026\/02\/03\/netanyahu-advirtio-que-el-regimen-de-iran-sufrira-consecuencias-insoportables-si-decide-atacar-israel\/"},"modified":"2026-02-03T01:34:05","modified_gmt":"2026-02-03T04:34:05","slug":"netanyahu-advirtio-que-el-regimen-de-iran-sufrira-consecuencias-insoportables-si-decide-atacar-israel","status":"publish","type":"post","link":"https:\/\/maxradio923.com.ar\/index.php\/2026\/02\/03\/netanyahu-advirtio-que-el-regimen-de-iran-sufrira-consecuencias-insoportables-si-decide-atacar-israel\/","title":{"rendered":"Netanyahu advirti\u00f3 que el r\u00e9gimen de Ir\u00e1n \u201csufrir\u00e1 consecuencias insoportables\u201d si decide atacar Israel"},"content":{"rendered":"<p><\/p>\n<div xmlns:default=\"http:\/\/www.w3.org\/2000\/svg\">\n<div class=\"visual__image image-initial-width\"><picture><source srcset=\"https:\/\/www.infobae.com\/resizer\/v2\/LILCW2RCJBGO3BE6RSGCIFGGQQ.JPG?auth=99d7952227a02571873b16d86480aa6aef06983c8b29dbaaceed8ba0059ae62f&amp;smart=true&amp;width=992&amp;height=661&amp;quality=85\" media=\"(min-width: 1000px)\"\/><source srcset=\"https:\/\/www.infobae.com\/resizer\/v2\/LILCW2RCJBGO3BE6RSGCIFGGQQ.JPG?auth=99d7952227a02571873b16d86480aa6aef06983c8b29dbaaceed8ba0059ae62f&amp;smart=true&amp;width=768&amp;height=512&amp;quality=85\" media=\"(min-width: 768px)\"\/><source srcset=\"https:\/\/www.infobae.com\/resizer\/v2\/LILCW2RCJBGO3BE6RSGCIFGGQQ.JPG?auth=99d7952227a02571873b16d86480aa6aef06983c8b29dbaaceed8ba0059ae62f&amp;smart=true&amp;width=577&amp;height=385&amp;quality=85\" media=\"(min-width: 580px)\"\/><source srcset=\"https:\/\/www.infobae.com\/resizer\/v2\/LILCW2RCJBGO3BE6RSGCIFGGQQ.JPG?auth=99d7952227a02571873b16d86480aa6aef06983c8b29dbaaceed8ba0059ae62f&amp;smart=true&amp;width=420&amp;height=280&amp;quality=85\" media=\"(min-width: 350px)\"\/><source srcset=\"https:\/\/www.infobae.com\/resizer\/v2\/LILCW2RCJBGO3BE6RSGCIFGGQQ.JPG?auth=99d7952227a02571873b16d86480aa6aef06983c8b29dbaaceed8ba0059ae62f&amp;smart=true&amp;width=350&amp;height=233&amp;quality=85\" media=\"(min-width: 80px)\"\/><img alt=\"Netanyahu advirti\u00f3 que el r\u00e9gimen\" class=\"global-image\" decoding=\"async\" fetchpriority=\"high\" height=\"3631\" loading=\"eager\" src=\"https:\/\/www.infobae.com\/resizer\/v2\/LILCW2RCJBGO3BE6RSGCIFGGQQ.JPG?auth=99d7952227a02571873b16d86480aa6aef06983c8b29dbaaceed8ba0059ae62f&amp;smart=true&amp;width=350&amp;height=233&amp;quality=85\" width=\"5446\"\/><\/picture><figcaption class=\"article-figcaption-img\">Netanyahu advirti\u00f3 que el r\u00e9gimen de Ir\u00e1n \u201csufrir\u00e1 consecuencias insoportables\u201d si decide atacar Israel (REUTERS)<\/figcaption><\/div>\n<p class=\"paragraph\">El primer ministro de Israel, <b>Benjamin Netanyahu<\/b>, advirti\u00f3 este lunes que el r\u00e9gimen de <b>Ir\u00e1n<\/b> \u201csufrir\u00e1 consecuencias insoportables\u201d si decide atacar a su pa\u00eds, en un mensaje pronunciado ante la Kn\u00e9set, en el marco del 77\u00b0 aniversario de la fundaci\u00f3n del parlamento israel\u00ed, en un contexto de creciente tensi\u00f3n regional.<\/p>\n<p class=\"paragraph\">\u201c<b>Cualquiera que nos ataque sufrir\u00e1 consecuencias insoportables<\/b>\u201d, afirm\u00f3 Netanyahu durante su discurso. El jefe de Gobierno sostuvo adem\u00e1s: \u201cNos esperan m\u00e1s retos, m\u00e1s momentos dif\u00edciles. Pero estamos alerta y preparados para cualquier acontecimiento, seguimos de cerca lo que est\u00e1 sucediendo y<b> estamos preparados para cualquier escenario<\/b>\u201d.<\/p>\n<p class=\"paragraph\">En su intervenci\u00f3n, el primer ministro volvi\u00f3 a apuntar contra Teher\u00e1n y sus aliados regionales. \u201c<b>Como democracia poderosa, nos hemos enfrentado al \u2018eje del mal\u2019 y hemos sido capaces de hacerlo<\/b>. Nuestros heroicos soldados y comandantes defendieron con valent\u00eda nuestro hogar y nuestra libertad frente a Ir\u00e1n y sus ramas terroristas\u201d, afirm\u00f3 ante los legisladores.<\/p>\n<p class=\"paragraph\">Las declaraciones se produjeron en la v\u00edspera de la reuni\u00f3n prevista en Jerusal\u00e9n entre <b>Netanyahu<\/b> y el enviado especial de <b>Estados Unidos<\/b> para Oriente Medio, <b>Steve Witkoff<\/b>, seg\u00fan confirm\u00f3 a<i> EFE<\/i> una fuente oficial israel\u00ed. La fuente no precis\u00f3 los temas que abordar\u00e1n, aunque la visita se inscribe en el marco de la implementaci\u00f3n de la segunda fase del plan de paz para <b>Gaza<\/b>, impulsado por el presidente estadounidense, <b>Donald Trump<\/b>, y en medio de la tensi\u00f3n ante un eventual ataque estadounidense contra Ir\u00e1n.<\/p>\n<p class=\"paragraph\">El mensaje del jefe de Gobierno israel\u00ed coincidi\u00f3 con la realizaci\u00f3n, el domingo, de ejercicios navales conjuntos entre <b>Estados Unidos<\/b> e <b>Israel<\/b> en el mar Rojo. La operaci\u00f3n fue presentada oficialmente como rutinaria, pero tuvo lugar en un escenario de fuerte tensi\u00f3n regional y de un aumento sostenido de la presencia militar estadounidense en Oriente Medio.<\/p>\n<div class=\"visual__image\"><picture><source srcset=\"https:\/\/www.infobae.com\/resizer\/v2\/5KK6NLKYTVC2ZGPIJXV7YZFJA4.jpg?auth=373b408f5be23ba134330f23dd2f4b0cc8ea012d645637c37b9411b0bb7a5958&amp;smart=true&amp;width=992&amp;height=592&amp;quality=85\" media=\"(min-width: 1000px)\"\/><source srcset=\"https:\/\/www.infobae.com\/resizer\/v2\/5KK6NLKYTVC2ZGPIJXV7YZFJA4.jpg?auth=373b408f5be23ba134330f23dd2f4b0cc8ea012d645637c37b9411b0bb7a5958&amp;smart=true&amp;width=768&amp;height=459&amp;quality=85\" media=\"(min-width: 768px)\"\/><source srcset=\"https:\/\/www.infobae.com\/resizer\/v2\/5KK6NLKYTVC2ZGPIJXV7YZFJA4.jpg?auth=373b408f5be23ba134330f23dd2f4b0cc8ea012d645637c37b9411b0bb7a5958&amp;smart=true&amp;width=577&amp;height=345&amp;quality=85\" media=\"(min-width: 580px)\"\/><source srcset=\"https:\/\/www.infobae.com\/resizer\/v2\/5KK6NLKYTVC2ZGPIJXV7YZFJA4.jpg?auth=373b408f5be23ba134330f23dd2f4b0cc8ea012d645637c37b9411b0bb7a5958&amp;smart=true&amp;width=420&amp;height=251&amp;quality=85\" media=\"(min-width: 350px)\"\/><source srcset=\"https:\/\/www.infobae.com\/resizer\/v2\/5KK6NLKYTVC2ZGPIJXV7YZFJA4.jpg?auth=373b408f5be23ba134330f23dd2f4b0cc8ea012d645637c37b9411b0bb7a5958&amp;smart=true&amp;width=350&amp;height=209&amp;quality=85\" media=\"(min-width: 80px)\"\/><img alt=\"El destructor lanzamisiles USS Delbert\" class=\"global-image\" decoding=\"async\" fetchpriority=\"low\" height=\"615\" loading=\"lazy\" src=\"https:\/\/www.infobae.com\/resizer\/v2\/5KK6NLKYTVC2ZGPIJXV7YZFJA4.jpg?auth=373b408f5be23ba134330f23dd2f4b0cc8ea012d645637c37b9411b0bb7a5958&amp;smart=true&amp;width=350&amp;height=209&amp;quality=85\" width=\"1030\"\/><\/picture><figcaption class=\"article-figcaption-img\">El destructor lanzamisiles USS Delbert D. Black opera junto a la corbeta israel\u00ed INS Eilat durante un entrenamiento naval coordinado en aguas del mar Rojo<\/figcaption><\/div>\n<p class=\"paragraph\">Las maniobras incluyeron al destructor estadounidense <b>USS Delbert D. Black<\/b> y a la corbeta <b>INS Eilat<\/b>, de la Marina israel\u00ed. El entrenamiento se desarroll\u00f3 tras la salida del buque estadounidense del puerto de <b>Eilat<\/b>, en el extremo sur de Israel, sobre el golfo de Aqaba. Seg\u00fan el Comando de las Fuerzas Navales de Estados Unidos en la regi\u00f3n, el ejercicio combinado \u201c<b>demostr\u00f3 la s\u00f3lida asociaci\u00f3n militar entre la Quinta Flota de Estados Unidos y la Marina de Israel<\/b>\u201d.<\/p>\n<p class=\"paragraph\">La estructura naval estadounidense en la zona depende del Comando Central de Estados Unidos, responsable de las operaciones en amplias \u00e1reas del mar Rojo, el golfo P\u00e9rsico y el mar Ar\u00e1bigo. Por su parte, las Fuerzas de Defensa de Israel se\u00f1alaron que el entrenamiento \u201c<b>se llev\u00f3 a cabo como parte de la cooperaci\u00f3n en curso entre la Marina israel\u00ed y la Quinta Flota de Estados Unidos en el \u00e1mbito del mar Rojo<\/b>\u201d. En un comunicado, el ej\u00e9rcito subray\u00f3 que \u201cla llegada del destructor a este puerto destaca la estrecha cooperaci\u00f3n entre ambas armadas y sus respectivos ej\u00e9rcitos\u201d.<\/p>\n<p class=\"paragraph\">El <b>USS Delbert D. Black<\/b>, un destructor de la clase <b>Arleigh Burke<\/b>, cuenta con capacidades de defensa a\u00e9rea, mar\u00edtima y antisubmarina, adem\u00e1s de sistemas para ataques de precisi\u00f3n contra objetivos terrestres. La plataforma incorpora radares avanzados, misiles y sistemas de integraci\u00f3n con otras unidades navales y a\u00e9reas. Las autoridades israel\u00edes describieron su presencia en Eilat como una visita planificada con antelaci\u00f3n y enmarcada en la cooperaci\u00f3n estrat\u00e9gica habitual entre ambos pa\u00edses.<\/p>\n<div class=\"visual__image\"><picture><source srcset=\"https:\/\/www.infobae.com\/resizer\/v2\/UW2IO5JPNJD4NCIHYJKXF3VZWQ.jpg?auth=575bbcd115ad1bd966582891995510834bb26bd81d952ad95f08d82487aa4e17&amp;smart=true&amp;width=992&amp;height=660&amp;quality=85\" media=\"(min-width: 1000px)\"\/><source srcset=\"https:\/\/www.infobae.com\/resizer\/v2\/UW2IO5JPNJD4NCIHYJKXF3VZWQ.jpg?auth=575bbcd115ad1bd966582891995510834bb26bd81d952ad95f08d82487aa4e17&amp;smart=true&amp;width=768&amp;height=511&amp;quality=85\" media=\"(min-width: 768px)\"\/><source srcset=\"https:\/\/www.infobae.com\/resizer\/v2\/UW2IO5JPNJD4NCIHYJKXF3VZWQ.jpg?auth=575bbcd115ad1bd966582891995510834bb26bd81d952ad95f08d82487aa4e17&amp;smart=true&amp;width=577&amp;height=384&amp;quality=85\" media=\"(min-width: 580px)\"\/><source srcset=\"https:\/\/www.infobae.com\/resizer\/v2\/UW2IO5JPNJD4NCIHYJKXF3VZWQ.jpg?auth=575bbcd115ad1bd966582891995510834bb26bd81d952ad95f08d82487aa4e17&amp;smart=true&amp;width=420&amp;height=280&amp;quality=85\" media=\"(min-width: 350px)\"\/><source srcset=\"https:\/\/www.infobae.com\/resizer\/v2\/UW2IO5JPNJD4NCIHYJKXF3VZWQ.jpg?auth=575bbcd115ad1bd966582891995510834bb26bd81d952ad95f08d82487aa4e17&amp;smart=true&amp;width=350&amp;height=233&amp;quality=85\" media=\"(min-width: 80px)\"\/><img alt=\"El buque USS Delbert D.\" class=\"global-image\" decoding=\"async\" fetchpriority=\"low\" height=\"852\" loading=\"lazy\" src=\"https:\/\/www.infobae.com\/resizer\/v2\/UW2IO5JPNJD4NCIHYJKXF3VZWQ.jpg?auth=575bbcd115ad1bd966582891995510834bb26bd81d952ad95f08d82487aa4e17&amp;smart=true&amp;width=350&amp;height=233&amp;quality=85\" width=\"1280\"\/><\/picture><figcaption class=\"article-figcaption-img\">El buque USS Delbert D. Black puede detectar amenazas en altamar el doble de distancia y la mitad del tama\u00f1o de cualquier otro radar<\/figcaption><\/div>\n<p class=\"paragraph\">Las maniobras se realizaron mientras aumentan las tensiones entre <b>Washington<\/b> y <b>Teher\u00e1n<\/b>. En las \u00faltimas semanas, <b>Trump<\/b> reiter\u00f3 advertencias de ataques militares contra la dirigencia iran\u00ed, en un contexto de denuncias internacionales por la represi\u00f3n de protestas masivas dentro de Ir\u00e1n. Desde Teher\u00e1n, el r\u00e9gimen amenaz\u00f3 con responder militarmente contra intereses estadounidenses e israel\u00edes en caso de un ataque.<\/p>\n<p class=\"paragraph\">En paralelo, se inform\u00f3 que el ministro de Relaciones Exteriores iran\u00ed, <b>Abbas Araghchi<\/b>, prev\u00e9 un encuentro con <b>Witkoff<\/b> con el objetivo de abrir un canal de negociaci\u00f3n orientado a reducir la tensi\u00f3n. El ejercicio naval tambi\u00e9n se inscribe en la expansi\u00f3n del despliegue militar estadounidense en la regi\u00f3n desde comienzos de enero, que incluy\u00f3 el env\u00edo del portaaviones USS Abraham Lincoln y la rotaci\u00f3n de destructores y otras unidades de superficie.<\/p>\n<p class=\"paragraph\"><i>(Con informaci\u00f3n de EFE)<\/i><\/p>\n<\/div>\n<p><script defer=\"\">try{!function(f,b,e,v,n,t,s) {if(f.fbq)return;n=f.fbq=function(){n.callMethod? n.callMethod.apply(n,arguments):n.queue.push(arguments)}; if(!f._fbq)f._fbq=n;n.push=n;n.loaded=!0;n.version='2.0'; n.queue=[];t=b.createElement(e);t.async=!0; t.src=v;s=b.getElementsByTagName(e)[0]; s.parentNode.insertBefore(t,s)}(window, document,'script', ' fbq('init', '336383993555320'); fbq('track', 'PageView'); fbq('track', 'ViewContent');}catch(error){console.log(\"Error al inicializar facebookPixelRawCodeScript:\",error);}<\/script><\/p>\n","protected":false},"excerpt":{"rendered":"<p>Netanyahu advirti\u00f3 que el r\u00e9gimen de Ir\u00e1n \u201csufrir\u00e1 consecuencias insoportables\u201d si decide atacar Israel (REUTERS) El primer ministro de Israel, Benjamin Netanyahu, advirti\u00f3 este lunes que el r\u00e9gimen de Ir\u00e1n \u201csufrir\u00e1 consecuencias insoportables\u201d si decide atacar a su pa\u00eds, en un mensaje pronunciado ante la Kn\u00e9set, en el marco del 77\u00b0 aniversario de la fundaci\u00f3n [&hellip;]<\/p>\n","protected":false},"author":2,"featured_media":76720,"comment_status":"","ping_status":"","sticky":false,"template":"","format":"standard","meta":{"footnotes":""},"categories":[3],"tags":[],"_links":{"self":[{"href":"https:\/\/maxradio923.com.ar\/index.php\/wp-json\/wp\/v2\/posts\/76719"}],"collection":[{"href":"https:\/\/maxradio923.com.ar\/index.php\/wp-json\/wp\/v2\/posts"}],"about":[{"href":"https:\/\/maxradio923.com.ar\/index.php\/wp-json\/wp\/v2\/types\/post"}],"author":[{"embeddable":true,"href":"https:\/\/maxradio923.com.ar\/index.php\/wp-json\/wp\/v2\/users\/2"}],"replies":[{"embeddable":true,"href":"https:\/\/maxradio923.com.ar\/index.php\/wp-json\/wp\/v2\/comments?post=76719"}],"version-history":[{"count":0,"href":"https:\/\/maxradio923.com.ar\/index.php\/wp-json\/wp\/v2\/posts\/76719\/revisions"}],"wp:featuredmedia":[{"embeddable":true,"href":"https:\/\/maxradio923.com.ar\/index.php\/wp-json\/wp\/v2\/media\/76720"}],"wp:attachment":[{"href":"https:\/\/maxradio923.com.ar\/index.php\/wp-json\/wp\/v2\/media?parent=76719"}],"wp:term":[{"taxonomy":"category","embeddable":true,"href":"https:\/\/maxradio923.com.ar\/index.php\/wp-json\/wp\/v2\/categories?post=76719"},{"taxonomy":"post_tag","embeddable":true,"href":"https:\/\/maxradio923.com.ar\/index.php\/wp-json\/wp\/v2\/tags?post=76719"}],"curies":[{"name":"wp","href":"https:\/\/api.w.org\/{rel}","templated":true}]}}