{"id":76717,"date":"2026-02-03T01:30:14","date_gmt":"2026-02-03T04:30:14","guid":{"rendered":"https:\/\/maxradio923.com.ar\/index.php\/2026\/02\/03\/guia-para-cuidar-el-cabello-rizado-como-evitar-el-frizz-y-potenciar-la-salud-capilar\/"},"modified":"2026-02-03T01:30:14","modified_gmt":"2026-02-03T04:30:14","slug":"guia-para-cuidar-el-cabello-rizado-como-evitar-el-frizz-y-potenciar-la-salud-capilar","status":"publish","type":"post","link":"https:\/\/maxradio923.com.ar\/index.php\/2026\/02\/03\/guia-para-cuidar-el-cabello-rizado-como-evitar-el-frizz-y-potenciar-la-salud-capilar\/","title":{"rendered":"Gu\u00eda para cuidar el cabello rizado: c\u00f3mo evitar el frizz y potenciar la salud capilar"},"content":{"rendered":"<p><\/p>\n<h2 class=\"article-subheadline text_align_left\">Un enfoque profesional asegura mejores resultados y mayor comodidad diaria<\/h2>\n<p><\/p>\n<p class=\"paragraph\">Como <b>profesional del <\/b><b>cabello <\/b><b>especializado en pelo rizado<\/b>, he comprobado a lo largo de los a\u00f1os que la mayor\u00eda de los problemas que presentan los <b>rizos <\/b>no se deben al tipo de cabello en s\u00ed, sino a una <b>falta de informaci\u00f3n adecuada<\/b>. <\/p>\n<p><\/p>\n<p class=\"paragraph\">Antes de hablar de productos o rutinas, <b>es imprescindible realizar un diagn\u00f3stico capilar correcto. <\/b>Como profesional, analizo el estado del cuero cabelludo, la densidad, el grosor del cabello, la porosidad y el tipo de <b>rizo<\/b>. <\/p>\n<p><\/p>\n<p class=\"paragraph\"><b>Un rizo fino no se comporta igual que uno grueso<\/b>, y un cabello con alta porosidad no necesita lo mismo que uno con porosidad baja. Este an\u00e1lisis permite recomendar t\u00e9cnicas y productos adecuados,<b> evitando errores comunes como el exceso de limpieza o la sobrecarga de productos<\/b>.<\/p>\n<p><\/p>\n<p class=\"paragraph\">Muchas personas con pelo rizado creen que su cabello est\u00e1 da\u00f1ado cuando en realidad est\u00e1 deshidratado o maltratado. El diagn\u00f3stico aclara estas dudas y da tranquilidad. <b>El objetivo no es cambiar el rizo, sino potenciarlo y devolverle su equilibrio natural.<\/b><\/p>\n<p><\/p>\n<p class=\"paragraph\"><b>Uno de los pilares del cuidado del pelo rizado es el lavado<\/b>. Aqu\u00ed aparece una de las recomendaciones m\u00e1s importantes: lavar \u00fanicamente el cuero cabelludo, no el largo del cabello. El champ\u00fa debe aplicarse directamente en la ra\u00edz, masajeando suavemente con las yemas de los dedos, nunca con las u\u00f1as. <b>Este masaje activa la circulaci\u00f3n, limpia la piel y evita la acumulaci\u00f3n de residuos.<\/b><\/p>\n<p><\/p>\n<p class=\"paragraph\"><b>Al enjuagar, la espuma que cae por el largo es suficiente para limpiar medios y puntas sin necesidad de frotar<\/b>. Frotar el pelo rizado durante el lavado solo provoca fricci\u00f3n, enredos, rotura y frizz. El cabello rizado es m\u00e1s vulnerable cuando est\u00e1 mojado, por lo que debe manipularse con extrema suavidad.<\/p>\n","protected":false},"excerpt":{"rendered":"<p>Un enfoque profesional asegura mejores resultados y mayor comodidad diaria Como profesional del cabello especializado en pelo rizado, he comprobado a lo largo de los a\u00f1os que la mayor\u00eda de los problemas que presentan los rizos no se deben al tipo de cabello en s\u00ed, sino a una falta de informaci\u00f3n adecuada. Antes de hablar [&hellip;]<\/p>\n","protected":false},"author":2,"featured_media":76718,"comment_status":"","ping_status":"","sticky":false,"template":"","format":"standard","meta":{"footnotes":""},"categories":[12],"tags":[],"_links":{"self":[{"href":"https:\/\/maxradio923.com.ar\/index.php\/wp-json\/wp\/v2\/posts\/76717"}],"collection":[{"href":"https:\/\/maxradio923.com.ar\/index.php\/wp-json\/wp\/v2\/posts"}],"about":[{"href":"https:\/\/maxradio923.com.ar\/index.php\/wp-json\/wp\/v2\/types\/post"}],"author":[{"embeddable":true,"href":"https:\/\/maxradio923.com.ar\/index.php\/wp-json\/wp\/v2\/users\/2"}],"replies":[{"embeddable":true,"href":"https:\/\/maxradio923.com.ar\/index.php\/wp-json\/wp\/v2\/comments?post=76717"}],"version-history":[{"count":0,"href":"https:\/\/maxradio923.com.ar\/index.php\/wp-json\/wp\/v2\/posts\/76717\/revisions"}],"wp:featuredmedia":[{"embeddable":true,"href":"https:\/\/maxradio923.com.ar\/index.php\/wp-json\/wp\/v2\/media\/76718"}],"wp:attachment":[{"href":"https:\/\/maxradio923.com.ar\/index.php\/wp-json\/wp\/v2\/media?parent=76717"}],"wp:term":[{"taxonomy":"category","embeddable":true,"href":"https:\/\/maxradio923.com.ar\/index.php\/wp-json\/wp\/v2\/categories?post=76717"},{"taxonomy":"post_tag","embeddable":true,"href":"https:\/\/maxradio923.com.ar\/index.php\/wp-json\/wp\/v2\/tags?post=76717"}],"curies":[{"name":"wp","href":"https:\/\/api.w.org\/{rel}","templated":true}]}}