{"id":76710,"date":"2026-02-03T00:42:14","date_gmt":"2026-02-03T03:42:14","guid":{"rendered":"https:\/\/maxradio923.com.ar\/index.php\/2026\/02\/03\/adorni-hablo-de-la-formula-del-ipc-tras-la-salida-de-lavagna-del-indec-se-va-a-cambiar-cuando-la-inflacion-sea-cero\/"},"modified":"2026-02-03T00:42:14","modified_gmt":"2026-02-03T03:42:14","slug":"adorni-hablo-de-la-formula-del-ipc-tras-la-salida-de-lavagna-del-indec-se-va-a-cambiar-cuando-la-inflacion-sea-cero","status":"publish","type":"post","link":"https:\/\/maxradio923.com.ar\/index.php\/2026\/02\/03\/adorni-hablo-de-la-formula-del-ipc-tras-la-salida-de-lavagna-del-indec-se-va-a-cambiar-cuando-la-inflacion-sea-cero\/","title":{"rendered":"Adorni habl\u00f3 de la f\u00f3rmula del IPC tras la salida de Lavagna del INDEC: \u201cSe va a cambiar cuando la inflaci\u00f3n sea cero\u201d"},"content":{"rendered":"<p><\/p>\n<h2 class=\"article-subheadline text_align_left\">El jefe de Gabinete confirm\u00f3 que Javier Milei instruy\u00f3 frenar el cambio de metodolog\u00eda por motivos de transparencia y evitar interpretaciones err\u00f3neas. \u201cNo queremos que el kirchnerismo lo utilice como que estamos falseando los datos\u201d, asegur\u00f3 <\/h2>\n<p><\/p>\n<p class=\"paragraph\">El jefe de Gabinete, <b>Manuel Adorni<\/b>, habl\u00f3 de la renuncia de <b>Marco Lavagna<\/b><b> <\/b>a la direcci\u00f3n del Instituto Nacional de Estad\u00edstica y Censos (<b>INDEC<\/b>), que se dio en un contexto de disputas internas sobre la nueva f\u00f3rmula de medici\u00f3n de la inflaci\u00f3n. Tras esto, el Gobierno<b> <\/b>confirm\u00f3 la postergaci\u00f3n del cambio metodol\u00f3gico originalmente previsto para enero y el funcionario asegur\u00f3 que <b>\u201cse va a cambiar cuando la inflaci\u00f3n sea cero\u201d<\/b>.<\/p>\n<p><\/p>\n<p class=\"paragraph\">Caputo explic\u00f3 en <i>Radio Rivadavia<\/i> que la discrepancia esencial residi\u00f3 en el momento adecuado para la transici\u00f3n: <b>Lavagna prefer\u00eda implementarla de inmediato, mientras que el Presidente y el ministro defendieron retrasarla<\/b> hasta que la desinflaci\u00f3n estuviera consolidada, buscando evitar \u201cespeculaciones medi\u00e1ticas\u201d sobre la manipulaci\u00f3n de las cifras.<\/p>\n<p><\/p>\n<p class=\"paragraph\">Al respecto, en un di\u00e1logo con <i>LN+<\/i>, Adorni analiz\u00f3: \u201cEvidentemente,<b> quiso aplicarlo ahora y no vio en su cargo la posibilidad de no hacerlo y se fue<\/b>. Y esto no es nada ni bueno ni malo ni nada para cuestionar o no cuestionar.<b> <\/b>Se han ido un sinf\u00edn de funcionarios del Gobierno porque tal vez no estaban de acuerdo,<b> <\/b>y est\u00e1 muy bien que as\u00ed sea. Es hasta sano que as\u00ed sea. <b>Ser\u00eda muy hip\u00f3crita que se sostenga en el cargo pensando que est\u00e1 haciendo algo en contra de lo que cree<\/b>\u201d. <\/p>\n<p><\/p>\n<p class=\"paragraph\">\u201c<b>Nosotros somos respetuosos de los datos y somos muy respetuosos con las estad\u00edsticas<\/b>. La \u00fanica manera de mostrarle a la gente si el \u00edndice de inflaci\u00f3n mejora, empeora o sigue igual, o cu\u00e1l es la tendencia, es tener datos comparables. Vos ten\u00e9s datos comparables cuando no cambias la metodolog\u00eda. Entonces, <b>no era justo en t\u00e9rminos de transparencia hacia la gente cambiar hoy la canasta de medici\u00f3n<\/b>. <b>Esa canasta se va a cambiar cuando la inflaci\u00f3n sea cero<\/b>\u201d, detall\u00f3 el jefe de Gabinete.<\/p>\n<p><\/p>\n<p class=\"paragraph\">Respecto a la proyecci\u00f3n del Gobierno sobre cu\u00e1ndo la inflaci\u00f3n alcanzar\u00e1 esa cifra, Adorni se bas\u00f3 en los dichos de Javier Milei y ratific\u00f3: \u201c<b>A partir de mitad de a\u00f1o vamos a empezar a tener un cero adelante<\/b>\u201d.<\/p>\n<p><\/p>\n<p class=\"paragraph\">La nueva canasta, resultado de la Encuesta Nacional de Gastos de los Hogares (ENGHo) 2017-2018, reemplazar\u00e1 a la que se aplica desde 2004, con el objetivo de captar con mayor precisi\u00f3n los h\u00e1bitos actuales de consumo. Seg\u00fan un informe de <b>Qualy<\/b>, el impacto m\u00e1s notorio recaer\u00e1 en el peso de los servicios p\u00fablicos, dado que Vivienda, Agua, Electricidad y otros combustibles pasar\u00e1n de una incidencia del 9,4% al 14,5% en el \u00edndice, mientras que Transporte subir\u00e1 de 11% a 14,3%, Comunicaciones de 2,8% a 5,1% y Educaci\u00f3n de 2,3% a 3,1%. En contraste, Alimentos y Bebidas disminuir\u00e1n de 26,9% a 22,7%. Los expertos de Qualy puntualizaron que \u201cla disminuci\u00f3n del peso de los alimentos reduce la sensibilidad del IPC frente a variaciones estacionales y clim\u00e1ticas, as\u00ed como a la volatilidad de los mercados internacionales de materias primas\u201d.<\/p>\n","protected":false},"excerpt":{"rendered":"<p>El jefe de Gabinete confirm\u00f3 que Javier Milei instruy\u00f3 frenar el cambio de metodolog\u00eda por motivos de transparencia y evitar interpretaciones err\u00f3neas. \u201cNo queremos que el kirchnerismo lo utilice como que estamos falseando los datos\u201d, asegur\u00f3 El jefe de Gabinete, Manuel Adorni, habl\u00f3 de la renuncia de Marco Lavagna a la direcci\u00f3n del Instituto Nacional [&hellip;]<\/p>\n","protected":false},"author":2,"featured_media":76711,"comment_status":"","ping_status":"","sticky":false,"template":"","format":"standard","meta":{"footnotes":""},"categories":[12],"tags":[],"_links":{"self":[{"href":"https:\/\/maxradio923.com.ar\/index.php\/wp-json\/wp\/v2\/posts\/76710"}],"collection":[{"href":"https:\/\/maxradio923.com.ar\/index.php\/wp-json\/wp\/v2\/posts"}],"about":[{"href":"https:\/\/maxradio923.com.ar\/index.php\/wp-json\/wp\/v2\/types\/post"}],"author":[{"embeddable":true,"href":"https:\/\/maxradio923.com.ar\/index.php\/wp-json\/wp\/v2\/users\/2"}],"replies":[{"embeddable":true,"href":"https:\/\/maxradio923.com.ar\/index.php\/wp-json\/wp\/v2\/comments?post=76710"}],"version-history":[{"count":0,"href":"https:\/\/maxradio923.com.ar\/index.php\/wp-json\/wp\/v2\/posts\/76710\/revisions"}],"wp:featuredmedia":[{"embeddable":true,"href":"https:\/\/maxradio923.com.ar\/index.php\/wp-json\/wp\/v2\/media\/76711"}],"wp:attachment":[{"href":"https:\/\/maxradio923.com.ar\/index.php\/wp-json\/wp\/v2\/media?parent=76710"}],"wp:term":[{"taxonomy":"category","embeddable":true,"href":"https:\/\/maxradio923.com.ar\/index.php\/wp-json\/wp\/v2\/categories?post=76710"},{"taxonomy":"post_tag","embeddable":true,"href":"https:\/\/maxradio923.com.ar\/index.php\/wp-json\/wp\/v2\/tags?post=76710"}],"curies":[{"name":"wp","href":"https:\/\/api.w.org\/{rel}","templated":true}]}}