{"id":76706,"date":"2026-02-03T00:10:12","date_gmt":"2026-02-03T03:10:12","guid":{"rendered":"https:\/\/maxradio923.com.ar\/index.php\/2026\/02\/03\/santiago-del-moro-anticipo-cambios-fuertes-en-gran-hermano-generacion-dorada-llegan-la-placa-planta-y-la-puerta-roja\/"},"modified":"2026-02-03T00:10:12","modified_gmt":"2026-02-03T03:10:12","slug":"santiago-del-moro-anticipo-cambios-fuertes-en-gran-hermano-generacion-dorada-llegan-la-placa-planta-y-la-puerta-roja","status":"publish","type":"post","link":"https:\/\/maxradio923.com.ar\/index.php\/2026\/02\/03\/santiago-del-moro-anticipo-cambios-fuertes-en-gran-hermano-generacion-dorada-llegan-la-placa-planta-y-la-puerta-roja\/","title":{"rendered":"Santiago del Moro anticip\u00f3 cambios fuertes en Gran Hermano Generaci\u00f3n Dorada: \u201cLlegan la placa planta y la puerta roja\u201d"},"content":{"rendered":"<p><\/p>\n<h2 class=\"article-subheadline text_align_left\">El conductor habl\u00f3 en LAM sobre las novedades que trae la nueva edici\u00f3n del reality, desde cambios en el mecanismo de juego hasta un panel renovado<\/h2>\n<p><\/p>\n<p class=\"paragraph\"><b>Santiago del Moro<\/b><b> <\/b>anticip\u00f3 novedades sobre <i><b>Gran Hermano: Generaci\u00f3n Dorada<\/b><\/i> (Telefe) en una entrevista con <b>\u00c1ngel de Brito<\/b> en <i>LAM<\/i> (Am\u00e9rica TV) palpitando el estreno que sera el lunes 23 de febrero. El conductor remarc\u00f3 la relevancia de este ciclo para la televisi\u00f3n argentina y despej\u00f3 dudas en torno al formato, el panel y los perfiles de los participantes.<\/p>\n<p><\/p>\n<p class=\"paragraph\">En relaci\u00f3n con<b> la cantidad y la selecci\u00f3n de los participantes<\/b>, Santiago Del Moro precis\u00f3:<b> \u201cVan a ser un poco m\u00e1s de 24. Todav\u00eda no quiero dar la cifra exacta\u201d<\/b>. \u201cHay cosas del funcionamiento de la casa que no puedo contar, porque ellos est\u00e1n afuera, los preseleccionados son 42\u201d, indic\u00f3. Adem\u00e1s, aclar\u00f3 que la elecci\u00f3n final es flexible: <b>\u201cEl que est\u00e1 elegido es el que ingres\u00f3 a la casa, porque a \u00faltimo momento puede pasar cualquier cosa\u201d<\/b>.<\/p>\n<p><\/p>\n<p class=\"paragraph\">Consultado por el perfil de los concursantes, Del Moro fue contundente: \u201c<b>Esto no es GH famoso, ni la Casa VIP, ni la Casa de los Famosos, ni nada de eso<\/b>. Necesitamos gente que tenga m\u00e1s o menos fama, pero que quiera jugar el juego\u201d, asegur\u00f3. \u201cPara m\u00ed son m\u00e1s ricas las historias an\u00f3nimas, la verdad\u201d, destac\u00f3, remarcando el inter\u00e9s en descubrir trayectorias ajenas a la exposici\u00f3n medi\u00e1tica. \u201cPodr\u00edamos haber gastado el presupuesto en famosos, pero no sirve eso\u201d, sentenci\u00f3.<\/p>\n<p><\/p>\n<p class=\"paragraph\">Entre las novedades, el conductor adelant\u00f3 dos elementos clave: la <b>puerta roja<\/b> y la <b>placa planta<\/b>. Defini\u00f3 la puerta roja como \u201cuna puerta por la cual van a pasar muchas cosas, buenas y no tan buenas\u201d, incorporando un est\u00edmulo in\u00e9dito al formato. Sobre la placa planta, se\u00f1al\u00f3: \u201cLa placa planta es una placa que en un momento Gran Hermano puede poner a disposici\u00f3n para que la casa vote y saque la planta, saque la gente\u201d. Con este mecanismo,<b> los propios participantes podr\u00e1n decidir cu\u00e1ndo eliminar a alguien que consideren inactivo<\/b>, sin intervenci\u00f3n directa del p\u00fablico.<\/p>\n<p><\/p>\n<p class=\"paragraph\">En cuanto a los paneles y el an\u00e1lisis de las galas, Del Moro confirm\u00f3 la presencia de panelistas cl\u00e1sicos y nuevas incorporaciones: \u201cEst\u00e1n los cl\u00e1sicos, Laurita (Ubfal), Ceferino (Reato), Sol (P\u00e9rez), Gast\u00f3n (Trezeguet), y hay nuevos, como <b>Ana Laura Rom\u00e1n<\/b>, que es uruguaya, porque en Uruguay el programa es muy fuerte&#8221;. A\u00f1adi\u00f3: \u201cPara ser analista de Gran Hermano ten\u00e9s que sentir como nadie el programa\u201d, y anticip\u00f3 la participaci\u00f3n de figuras como <b>Marisa Brel<\/b>, <b>Tato Algorta<\/b>, <b>Eugenia Ru\u00edz<\/b> y <b>Fefe Bongiorno<\/b>, en un equipo que alternar\u00e1 panelistas fijos y rotativos.<\/p>\n<p><\/p>\n<p class=\"paragraph\">La edici\u00f3n 2026 implementar\u00e1 una estrategia digital reforzada. El conductor anticip\u00f3: <b>\u201cNi bien sale eliminado o eliminada de la casa, ah\u00ed termina el programa de tele y yo ah\u00ed me voy a mi programa de transmisi\u00f3n en l\u00ednea con el invitado para hacer el mano a mano. As\u00ed como sale de la casa que no tiene ning\u00fan tipo de contacto con nada\u201d<\/b>. Adem\u00e1s, celebr\u00f3 los altos niveles de audiencia conseguidos en transmisiones en l\u00ednea previas y apost\u00f3 por un impacto renovado.<\/p>\n","protected":false},"excerpt":{"rendered":"<p>El conductor habl\u00f3 en LAM sobre las novedades que trae la nueva edici\u00f3n del reality, desde cambios en el mecanismo de juego hasta un panel renovado Santiago del Moro anticip\u00f3 novedades sobre Gran Hermano: Generaci\u00f3n Dorada (Telefe) en una entrevista con \u00c1ngel de Brito en LAM (Am\u00e9rica TV) palpitando el estreno que sera el lunes [&hellip;]<\/p>\n","protected":false},"author":2,"featured_media":76707,"comment_status":"","ping_status":"","sticky":false,"template":"","format":"standard","meta":{"footnotes":""},"categories":[12],"tags":[],"_links":{"self":[{"href":"https:\/\/maxradio923.com.ar\/index.php\/wp-json\/wp\/v2\/posts\/76706"}],"collection":[{"href":"https:\/\/maxradio923.com.ar\/index.php\/wp-json\/wp\/v2\/posts"}],"about":[{"href":"https:\/\/maxradio923.com.ar\/index.php\/wp-json\/wp\/v2\/types\/post"}],"author":[{"embeddable":true,"href":"https:\/\/maxradio923.com.ar\/index.php\/wp-json\/wp\/v2\/users\/2"}],"replies":[{"embeddable":true,"href":"https:\/\/maxradio923.com.ar\/index.php\/wp-json\/wp\/v2\/comments?post=76706"}],"version-history":[{"count":0,"href":"https:\/\/maxradio923.com.ar\/index.php\/wp-json\/wp\/v2\/posts\/76706\/revisions"}],"wp:featuredmedia":[{"embeddable":true,"href":"https:\/\/maxradio923.com.ar\/index.php\/wp-json\/wp\/v2\/media\/76707"}],"wp:attachment":[{"href":"https:\/\/maxradio923.com.ar\/index.php\/wp-json\/wp\/v2\/media?parent=76706"}],"wp:term":[{"taxonomy":"category","embeddable":true,"href":"https:\/\/maxradio923.com.ar\/index.php\/wp-json\/wp\/v2\/categories?post=76706"},{"taxonomy":"post_tag","embeddable":true,"href":"https:\/\/maxradio923.com.ar\/index.php\/wp-json\/wp\/v2\/tags?post=76706"}],"curies":[{"name":"wp","href":"https:\/\/api.w.org\/{rel}","templated":true}]}}