{"id":7662,"date":"2023-10-17T19:24:21","date_gmt":"2023-10-17T22:24:21","guid":{"rendered":"https:\/\/maxradio923.com\/index.php\/2023\/10\/17\/piparo-le-da-un-giro-al-discurso-de-milei-no-vamos-a-privatizar-ni-la-salud-ni-la-educacion\/"},"modified":"2023-10-18T07:54:04","modified_gmt":"2023-10-18T10:54:04","slug":"piparo-le-da-un-giro-al-discurso-de-milei-no-vamos-a-privatizar-ni-la-salud-ni-la-educacion","status":"publish","type":"post","link":"https:\/\/maxradio923.com.ar\/index.php\/2023\/10\/17\/piparo-le-da-un-giro-al-discurso-de-milei-no-vamos-a-privatizar-ni-la-salud-ni-la-educacion\/","title":{"rendered":"P\u00edparo le da un giro al discurso de Milei: \u00abNo vamos a privatizar ni la salud ni la educaci\u00f3n\u00bb"},"content":{"rendered":"<p><img decoding=\"async\" src=\"https:\/\/diariod3.com\/inicio\/wp-content\/uploads\/2023\/10\/65271a6c1f10f_1200.jpg\"\/><\/p>\n<p>La candidata a gobernadora bonaerense por La Libertad Avanza realiz\u00f3 una actividad de campa\u00f1a en Bah\u00eda Blanca, donde asegur\u00f3: \u00abSomos dos espacios que competimos, Juntos (por el Cambio) se autodestruy\u00f3\u00bb. La candidata a gobernadora bonaerense por La Libertad Avanza (LLA), Carolina P\u00edparo, confi\u00f3 este martes en que est\u00e1 \u00aben condiciones de ganar la provincia\u00bb y, [\u2026]<\/p>\n<p>La entrada <a href=\"https:\/\/diariod3.com\/inicio\/piparo-le-da-un-giro-al-discurso-de-milei-no-vamos-a-privatizar-ni-la-salud-ni-la-educacion\/\" rel=\"noreferrer noopener\" target=\"_blank\">P\u00edparo le da un giro al discurso de Milei: \u00abNo vamos a privatizar ni la salud ni la educaci\u00f3n\u00bb<\/a> se public\u00f3 primero en <a href=\"https:\/\/diariod3.com\/inicio\" rel=\"noreferrer noopener\" target=\"_blank\">DIARIO D3 NOTICIAS<\/a>.<\/p>\n","protected":false},"excerpt":{"rendered":"<p>La candidata a gobernadora bonaerense por La Libertad Avanza realiz\u00f3 una actividad de campa\u00f1a en Bah\u00eda Blanca, donde asegur\u00f3: \u00abSomos dos espacios que competimos, Juntos (por el Cambio) se autodestruy\u00f3\u00bb. La candidata a gobernadora bonaerense por La Libertad Avanza (LLA), Carolina P\u00edparo, confi\u00f3 este martes en que est\u00e1 \u00aben condiciones de ganar la provincia\u00bb y, [&hellip;]<\/p>\n","protected":false},"author":2,"featured_media":7739,"comment_status":"closed","ping_status":"","sticky":false,"template":"","format":"standard","meta":{"footnotes":""},"categories":[12],"tags":[],"_links":{"self":[{"href":"https:\/\/maxradio923.com.ar\/index.php\/wp-json\/wp\/v2\/posts\/7662"}],"collection":[{"href":"https:\/\/maxradio923.com.ar\/index.php\/wp-json\/wp\/v2\/posts"}],"about":[{"href":"https:\/\/maxradio923.com.ar\/index.php\/wp-json\/wp\/v2\/types\/post"}],"author":[{"embeddable":true,"href":"https:\/\/maxradio923.com.ar\/index.php\/wp-json\/wp\/v2\/users\/2"}],"replies":[{"embeddable":true,"href":"https:\/\/maxradio923.com.ar\/index.php\/wp-json\/wp\/v2\/comments?post=7662"}],"version-history":[{"count":1,"href":"https:\/\/maxradio923.com.ar\/index.php\/wp-json\/wp\/v2\/posts\/7662\/revisions"}],"predecessor-version":[{"id":7688,"href":"https:\/\/maxradio923.com.ar\/index.php\/wp-json\/wp\/v2\/posts\/7662\/revisions\/7688"}],"wp:featuredmedia":[{"embeddable":true,"href":"https:\/\/maxradio923.com.ar\/index.php\/wp-json\/wp\/v2\/media\/7739"}],"wp:attachment":[{"href":"https:\/\/maxradio923.com.ar\/index.php\/wp-json\/wp\/v2\/media?parent=7662"}],"wp:term":[{"taxonomy":"category","embeddable":true,"href":"https:\/\/maxradio923.com.ar\/index.php\/wp-json\/wp\/v2\/categories?post=7662"},{"taxonomy":"post_tag","embeddable":true,"href":"https:\/\/maxradio923.com.ar\/index.php\/wp-json\/wp\/v2\/tags?post=7662"}],"curies":[{"name":"wp","href":"https:\/\/api.w.org\/{rel}","templated":true}]}}