{"id":7590,"date":"2023-10-17T13:04:53","date_gmt":"2023-10-17T16:04:53","guid":{"rendered":"https:\/\/maxradio923.com\/index.php\/2023\/10\/17\/bregman-y-del-cano-cerraran-la-campana-electoral-en-la-plata\/"},"modified":"2023-10-17T13:04:53","modified_gmt":"2023-10-17T16:04:53","slug":"bregman-y-del-cano-cerraran-la-campana-electoral-en-la-plata","status":"publish","type":"post","link":"https:\/\/maxradio923.com.ar\/index.php\/2023\/10\/17\/bregman-y-del-cano-cerraran-la-campana-electoral-en-la-plata\/","title":{"rendered":"BREGMAN Y DEL CA\u00d1O CERRAR\u00c1N LA CAMPA\u00d1A ELECTORAL EN LA PLATA"},"content":{"rendered":"<p><img decoding=\"async\" src=\"https:\/\/diariod3.com\/inicio\/wp-content\/uploads\/2023\/10\/bregman-y-cano.jpg\"\/><\/p>\n<p>Myriam Bregman junto a Nicol\u00e1s del Ca\u00f1o El pr\u00f3ximo jueves, la candidata a presidenta por el Frente de Izquierda Unidad (FIT-U), Myriam Bregman, realizar\u00e1 su cierre de campa\u00f1a en la ciudad de La Plata. Desde las 16 en las calles 7 y 46 de la capital bonaerense, se llevar\u00e1 a cabo el acto. Junto a Bregman estar\u00e1 su [\u2026]<\/p>\n<p>La entrada <a href=\"https:\/\/diariod3.com\/inicio\/bregman-y-del-cano-cerraran-la-campana-electoral-en-la-plata\/\" rel=\"noreferrer noopener\" target=\"_blank\">BREGMAN Y DEL CA\u00d1O CERRAR\u00c1N LA CAMPA\u00d1A ELECTORAL EN LA PLATA<\/a> se public\u00f3 primero en <a href=\"https:\/\/diariod3.com\/inicio\" rel=\"noreferrer noopener\" target=\"_blank\">DIARIO D3 NOTICIAS<\/a>.<\/p>\n","protected":false},"excerpt":{"rendered":"<p>Myriam Bregman junto a Nicol\u00e1s del Ca\u00f1o El pr\u00f3ximo jueves, la candidata a presidenta por el Frente de Izquierda Unidad (FIT-U), Myriam Bregman, realizar\u00e1 su cierre de campa\u00f1a en la ciudad de La Plata. Desde las 16 en las calles 7 y 46 de la capital bonaerense, se llevar\u00e1 a cabo el acto. Junto a [&hellip;]<\/p>\n","protected":false},"author":2,"featured_media":7591,"comment_status":"","ping_status":"","sticky":false,"template":"","format":"standard","meta":{"footnotes":""},"categories":[12],"tags":[],"_links":{"self":[{"href":"https:\/\/maxradio923.com.ar\/index.php\/wp-json\/wp\/v2\/posts\/7590"}],"collection":[{"href":"https:\/\/maxradio923.com.ar\/index.php\/wp-json\/wp\/v2\/posts"}],"about":[{"href":"https:\/\/maxradio923.com.ar\/index.php\/wp-json\/wp\/v2\/types\/post"}],"author":[{"embeddable":true,"href":"https:\/\/maxradio923.com.ar\/index.php\/wp-json\/wp\/v2\/users\/2"}],"replies":[{"embeddable":true,"href":"https:\/\/maxradio923.com.ar\/index.php\/wp-json\/wp\/v2\/comments?post=7590"}],"version-history":[{"count":0,"href":"https:\/\/maxradio923.com.ar\/index.php\/wp-json\/wp\/v2\/posts\/7590\/revisions"}],"wp:featuredmedia":[{"embeddable":true,"href":"https:\/\/maxradio923.com.ar\/index.php\/wp-json\/wp\/v2\/media\/7591"}],"wp:attachment":[{"href":"https:\/\/maxradio923.com.ar\/index.php\/wp-json\/wp\/v2\/media?parent=7590"}],"wp:term":[{"taxonomy":"category","embeddable":true,"href":"https:\/\/maxradio923.com.ar\/index.php\/wp-json\/wp\/v2\/categories?post=7590"},{"taxonomy":"post_tag","embeddable":true,"href":"https:\/\/maxradio923.com.ar\/index.php\/wp-json\/wp\/v2\/tags?post=7590"}],"curies":[{"name":"wp","href":"https:\/\/api.w.org\/{rel}","templated":true}]}}