{"id":74975,"date":"2026-01-27T12:58:04","date_gmt":"2026-01-27T15:58:04","guid":{"rendered":"https:\/\/maxradio923.com.ar\/index.php\/2026\/01\/27\/incendio-en-el-parque-nacional-los-alerces-investigan-la-responsabilidad-penal-de-varios-funcionarios-publicos\/"},"modified":"2026-01-27T12:58:04","modified_gmt":"2026-01-27T15:58:04","slug":"incendio-en-el-parque-nacional-los-alerces-investigan-la-responsabilidad-penal-de-varios-funcionarios-publicos","status":"publish","type":"post","link":"https:\/\/maxradio923.com.ar\/index.php\/2026\/01\/27\/incendio-en-el-parque-nacional-los-alerces-investigan-la-responsabilidad-penal-de-varios-funcionarios-publicos\/","title":{"rendered":"Incendio en el Parque Nacional Los Alerces: investigan la responsabilidad penal de varios funcionarios p\u00fablicos"},"content":{"rendered":"<p><\/p>\n<h2 class=\"article-subheadline text_align_left\">La Fiscal\u00eda Federal de Esquel inform\u00f3 que se encuentra en tr\u00e1mite una investigaci\u00f3n. Est\u00e1 destinada a quienes tienen a cargo las pol\u00edticas vinculadas al manejo del fuego en la regi\u00f3n<\/h2>\n<p><\/p>\n<p class=\"paragraph\">La situaci\u00f3n en el <b>Parque Nacional Los Alerces<\/b> sum\u00f3 este martes un nuevo <b>cap\u00edtulo judicial y pol\u00edtico<\/b>. La Sede Fiscal Descentralizada de Esquel, a cargo del fiscal federal <b>Santiago Rold\u00e1n<\/b>, confirm\u00f3 que se encuentra en tr\u00e1mite una investigaci\u00f3n penal para determinar <b>la posible responsabilidad de los funcionarios competentes en el manejo del fuego<\/b>. El expediente busca establecer si existi\u00f3 \u201cincumplimiento de los deberes de funcionario p\u00fablico\u201d en la respuesta estatal ante el incendio que, tras iniciarse el 9 de diciembre de 2025, ya afect\u00f3 m\u00e1s de <b>35 mil hect\u00e1reas<\/b>.<\/p>\n<p><\/p>\n<p class=\"paragraph\">Ante este escenario, el fiscal Rold\u00e1n orden\u00f3 medidas de prueba que incluyen pedidos de informes a la <b>Administraci\u00f3n de Parques Nacionales (APN)<\/b> y al <b>Servicio Nacional de Manejo del Fuego (SNMF)<\/b>. Adem\u00e1s, dio intervenci\u00f3n a la Brigada de Investigaci\u00f3n de Incendios Forestales de la Polic\u00eda Federal Argentina para realizar pericias t\u00e9cnicas, aclarando que la instrucci\u00f3n avanza \u201ccuidando de no afectar las tareas de combate del fuego\u201d que contin\u00faan activas.<\/p>\n<p><\/p>\n<p class=\"paragraph\">En simult\u00e1neo al avance judicial, la C\u00e1mara de Turismo de Chubut elev\u00f3 un informe al presidente de la APN, <b>Sergio Mart\u00edn \u00c1lvarez<\/b>, en el que calific\u00f3 el accionar de las autoridades como un \u201cgrave incumplimiento de los deberes inherentes a sus funciones\u201d.<\/p>\n<p><\/p>\n<p class=\"paragraph\">El documento cuestiona la capacidad de respuesta inicial. Si bien el incendio se habr\u00eda originado por la ca\u00edda de un rayo entre el 6 y el 8 de diciembre en el brazo sur del Lago Men\u00e9ndez, el foco reci\u00e9n fue detectado el d\u00eda 9. Para la C\u00e1mara, el despliegue posterior fue insuficiente: se\u00f1alan que se cont\u00f3 con apenas <b>dos helic\u00f3pteros y un hidroavi\u00f3n Tracker<\/b> para operar en una zona de dif\u00edcil acceso, pese a que los pron\u00f3sticos de temperaturas extremas anticipaban un escenario de alto riesgo.<\/p>\n<p><\/p>\n<p class=\"paragraph\">Entre las decisiones operativas cuestionadas, el informe menciona la exigencia de <b>desinfectar el calzado de los brigadistas<\/b> previo al embarque. Seg\u00fan la CATCH, estas pr\u00e1cticas de bioseguridad resultaron inadecuadas en el contexto de un incendio de propagaci\u00f3n acelerada, ya que priorizaron protocolos menores frente a la urgencia de contener el avance de las llamas.<\/p>\n<p><\/p>\n<p class=\"paragraph\">Otro punto central del reclamo es la gesti\u00f3n de la informaci\u00f3n. La entidad denunci\u00f3 la falta de actualizaciones claras entre el 20 de diciembre y el 5 de enero. Citaron como ejemplo el corte de la <b>Ruta Nacional 71<\/b>: el 5 de enero se comunic\u00f3 que el cierre se deb\u00eda a \u201ctareas de mantenimiento\u201d, y reci\u00e9n al d\u00eda siguiente se inform\u00f3 que la causa real era el avance del fuego.<\/p>\n","protected":false},"excerpt":{"rendered":"<p>La Fiscal\u00eda Federal de Esquel inform\u00f3 que se encuentra en tr\u00e1mite una investigaci\u00f3n. Est\u00e1 destinada a quienes tienen a cargo las pol\u00edticas vinculadas al manejo del fuego en la regi\u00f3n La situaci\u00f3n en el Parque Nacional Los Alerces sum\u00f3 este martes un nuevo cap\u00edtulo judicial y pol\u00edtico. La Sede Fiscal Descentralizada de Esquel, a cargo [&hellip;]<\/p>\n","protected":false},"author":2,"featured_media":74976,"comment_status":"","ping_status":"","sticky":false,"template":"","format":"standard","meta":{"footnotes":""},"categories":[12],"tags":[],"_links":{"self":[{"href":"https:\/\/maxradio923.com.ar\/index.php\/wp-json\/wp\/v2\/posts\/74975"}],"collection":[{"href":"https:\/\/maxradio923.com.ar\/index.php\/wp-json\/wp\/v2\/posts"}],"about":[{"href":"https:\/\/maxradio923.com.ar\/index.php\/wp-json\/wp\/v2\/types\/post"}],"author":[{"embeddable":true,"href":"https:\/\/maxradio923.com.ar\/index.php\/wp-json\/wp\/v2\/users\/2"}],"replies":[{"embeddable":true,"href":"https:\/\/maxradio923.com.ar\/index.php\/wp-json\/wp\/v2\/comments?post=74975"}],"version-history":[{"count":0,"href":"https:\/\/maxradio923.com.ar\/index.php\/wp-json\/wp\/v2\/posts\/74975\/revisions"}],"wp:featuredmedia":[{"embeddable":true,"href":"https:\/\/maxradio923.com.ar\/index.php\/wp-json\/wp\/v2\/media\/74976"}],"wp:attachment":[{"href":"https:\/\/maxradio923.com.ar\/index.php\/wp-json\/wp\/v2\/media?parent=74975"}],"wp:term":[{"taxonomy":"category","embeddable":true,"href":"https:\/\/maxradio923.com.ar\/index.php\/wp-json\/wp\/v2\/categories?post=74975"},{"taxonomy":"post_tag","embeddable":true,"href":"https:\/\/maxradio923.com.ar\/index.php\/wp-json\/wp\/v2\/tags?post=74975"}],"curies":[{"name":"wp","href":"https:\/\/api.w.org\/{rel}","templated":true}]}}