{"id":74973,"date":"2026-01-27T12:44:04","date_gmt":"2026-01-27T15:44:04","guid":{"rendered":"https:\/\/maxradio923.com.ar\/index.php\/2026\/01\/27\/ascienden-a-mas-de-6-100-los-muertos-por-las-masivas-protestas-contra-el-regimen-de-iran\/"},"modified":"2026-01-27T12:44:04","modified_gmt":"2026-01-27T15:44:04","slug":"ascienden-a-mas-de-6-100-los-muertos-por-las-masivas-protestas-contra-el-regimen-de-iran","status":"publish","type":"post","link":"https:\/\/maxradio923.com.ar\/index.php\/2026\/01\/27\/ascienden-a-mas-de-6-100-los-muertos-por-las-masivas-protestas-contra-el-regimen-de-iran\/","title":{"rendered":"Ascienden a m\u00e1s de 6.100 los muertos por las masivas protestas contra el r\u00e9gimen de Ir\u00e1n"},"content":{"rendered":"<p><\/p>\n<div xmlns:default=\"http:\/\/www.w3.org\/2000\/svg\">\n<div class=\"visual__image image-initial-width\"><picture><source srcset=\"https:\/\/www.infobae.com\/resizer\/v2\/NNHEQYKC55EFBJK2MR66DZPWCM.jpg?auth=f6d24b2458aa59655f68d6265b2a86c77b749631ede24e73dec4522fe454f424&amp;smart=true&amp;width=992&amp;height=711&amp;quality=85\" media=\"(min-width: 1000px)\"\/><source srcset=\"https:\/\/www.infobae.com\/resizer\/v2\/NNHEQYKC55EFBJK2MR66DZPWCM.jpg?auth=f6d24b2458aa59655f68d6265b2a86c77b749631ede24e73dec4522fe454f424&amp;smart=true&amp;width=768&amp;height=551&amp;quality=85\" media=\"(min-width: 768px)\"\/><source srcset=\"https:\/\/www.infobae.com\/resizer\/v2\/NNHEQYKC55EFBJK2MR66DZPWCM.jpg?auth=f6d24b2458aa59655f68d6265b2a86c77b749631ede24e73dec4522fe454f424&amp;smart=true&amp;width=577&amp;height=414&amp;quality=85\" media=\"(min-width: 580px)\"\/><source srcset=\"https:\/\/www.infobae.com\/resizer\/v2\/NNHEQYKC55EFBJK2MR66DZPWCM.jpg?auth=f6d24b2458aa59655f68d6265b2a86c77b749631ede24e73dec4522fe454f424&amp;smart=true&amp;width=420&amp;height=301&amp;quality=85\" media=\"(min-width: 350px)\"\/><source srcset=\"https:\/\/www.infobae.com\/resizer\/v2\/NNHEQYKC55EFBJK2MR66DZPWCM.jpg?auth=f6d24b2458aa59655f68d6265b2a86c77b749631ede24e73dec4522fe454f424&amp;smart=true&amp;width=350&amp;height=251&amp;quality=85\" media=\"(min-width: 80px)\"\/><img alt=\"Iran\u00edes participan en una protesta\" class=\"global-image\" decoding=\"async\" fetchpriority=\"high\" height=\"3533\" loading=\"eager\" src=\"https:\/\/www.infobae.com\/resizer\/v2\/NNHEQYKC55EFBJK2MR66DZPWCM.jpg?auth=f6d24b2458aa59655f68d6265b2a86c77b749631ede24e73dec4522fe454f424&amp;smart=true&amp;width=350&amp;height=251&amp;quality=85\" width=\"4926\"\/><\/picture><figcaption class=\"article-figcaption-img\">Iran\u00edes participan en una protesta antigubernamental en Teher\u00e1n, Ir\u00e1n, el 9 de enero de 2026 (UGC v\u00eda AP)<\/figcaption><\/div>\n<p class=\"paragraph\">La organizaci\u00f3n no gubernamental con sede en Estados Unidos <b>HRANA<\/b> elev\u00f3 a <b>5.777 el n\u00famero de manifestantes muertos<\/b> en su \u00faltimo reporte, en el que sit\u00faa en <b>6.126 la cifra total de fallecidos en las protestas<\/b> que comenzaron a finales de diciembre y se tornaron violentas en enero en <b>Ir\u00e1n<\/b>.<\/p>\n<p class=\"paragraph\">Seg\u00fan HRANA, organismo cr\u00edtico con el r\u00e9gimen iran\u00ed, desde que comenzaron las protestas se han contabilizado <b>un total de 6.126 muertes<\/b>: 5.777 eran manifestantes, 86 eran menores de 18 a\u00f1os, 214 pertenec\u00edan a las fuerzas afiliadas al gobierno y otras 49 personas eran no manifestantes o civiles.<\/p>\n<p class=\"paragraph\"><b>La ca\u00edda del rial<\/b> llev\u00f3 a los comerciantes de Teher\u00e1n a comenzar el <b>28 de diciembre<\/b> protestas que pronto se extendieron por el pa\u00eds pidiendo el fin de la Rep\u00fablica Isl\u00e1mica.<\/p>\n<p class=\"paragraph\">Las movilizaciones alcanzaron su <b>momento \u00e1lgido los d\u00edas 8 y 9 de enero<\/b> con una explosi\u00f3n de manifestaciones en pr\u00e1cticamente todo Ir\u00e1n y una fuerte represi\u00f3n.<\/p>\n<p class=\"paragraph\"><b>El r\u00e9gimen de Teher\u00e1n ha reconocido 3.117 muertes<\/b>, mientras que la organizaci\u00f3n no gubernamental <b>Iran Humans Rights<\/b> (IHR) con sede en Oslo, sit\u00faa el n\u00famero de muertos en <b>3.428<\/b>.<\/p>\n<div class=\"visual__image\"><picture><source srcset=\"https:\/\/www.infobae.com\/resizer\/v2\/7OH32ULQ6BA6RA7C6O5S7LFZZM.JPG?auth=0a18131cc2c02c9341f935ea87b9754ead95766c2cb1eb223c258b560d43b23a&amp;smart=true&amp;width=992&amp;height=661&amp;quality=85\" media=\"(min-width: 1000px)\"\/><source srcset=\"https:\/\/www.infobae.com\/resizer\/v2\/7OH32ULQ6BA6RA7C6O5S7LFZZM.JPG?auth=0a18131cc2c02c9341f935ea87b9754ead95766c2cb1eb223c258b560d43b23a&amp;smart=true&amp;width=768&amp;height=512&amp;quality=85\" media=\"(min-width: 768px)\"\/><source srcset=\"https:\/\/www.infobae.com\/resizer\/v2\/7OH32ULQ6BA6RA7C6O5S7LFZZM.JPG?auth=0a18131cc2c02c9341f935ea87b9754ead95766c2cb1eb223c258b560d43b23a&amp;smart=true&amp;width=577&amp;height=385&amp;quality=85\" media=\"(min-width: 580px)\"\/><source srcset=\"https:\/\/www.infobae.com\/resizer\/v2\/7OH32ULQ6BA6RA7C6O5S7LFZZM.JPG?auth=0a18131cc2c02c9341f935ea87b9754ead95766c2cb1eb223c258b560d43b23a&amp;smart=true&amp;width=420&amp;height=280&amp;quality=85\" media=\"(min-width: 350px)\"\/><source srcset=\"https:\/\/www.infobae.com\/resizer\/v2\/7OH32ULQ6BA6RA7C6O5S7LFZZM.JPG?auth=0a18131cc2c02c9341f935ea87b9754ead95766c2cb1eb223c258b560d43b23a&amp;smart=true&amp;width=350&amp;height=233&amp;quality=85\" media=\"(min-width: 80px)\"\/><img alt=\"Ir\u00e1n sigue sin Internet (Majid\" class=\"global-image\" decoding=\"async\" fetchpriority=\"low\" height=\"3598\" loading=\"lazy\" src=\"https:\/\/www.infobae.com\/resizer\/v2\/7OH32ULQ6BA6RA7C6O5S7LFZZM.JPG?auth=0a18131cc2c02c9341f935ea87b9754ead95766c2cb1eb223c258b560d43b23a&amp;smart=true&amp;width=350&amp;height=233&amp;quality=85\" width=\"5397\"\/><\/picture><figcaption class=\"article-figcaption-img\">Ir\u00e1n sigue sin Internet (Majid Asgaripour\/WANA v\u00eda REUTERS)<\/figcaption><\/div>\n<p class=\"paragraph\"><b>Las autoridades iran\u00edes mantienen bloqueado internet por decimoctavo d\u00eda consecutivo<\/b>, seg\u00fan la organizaci\u00f3n Netblocks, especializada en monitorear interrupciones en la red.<\/p>\n<p class=\"paragraph\">Sobre la situaci\u00f3n de los centros m\u00e9dicos, HRANA afirma que \u201c<b>las fuerzas de seguridad identifican a las personas heridas en relaci\u00f3n con las protestas y las retiran de los hospitales para arrestarlas<\/b>\u201d. <\/p>\n<p class=\"paragraph\">\u201cEn respuesta, <b>m\u00e1s de 4.000 m\u00e9dicos han firmado una declaraci\u00f3n condenando la represi\u00f3n<\/b> de las fuerzas de seguridad contra el personal m\u00e9dico\u201d, se\u00f1al\u00f3 la organizaci\u00f3n.<\/p>\n<p class=\"paragraph\">Tambi\u00e9n indic\u00f3 que <b>el n\u00famero de personas gravemente heridas asciende a 11.009<\/b> y <b>el n\u00famero total de arrestos a 41.880<\/b>.<\/p>\n<p class=\"paragraph\">Asimismo, HRA ha documentado <b>245 casos de confesiones forzadas transmitidas<\/b> y contabiliza <b>651 incidentes relacionados con las protestas<\/b> en 200 ciudades de 31 provincias. <\/p>\n<div class=\"visual__image\"><picture><source srcset=\"https:\/\/www.infobae.com\/resizer\/v2\/P4K2CYEZ6JH5DIRFGFXZVNHMCA.jpg?auth=3d2e650171a96f75f715ef44f39df7b85628ea2133aa9d3590234a10882d7541&amp;smart=true&amp;width=992&amp;height=640&amp;quality=85\" media=\"(min-width: 1000px)\"\/><source srcset=\"https:\/\/www.infobae.com\/resizer\/v2\/P4K2CYEZ6JH5DIRFGFXZVNHMCA.jpg?auth=3d2e650171a96f75f715ef44f39df7b85628ea2133aa9d3590234a10882d7541&amp;smart=true&amp;width=768&amp;height=495&amp;quality=85\" media=\"(min-width: 768px)\"\/><source srcset=\"https:\/\/www.infobae.com\/resizer\/v2\/P4K2CYEZ6JH5DIRFGFXZVNHMCA.jpg?auth=3d2e650171a96f75f715ef44f39df7b85628ea2133aa9d3590234a10882d7541&amp;smart=true&amp;width=577&amp;height=372&amp;quality=85\" media=\"(min-width: 580px)\"\/><source srcset=\"https:\/\/www.infobae.com\/resizer\/v2\/P4K2CYEZ6JH5DIRFGFXZVNHMCA.jpg?auth=3d2e650171a96f75f715ef44f39df7b85628ea2133aa9d3590234a10882d7541&amp;smart=true&amp;width=420&amp;height=271&amp;quality=85\" media=\"(min-width: 350px)\"\/><source srcset=\"https:\/\/www.infobae.com\/resizer\/v2\/P4K2CYEZ6JH5DIRFGFXZVNHMCA.jpg?auth=3d2e650171a96f75f715ef44f39df7b85628ea2133aa9d3590234a10882d7541&amp;smart=true&amp;width=350&amp;height=226&amp;quality=85\" media=\"(min-width: 80px)\"\/><img alt=\"Polic\u00edas iran\u00edes desplegados en Teher\u00e1n\" class=\"global-image\" decoding=\"async\" fetchpriority=\"low\" height=\"3556\" loading=\"lazy\" src=\"https:\/\/www.infobae.com\/resizer\/v2\/P4K2CYEZ6JH5DIRFGFXZVNHMCA.jpg?auth=3d2e650171a96f75f715ef44f39df7b85628ea2133aa9d3590234a10882d7541&amp;smart=true&amp;width=350&amp;height=226&amp;quality=85\" width=\"5515\"\/><\/picture><figcaption class=\"article-figcaption-img\">Polic\u00edas iran\u00edes desplegados en Teher\u00e1n el 14 de enero (EFE\/EPA\/ABEDIN TAHERKENAREH)<\/figcaption><\/div>\n<p class=\"paragraph\">En otro orden, las <b>Fuerzas Armadas de Ir\u00e1n<\/b> advirtieron que la presencia de un portaaviones y otros buques de Estados Unidos en Oriente Medio incrementa su \u201c<b>vulnerabilidad<\/b>\u201d y los convierte en \u201c<b>objetivos al alcance<\/b>\u201d, en un contexto de creciente tensi\u00f3n bilateral.<\/p>\n<p class=\"paragraph\">\u201cLa concentraci\u00f3n y acumulaci\u00f3n de fuerzas y equipos en la zona no ser\u00e1 un factor disuasorio, sino que aumentar\u00e1 su vulnerabilidad y los convertir\u00e1 en objetivos al alcance\u201d, indic\u00f3 una fuente militar de la Base <b>Khatam al Anbiya<\/b>, el comando central unificado de las Fuerzas Armadas iran\u00edes, seg\u00fan la televisi\u00f3n estatal de Ir\u00e1n.<\/p>\n<p class=\"paragraph\">La fuente, cuyo nombre no se hizo p\u00fablico, sostuvo que la idea de llevar a cabo una \u201coperaci\u00f3n limitada, r\u00e1pida y limpia contra Ir\u00e1n se debe a estimaciones incorrectas y a <b>una comprensi\u00f3n incompleta de las capacidades defensivas y ofensivas de la Rep\u00fablica Isl\u00e1mica<\/b>\u201d.<\/p>\n<p class=\"paragraph\">En la misma l\u00ednea, el comando central unificado de las Fuerzas Armadas iran\u00edes se\u00f1al\u00f3 que \u201cla Rep\u00fablica Isl\u00e1mica no iniciar\u00e1 ninguna guerra, pero no permitir\u00e1 ninguna amenaza contra la seguridad nacional del pa\u00eds\u201d.<\/p>\n<p class=\"paragraph\">Las advertencias se produjeron tras el ingreso del portaaviones <b>USS Abraham Lincoln<\/b> y su grupo de ataque a aguas de Oriente Medio, un despliegue confirmado por el <b>Comando Central de Estados Unidos <\/b>(Centcom).<\/p>\n<p class=\"paragraph\"><i>(Con informaci\u00f3n de EFE y AFP)<\/i><\/p>\n<\/div>\n<p><script defer=\"\">try{!function(f,b,e,v,n,t,s) {if(f.fbq)return;n=f.fbq=function(){n.callMethod? n.callMethod.apply(n,arguments):n.queue.push(arguments)}; if(!f._fbq)f._fbq=n;n.push=n;n.loaded=!0;n.version='2.0'; n.queue=[];t=b.createElement(e);t.async=!0; t.src=v;s=b.getElementsByTagName(e)[0]; s.parentNode.insertBefore(t,s)}(window, document,'script', ' fbq('init', '336383993555320'); fbq('track', 'PageView'); fbq('track', 'ViewContent');}catch(error){console.log(\"Error al inicializar facebookPixelRawCodeScript:\",error);}<\/script><\/p>\n","protected":false},"excerpt":{"rendered":"<p>Iran\u00edes participan en una protesta antigubernamental en Teher\u00e1n, Ir\u00e1n, el 9 de enero de 2026 (UGC v\u00eda AP) La organizaci\u00f3n no gubernamental con sede en Estados Unidos HRANA elev\u00f3 a 5.777 el n\u00famero de manifestantes muertos en su \u00faltimo reporte, en el que sit\u00faa en 6.126 la cifra total de fallecidos en las protestas que [&hellip;]<\/p>\n","protected":false},"author":2,"featured_media":74974,"comment_status":"","ping_status":"","sticky":false,"template":"","format":"standard","meta":{"footnotes":""},"categories":[3],"tags":[],"_links":{"self":[{"href":"https:\/\/maxradio923.com.ar\/index.php\/wp-json\/wp\/v2\/posts\/74973"}],"collection":[{"href":"https:\/\/maxradio923.com.ar\/index.php\/wp-json\/wp\/v2\/posts"}],"about":[{"href":"https:\/\/maxradio923.com.ar\/index.php\/wp-json\/wp\/v2\/types\/post"}],"author":[{"embeddable":true,"href":"https:\/\/maxradio923.com.ar\/index.php\/wp-json\/wp\/v2\/users\/2"}],"replies":[{"embeddable":true,"href":"https:\/\/maxradio923.com.ar\/index.php\/wp-json\/wp\/v2\/comments?post=74973"}],"version-history":[{"count":0,"href":"https:\/\/maxradio923.com.ar\/index.php\/wp-json\/wp\/v2\/posts\/74973\/revisions"}],"wp:featuredmedia":[{"embeddable":true,"href":"https:\/\/maxradio923.com.ar\/index.php\/wp-json\/wp\/v2\/media\/74974"}],"wp:attachment":[{"href":"https:\/\/maxradio923.com.ar\/index.php\/wp-json\/wp\/v2\/media?parent=74973"}],"wp:term":[{"taxonomy":"category","embeddable":true,"href":"https:\/\/maxradio923.com.ar\/index.php\/wp-json\/wp\/v2\/categories?post=74973"},{"taxonomy":"post_tag","embeddable":true,"href":"https:\/\/maxradio923.com.ar\/index.php\/wp-json\/wp\/v2\/tags?post=74973"}],"curies":[{"name":"wp","href":"https:\/\/api.w.org\/{rel}","templated":true}]}}