{"id":74971,"date":"2026-01-27T12:42:17","date_gmt":"2026-01-27T15:42:17","guid":{"rendered":"https:\/\/maxradio923.com.ar\/index.php\/2026\/01\/27\/tension-en-tres-de-febrero-un-hombre-tomo-de-rehen-a-su-pareja-12-dias-despues-de-salir-de-prision\/"},"modified":"2026-01-27T12:42:17","modified_gmt":"2026-01-27T15:42:17","slug":"tension-en-tres-de-febrero-un-hombre-tomo-de-rehen-a-su-pareja-12-dias-despues-de-salir-de-prision","status":"publish","type":"post","link":"https:\/\/maxradio923.com.ar\/index.php\/2026\/01\/27\/tension-en-tres-de-febrero-un-hombre-tomo-de-rehen-a-su-pareja-12-dias-despues-de-salir-de-prision\/","title":{"rendered":"Tensi\u00f3n en Tres de Febrero: un hombre tom\u00f3 de reh\u00e9n a su pareja 12 d\u00edas despu\u00e9s de salir de prisi\u00f3n"},"content":{"rendered":"<p><\/p>\n<h2 class=\"article-subheadline text_align_left\">Ocurri\u00f3 este domingo. Tras m\u00e1s de cuatro horas de negociaci\u00f3n, una mediadora logr\u00f3 que el secuestrador deponga su actitud y se entregue a la Polic\u00eda<\/h2>\n<p><\/p>\n<p class=\"paragraph\">Momentos de tensi\u00f3n se vivieron este domingo en la localidad de <b>Caseros<\/b>, partido bonaerense de <i><b>Tres de Febrero<\/b><\/i>, debido a que un <b>exconvicto<\/b>, que hab\u00eda salido de prisi\u00f3n el pasado 13 de enero, <b>tom\u00f3 de reh\u00e9n a su pareja <\/b>en medio de una fuerte discusi\u00f3n conyugal y <b>la amenaz\u00f3 con un cuchillo en el cuello<\/b> durante m\u00e1s de cuatro horas. Tras una intensa negociaci\u00f3n, una mediadora de la Polic\u00eda Bonaerense logr\u00f3 que el secuestrador deponga su actitud y se entregue a los agentes que permanec\u00edan afuera del domicilio. <\/p>\n<p><\/p>\n<p class=\"paragraph\">En ese contexto, la<b> fiscal Marcela Costa<\/b>, de la UFI N\u00b0 6 Descentralizada de Tres de Febrero, Departamento Judicial San Mart\u00edn, solicit\u00f3 la presencia de un mediador en el lugar. <\/p>\n<p><\/p>\n<p class=\"paragraph\">Durante la negociaci\u00f3n, los investigadores hicieron la consulta correspondiente en el CEPAID (Centro de Procesamiento y An\u00e1lisis de la Informaci\u00f3n Delictiva) y corroboraron que N.A.L. pose\u00eda un <b>amplio prontuario delictivo<\/b>, con <b>dos antecedentes por homicidio simple<\/b> \u2014uno en 2008 y otro en 2016\u2014 y tres por <b>robo<\/b>, entre otros. <\/p>\n<p><\/p>\n<p class=\"paragraph\">Su \u00faltimo ingreso a prisi\u00f3n, en tanto, hab\u00eda sido el 25 de febrero del a\u00f1o pasado, en una causa por<b> resistencia a la autoridad<\/b> que tramita la UFI N\u00b0 4 departamental. <\/p>\n<p><\/p>\n<p class=\"paragraph\">Tras m\u00e1s de cuatro horas de negociaci\u00f3n, una mediadora, integrante del Grupo T\u00e1ctico de Operaciones de la comisar\u00eda interviniente, logr\u00f3 el objetivo: N.A.L. liber\u00f3 a su novia, que result\u00f3 ilesa, lanz\u00f3 lejos de su radio el arma blanca con la que hab\u00eda amenazado a su pareja y <b>se entreg\u00f3 a la Polic\u00eda. <\/b><\/p>\n<p><\/p>\n<p class=\"paragraph\">Este lunes, la fiscal Costa imput\u00f3 e indag\u00f3 a N.A.L. por los delitos de <b>privaci\u00f3n de la libertad, amenazas agravadas y desobediencia. <\/b>Asimismo, solicit\u00f3 la conversi\u00f3n de aprehensi\u00f3n en detenci\u00f3n del acusado, pero hasta este martes el requerimiento<b> <\/b>no hab\u00eda sido resuelto por el Juzgado de Garant\u00edas N\u00b0 5 departamental, a cargo del juez <b>Nicol\u00e1s Schiavo<\/b>.<\/p>\n","protected":false},"excerpt":{"rendered":"<p>Ocurri\u00f3 este domingo. Tras m\u00e1s de cuatro horas de negociaci\u00f3n, una mediadora logr\u00f3 que el secuestrador deponga su actitud y se entregue a la Polic\u00eda Momentos de tensi\u00f3n se vivieron este domingo en la localidad de Caseros, partido bonaerense de Tres de Febrero, debido a que un exconvicto, que hab\u00eda salido de prisi\u00f3n el pasado [&hellip;]<\/p>\n","protected":false},"author":2,"featured_media":74972,"comment_status":"","ping_status":"","sticky":false,"template":"","format":"standard","meta":{"footnotes":""},"categories":[12],"tags":[],"_links":{"self":[{"href":"https:\/\/maxradio923.com.ar\/index.php\/wp-json\/wp\/v2\/posts\/74971"}],"collection":[{"href":"https:\/\/maxradio923.com.ar\/index.php\/wp-json\/wp\/v2\/posts"}],"about":[{"href":"https:\/\/maxradio923.com.ar\/index.php\/wp-json\/wp\/v2\/types\/post"}],"author":[{"embeddable":true,"href":"https:\/\/maxradio923.com.ar\/index.php\/wp-json\/wp\/v2\/users\/2"}],"replies":[{"embeddable":true,"href":"https:\/\/maxradio923.com.ar\/index.php\/wp-json\/wp\/v2\/comments?post=74971"}],"version-history":[{"count":0,"href":"https:\/\/maxradio923.com.ar\/index.php\/wp-json\/wp\/v2\/posts\/74971\/revisions"}],"wp:featuredmedia":[{"embeddable":true,"href":"https:\/\/maxradio923.com.ar\/index.php\/wp-json\/wp\/v2\/media\/74972"}],"wp:attachment":[{"href":"https:\/\/maxradio923.com.ar\/index.php\/wp-json\/wp\/v2\/media?parent=74971"}],"wp:term":[{"taxonomy":"category","embeddable":true,"href":"https:\/\/maxradio923.com.ar\/index.php\/wp-json\/wp\/v2\/categories?post=74971"},{"taxonomy":"post_tag","embeddable":true,"href":"https:\/\/maxradio923.com.ar\/index.php\/wp-json\/wp\/v2\/tags?post=74971"}],"curies":[{"name":"wp","href":"https:\/\/api.w.org\/{rel}","templated":true}]}}