{"id":74961,"date":"2026-01-27T12:12:04","date_gmt":"2026-01-27T15:12:04","guid":{"rendered":"https:\/\/maxradio923.com.ar\/index.php\/2026\/01\/27\/la-ue-manifesto-su-respaldo-al-proyecto-de-francia-de-prohibir-las-redes-sociales-a-menores-de-15-anos\/"},"modified":"2026-01-27T12:12:04","modified_gmt":"2026-01-27T15:12:04","slug":"la-ue-manifesto-su-respaldo-al-proyecto-de-francia-de-prohibir-las-redes-sociales-a-menores-de-15-anos","status":"publish","type":"post","link":"https:\/\/maxradio923.com.ar\/index.php\/2026\/01\/27\/la-ue-manifesto-su-respaldo-al-proyecto-de-francia-de-prohibir-las-redes-sociales-a-menores-de-15-anos\/","title":{"rendered":"La UE manifest\u00f3 su respaldo al proyecto de Francia de prohibir las redes sociales a menores de 15 a\u00f1os"},"content":{"rendered":"<p><\/p>\n<div xmlns:default=\"http:\/\/www.w3.org\/2000\/svg\">\n<div class=\"visual__image image-initial-width\"><picture><source srcset=\"https:\/\/www.infobae.com\/resizer\/v2\/PW4YSPGSLNDJVPEIBSC77MFPRM.jpg?auth=5e14532cf1f71128bb5dc6750e89fedbe77fb22006700fd61f5052f374ec624b&amp;smart=true&amp;width=992&amp;height=691&amp;quality=85\" media=\"(min-width: 1000px)\"\/><source srcset=\"https:\/\/www.infobae.com\/resizer\/v2\/PW4YSPGSLNDJVPEIBSC77MFPRM.jpg?auth=5e14532cf1f71128bb5dc6750e89fedbe77fb22006700fd61f5052f374ec624b&amp;smart=true&amp;width=768&amp;height=535&amp;quality=85\" media=\"(min-width: 768px)\"\/><source srcset=\"https:\/\/www.infobae.com\/resizer\/v2\/PW4YSPGSLNDJVPEIBSC77MFPRM.jpg?auth=5e14532cf1f71128bb5dc6750e89fedbe77fb22006700fd61f5052f374ec624b&amp;smart=true&amp;width=577&amp;height=402&amp;quality=85\" media=\"(min-width: 580px)\"\/><source srcset=\"https:\/\/www.infobae.com\/resizer\/v2\/PW4YSPGSLNDJVPEIBSC77MFPRM.jpg?auth=5e14532cf1f71128bb5dc6750e89fedbe77fb22006700fd61f5052f374ec624b&amp;smart=true&amp;width=420&amp;height=293&amp;quality=85\" media=\"(min-width: 350px)\"\/><source srcset=\"https:\/\/www.infobae.com\/resizer\/v2\/PW4YSPGSLNDJVPEIBSC77MFPRM.jpg?auth=5e14532cf1f71128bb5dc6750e89fedbe77fb22006700fd61f5052f374ec624b&amp;smart=true&amp;width=350&amp;height=244&amp;quality=85\" media=\"(min-width: 80px)\"\/><img alt=\"En noviembre, los legisladores europeos\" class=\"global-image\" decoding=\"async\" fetchpriority=\"high\" height=\"2809\" loading=\"eager\" src=\"https:\/\/www.infobae.com\/resizer\/v2\/PW4YSPGSLNDJVPEIBSC77MFPRM.jpg?auth=5e14532cf1f71128bb5dc6750e89fedbe77fb22006700fd61f5052f374ec624b&amp;smart=true&amp;width=350&amp;height=244&amp;quality=85\" width=\"4032\"\/><\/picture><figcaption class=\"article-figcaption-img\">En noviembre, los legisladores europeos pidieron acciones a nivel de la UE para proteger a los menores en l\u00ednea, incluyendo una edad m\u00ednima de 16 a\u00f1os en todo el bloque y prohibiciones a las pr\u00e1cticas m\u00e1s da\u00f1inas. (AP Foto\/Emilio Morenatti, Archivo)<\/figcaption><\/div>\n<p class=\"paragraph\">Francia tiene derecho a prohibir las redes sociales, algo previsto en una ley aprobada en primera lectura por los diputados franceses, afirm\u00f3 este martes la <b>Comisi\u00f3n Europea<\/b>, a quien competer\u00e1 hacer que la medida se aplique.<\/p>\n<p class=\"paragraph\">\u201cS\u00ed, las autoridades francesas tienen derecho a instaurar una mayor\u00eda [de edad] digital dirigida a todos sus ciudadanos\u201d, declar\u00f3 a la prensa Thomas Regnier, portavoz del Ejecutivo europeo.<\/p>\n<p class=\"paragraph\"><b>\u201cLas grandes plataformas en l\u00ednea tienen la obligaci\u00f3n de respetar la legislaci\u00f3n nacional, pero asegurarse de que [la iniciativa] es aplicable y de que han puesto en marcha dispositivos de verificaci\u00f3n de edad adecuados es una prerrogativa de la Comisi\u00f3n\u201d<\/b>, agreg\u00f3 Regnier. <\/p>\n<p class=\"paragraph\">Si al final se adoptara la ley y fuera conforme a la legislaci\u00f3n europea,<b> \u201cla Comisi\u00f3n se encargar\u00e1 de que las grandes plataformas la apliquen\u201d<\/b>, indic\u00f3 el vocero, que record\u00f3 que varios pa\u00edses europeos, incluida Francia, est\u00e1n probando una aplicaci\u00f3n para comprobar la edad de los internautas.<\/p>\n<div class=\"visual__image\"><picture><source srcset=\"https:\/\/www.infobae.com\/resizer\/v2\/JG3WHOPBDJESTGKRAQJFTCBMWU.JPG?auth=69a49bad64252b68dd2d62c28b16ae3e8c98d7649a8bed81104f4ca897f93f3d&amp;smart=true&amp;width=992&amp;height=661&amp;quality=85\" media=\"(min-width: 1000px)\"\/><source srcset=\"https:\/\/www.infobae.com\/resizer\/v2\/JG3WHOPBDJESTGKRAQJFTCBMWU.JPG?auth=69a49bad64252b68dd2d62c28b16ae3e8c98d7649a8bed81104f4ca897f93f3d&amp;smart=true&amp;width=768&amp;height=512&amp;quality=85\" media=\"(min-width: 768px)\"\/><source srcset=\"https:\/\/www.infobae.com\/resizer\/v2\/JG3WHOPBDJESTGKRAQJFTCBMWU.JPG?auth=69a49bad64252b68dd2d62c28b16ae3e8c98d7649a8bed81104f4ca897f93f3d&amp;smart=true&amp;width=577&amp;height=385&amp;quality=85\" media=\"(min-width: 580px)\"\/><source srcset=\"https:\/\/www.infobae.com\/resizer\/v2\/JG3WHOPBDJESTGKRAQJFTCBMWU.JPG?auth=69a49bad64252b68dd2d62c28b16ae3e8c98d7649a8bed81104f4ca897f93f3d&amp;smart=true&amp;width=420&amp;height=280&amp;quality=85\" media=\"(min-width: 350px)\"\/><source srcset=\"https:\/\/www.infobae.com\/resizer\/v2\/JG3WHOPBDJESTGKRAQJFTCBMWU.JPG?auth=69a49bad64252b68dd2d62c28b16ae3e8c98d7649a8bed81104f4ca897f93f3d&amp;smart=true&amp;width=350&amp;height=233&amp;quality=85\" media=\"(min-width: 80px)\"\/><img alt=\"El presidente franc\u00e9s, Emmanuel Macron,\" class=\"global-image\" decoding=\"async\" fetchpriority=\"low\" height=\"4000\" loading=\"lazy\" src=\"https:\/\/www.infobae.com\/resizer\/v2\/JG3WHOPBDJESTGKRAQJFTCBMWU.JPG?auth=69a49bad64252b68dd2d62c28b16ae3e8c98d7649a8bed81104f4ca897f93f3d&amp;smart=true&amp;width=350&amp;height=233&amp;quality=85\" width=\"6000\"\/><\/picture><figcaption class=\"article-figcaption-img\">El presidente franc\u00e9s, Emmanuel Macron, asiste a una discusi\u00f3n con estudiantes de secundaria y preparatoria sobre el papel de las redes sociales, en la escuela secundaria College La Fayette en Rochefort, Francia, el 4 de noviembre de 2025. REUTERS\/Stephane Mahe\/Pool\/File Photo<\/figcaption><\/div>\n<p class=\"paragraph\"><b>Las pruebas deber\u00edan terminar antes de que finalice el a\u00f1o.<\/b><\/p>\n<p class=\"paragraph\">Los diputados franceses aprobaron en la madrugada del martes prohibir las redes sociales a los menores de 15 a\u00f1os, una iniciativa impulsada por el presidente <b>Emmanuel Macron<\/b> que busca proteger la salud mental de los adolescentes y luchar contra el ciberacoso.<\/p>\n<p class=\"paragraph\">El proyecto de ley franc\u00e9s ha sido dise\u00f1ado para cumplir con la Ley de Servicios Digitales de la Uni\u00f3n Europea, que impone un conjunto de requisitos estrictos dise\u00f1ados para mantener a los usuarios de internet seguros en l\u00ednea. En noviembre, los legisladores europeos pidieron acciones a nivel de la UE para proteger a los menores en l\u00ednea, incluyendo una <b>edad m\u00ednima de 16 a\u00f1os en todo el bloque y prohibiciones a las pr\u00e1cticas m\u00e1s da\u00f1inas<\/b>.<\/p>\n<p class=\"paragraph\">Seg\u00fan el organismo de salud de Francia,<b> uno de cada dos adolescentes pasa entre dos y cinco horas al d\u00eda en un smartphone<\/b>. En un informe publicado en diciembre, se indic\u00f3 que alrededor del 90% de los ni\u00f1os de entre 12 y 17 a\u00f1os usan celulares a diario para acceder a internet, y un 58% de ellos utiliza sus dispositivos para redes sociales.<\/p>\n<div class=\"visual__image\"><picture><source srcset=\"https:\/\/www.infobae.com\/resizer\/v2\/EP4GKANQ6BAGFIKVRKGEN55JBA.png?auth=fc85190ebd8fcd1a7a735d8b1a42bcf91b9b7f92fc6ab3681f80469fc7a0760b&amp;smart=true&amp;width=992&amp;height=661&amp;quality=85\" media=\"(min-width: 1000px)\"\/><source srcset=\"https:\/\/www.infobae.com\/resizer\/v2\/EP4GKANQ6BAGFIKVRKGEN55JBA.png?auth=fc85190ebd8fcd1a7a735d8b1a42bcf91b9b7f92fc6ab3681f80469fc7a0760b&amp;smart=true&amp;width=768&amp;height=512&amp;quality=85\" media=\"(min-width: 768px)\"\/><source srcset=\"https:\/\/www.infobae.com\/resizer\/v2\/EP4GKANQ6BAGFIKVRKGEN55JBA.png?auth=fc85190ebd8fcd1a7a735d8b1a42bcf91b9b7f92fc6ab3681f80469fc7a0760b&amp;smart=true&amp;width=577&amp;height=385&amp;quality=85\" media=\"(min-width: 580px)\"\/><source srcset=\"https:\/\/www.infobae.com\/resizer\/v2\/EP4GKANQ6BAGFIKVRKGEN55JBA.png?auth=fc85190ebd8fcd1a7a735d8b1a42bcf91b9b7f92fc6ab3681f80469fc7a0760b&amp;smart=true&amp;width=420&amp;height=280&amp;quality=85\" media=\"(min-width: 350px)\"\/><source srcset=\"https:\/\/www.infobae.com\/resizer\/v2\/EP4GKANQ6BAGFIKVRKGEN55JBA.png?auth=fc85190ebd8fcd1a7a735d8b1a42bcf91b9b7f92fc6ab3681f80469fc7a0760b&amp;smart=true&amp;width=350&amp;height=233&amp;quality=85\" media=\"(min-width: 80px)\"\/><img alt=\"Seg\u00fan el organismo de salud\" class=\"global-image\" decoding=\"async\" fetchpriority=\"low\" height=\"1024\" loading=\"lazy\" src=\"https:\/\/www.infobae.com\/resizer\/v2\/EP4GKANQ6BAGFIKVRKGEN55JBA.png?auth=fc85190ebd8fcd1a7a735d8b1a42bcf91b9b7f92fc6ab3681f80469fc7a0760b&amp;smart=true&amp;width=350&amp;height=233&amp;quality=85\" width=\"1536\"\/><\/picture><figcaption class=\"article-figcaption-img\">Seg\u00fan el organismo de salud de Francia, uno de cada dos adolescentes pasa entre dos y cinco horas al d\u00eda en un smartphone. (Imagen ilustrativa Infobae)<\/figcaption><\/div>\n<p class=\"paragraph\">El informe destac\u00f3 una serie de efectos perjudiciales derivados del uso de redes sociales, incluyendo la <b>reducci\u00f3n de la autoestima y una mayor exposici\u00f3n a contenido asociado con comportamientos de riesgo como autolesiones, consumo de drogas y suicidio<\/b>. Varias familias en Francia han demandado a TikTok por suicidios de adolescentes que, seg\u00fan dicen, est\u00e1n vinculados a contenido da\u00f1ino.<\/p>\n<p class=\"paragraph\">La prohibici\u00f3n francesa<b> no cubrir\u00e1 enciclopedias en l\u00ednea, directorios educativos o cient\u00edficos, ni plataformas para el desarrollo y compartici\u00f3n de software de c\u00f3digo abierto<\/b>.<\/p>\n<p class=\"paragraph\">En Australia, las empresas de redes sociales han revocado el acceso a unos 4,7 millones de cuentas identificadas como pertenecientes a ni\u00f1os desde que el pa\u00eds prohibi\u00f3 el uso de las plataformas por parte de menores de 16 a\u00f1os, dijeron funcionarios. La ley provoc\u00f3 intensos debates en Australia sobre el uso de la tecnolog\u00eda, la privacidad, la seguridad infantil y la salud mental, y ha llevado a otros pa\u00edses a considerar medidas similares.<\/p>\n<p class=\"paragraph\"><i>(con informaci\u00f3n de AFP y AP)<\/i><\/p>\n<\/div>\n<p><script defer=\"\">try{!function(f,b,e,v,n,t,s) {if(f.fbq)return;n=f.fbq=function(){n.callMethod? n.callMethod.apply(n,arguments):n.queue.push(arguments)}; if(!f._fbq)f._fbq=n;n.push=n;n.loaded=!0;n.version='2.0'; n.queue=[];t=b.createElement(e);t.async=!0; t.src=v;s=b.getElementsByTagName(e)[0]; s.parentNode.insertBefore(t,s)}(window, document,'script', ' fbq('init', '336383993555320'); fbq('track', 'PageView'); fbq('track', 'ViewContent');}catch(error){console.log(\"Error al inicializar facebookPixelRawCodeScript:\",error);}<\/script><\/p>\n","protected":false},"excerpt":{"rendered":"<p>En noviembre, los legisladores europeos pidieron acciones a nivel de la UE para proteger a los menores en l\u00ednea, incluyendo una edad m\u00ednima de 16 a\u00f1os en todo el bloque y prohibiciones a las pr\u00e1cticas m\u00e1s da\u00f1inas. (AP Foto\/Emilio Morenatti, Archivo) Francia tiene derecho a prohibir las redes sociales, algo previsto en una ley aprobada [&hellip;]<\/p>\n","protected":false},"author":2,"featured_media":74962,"comment_status":"","ping_status":"","sticky":false,"template":"","format":"standard","meta":{"footnotes":""},"categories":[3],"tags":[],"_links":{"self":[{"href":"https:\/\/maxradio923.com.ar\/index.php\/wp-json\/wp\/v2\/posts\/74961"}],"collection":[{"href":"https:\/\/maxradio923.com.ar\/index.php\/wp-json\/wp\/v2\/posts"}],"about":[{"href":"https:\/\/maxradio923.com.ar\/index.php\/wp-json\/wp\/v2\/types\/post"}],"author":[{"embeddable":true,"href":"https:\/\/maxradio923.com.ar\/index.php\/wp-json\/wp\/v2\/users\/2"}],"replies":[{"embeddable":true,"href":"https:\/\/maxradio923.com.ar\/index.php\/wp-json\/wp\/v2\/comments?post=74961"}],"version-history":[{"count":0,"href":"https:\/\/maxradio923.com.ar\/index.php\/wp-json\/wp\/v2\/posts\/74961\/revisions"}],"wp:featuredmedia":[{"embeddable":true,"href":"https:\/\/maxradio923.com.ar\/index.php\/wp-json\/wp\/v2\/media\/74962"}],"wp:attachment":[{"href":"https:\/\/maxradio923.com.ar\/index.php\/wp-json\/wp\/v2\/media?parent=74961"}],"wp:term":[{"taxonomy":"category","embeddable":true,"href":"https:\/\/maxradio923.com.ar\/index.php\/wp-json\/wp\/v2\/categories?post=74961"},{"taxonomy":"post_tag","embeddable":true,"href":"https:\/\/maxradio923.com.ar\/index.php\/wp-json\/wp\/v2\/tags?post=74961"}],"curies":[{"name":"wp","href":"https:\/\/api.w.org\/{rel}","templated":true}]}}