{"id":74957,"date":"2026-01-27T12:06:05","date_gmt":"2026-01-27T15:06:05","guid":{"rendered":"https:\/\/maxradio923.com.ar\/index.php\/2026\/01\/27\/el-segundo-dia-de-accion-en-la-formula-1-tuvo-varias-ausencias-dos-estrenos-y-una-bandera-roja-en-el-shakedown-week\/"},"modified":"2026-01-27T12:06:05","modified_gmt":"2026-01-27T15:06:05","slug":"el-segundo-dia-de-accion-en-la-formula-1-tuvo-varias-ausencias-dos-estrenos-y-una-bandera-roja-en-el-shakedown-week","status":"publish","type":"post","link":"https:\/\/maxradio923.com.ar\/index.php\/2026\/01\/27\/el-segundo-dia-de-accion-en-la-formula-1-tuvo-varias-ausencias-dos-estrenos-y-una-bandera-roja-en-el-shakedown-week\/","title":{"rendered":"El segundo d\u00eda de acci\u00f3n en la F\u00f3rmula 1 tuvo varias ausencias, dos estrenos y una bandera roja en el Shakedown Week"},"content":{"rendered":"<p><\/p>\n<div xmlns:default=\"http:\/\/www.w3.org\/2000\/svg\">\n<div class=\"visual__image image-initial-width\"><picture><source srcset=\"https:\/\/www.infobae.com\/resizer\/v2\/PGOIU2ICNVEWDE3ZFMRI3ALH7M.jpg?auth=9d94dae086a747c79403de95209a17ebcf104bd2cbef6621b71e5d93167bde17&amp;smart=true&amp;width=992&amp;height=1240&amp;quality=85\" media=\"(min-width: 1000px)\"\/><source srcset=\"https:\/\/www.infobae.com\/resizer\/v2\/PGOIU2ICNVEWDE3ZFMRI3ALH7M.jpg?auth=9d94dae086a747c79403de95209a17ebcf104bd2cbef6621b71e5d93167bde17&amp;smart=true&amp;width=768&amp;height=960&amp;quality=85\" media=\"(min-width: 768px)\"\/><source srcset=\"https:\/\/www.infobae.com\/resizer\/v2\/PGOIU2ICNVEWDE3ZFMRI3ALH7M.jpg?auth=9d94dae086a747c79403de95209a17ebcf104bd2cbef6621b71e5d93167bde17&amp;smart=true&amp;width=577&amp;height=721&amp;quality=85\" media=\"(min-width: 580px)\"\/><source srcset=\"https:\/\/www.infobae.com\/resizer\/v2\/PGOIU2ICNVEWDE3ZFMRI3ALH7M.jpg?auth=9d94dae086a747c79403de95209a17ebcf104bd2cbef6621b71e5d93167bde17&amp;smart=true&amp;width=420&amp;height=525&amp;quality=85\" media=\"(min-width: 350px)\"\/><source srcset=\"https:\/\/www.infobae.com\/resizer\/v2\/PGOIU2ICNVEWDE3ZFMRI3ALH7M.jpg?auth=9d94dae086a747c79403de95209a17ebcf104bd2cbef6621b71e5d93167bde17&amp;smart=true&amp;width=350&amp;height=438&amp;quality=85\" media=\"(min-width: 80px)\"\/><img alt=\"Charles Leclerc sali\u00f3 a pista\" class=\"global-image\" decoding=\"async\" fetchpriority=\"high\" height=\"2400\" loading=\"eager\" src=\"https:\/\/www.infobae.com\/resizer\/v2\/PGOIU2ICNVEWDE3ZFMRI3ALH7M.jpg?auth=9d94dae086a747c79403de95209a17ebcf104bd2cbef6621b71e5d93167bde17&amp;smart=true&amp;width=350&amp;height=438&amp;quality=85\" width=\"1920\"\/><\/picture><figcaption class=\"article-figcaption-img\">Charles Leclerc sali\u00f3 a pista con la Ferrari en el primer turno del martes<\/figcaption><\/div>\n<p class=\"paragraph\">El segundo d\u00eda de actividad en el <i>Circuit de Barcelona-Catalunya<\/i><i> <\/i>tiene una agenda acotada a ra\u00edz del pron\u00f3stico de lluvias que oblig\u00f3 a reorganizar la grilla de la mayor\u00eda de los equipos. Sin embargo, permiti\u00f3 ver el estreno de <b>Charles Leclerc<\/b> en su <b>Ferrari<\/b> y la primera salida a pista de <b>Max Verstappen<\/b> en el flamante <b>RB22 <\/b>de <b>Red Bull Racing<\/b>.<\/p>\n<p class=\"paragraph\">Tras la aparici\u00f3n el lunes de <b>Franco Colapinto<\/b> en Alpine,<b> Valtteri Bottas<\/b> con <b>Cadillac<\/b>, <b>Liam Lawson<\/b> en Racing Bulls, <b>Andrea Kimi Antonelli<\/b> con el <b>Mercedes<\/b>, <b>Isack Hadjar<\/b> con el <b>Red Bull Racing<\/b>, <b>Esteban Ocon<\/b> en el <b>Haas <\/b>y <b>Gabriel Bortoleto<\/b> en el flamante estreno de <b>Audi<\/b>, este martes la mayor\u00eda de los equipos opt\u00f3 por guardar el d\u00eda de trabajo ante las altas probabilidades de lluvia en el territorio espa\u00f1ol.<\/p>\n<p class=\"paragraph\">La segunda jornada permiti\u00f3 entonces ver a un octavo equipo en actividad con la aparici\u00f3n de la SF-26 en las manos del monegasco. S\u00f3lo debi\u00f3 compartir el circuito con el neerland\u00e9s Verstappen, que con su primera salida a pista convirti\u00f3 a <b>Red Bull en el primer equipo del <\/b><i><b>Shakedown Week<\/b><\/i><b> que prueba a sus dos corredores<\/b>.<\/p>\n<div class=\"visual__image\"><picture><source srcset=\"https:\/\/www.infobae.com\/resizer\/v2\/LPT2AIRXRVEM3DEQF6UPIFDJUI.jpg?auth=7bb0b7100c1417f35cde406da2c4531b9453de2501d3268f3cfc1bd6d22a13b2&amp;smart=true&amp;width=992&amp;height=1013&amp;quality=85\" media=\"(min-width: 1000px)\"\/><source srcset=\"https:\/\/www.infobae.com\/resizer\/v2\/LPT2AIRXRVEM3DEQF6UPIFDJUI.jpg?auth=7bb0b7100c1417f35cde406da2c4531b9453de2501d3268f3cfc1bd6d22a13b2&amp;smart=true&amp;width=768&amp;height=784&amp;quality=85\" media=\"(min-width: 768px)\"\/><source srcset=\"https:\/\/www.infobae.com\/resizer\/v2\/LPT2AIRXRVEM3DEQF6UPIFDJUI.jpg?auth=7bb0b7100c1417f35cde406da2c4531b9453de2501d3268f3cfc1bd6d22a13b2&amp;smart=true&amp;width=577&amp;height=589&amp;quality=85\" media=\"(min-width: 580px)\"\/><source srcset=\"https:\/\/www.infobae.com\/resizer\/v2\/LPT2AIRXRVEM3DEQF6UPIFDJUI.jpg?auth=7bb0b7100c1417f35cde406da2c4531b9453de2501d3268f3cfc1bd6d22a13b2&amp;smart=true&amp;width=420&amp;height=429&amp;quality=85\" media=\"(min-width: 350px)\"\/><source srcset=\"https:\/\/www.infobae.com\/resizer\/v2\/LPT2AIRXRVEM3DEQF6UPIFDJUI.jpg?auth=7bb0b7100c1417f35cde406da2c4531b9453de2501d3268f3cfc1bd6d22a13b2&amp;smart=true&amp;width=350&amp;height=357&amp;quality=85\" media=\"(min-width: 80px)\"\/><img alt=\"La publicaci\u00f3n de Red Bull\" class=\"global-image\" decoding=\"async\" fetchpriority=\"low\" height=\"1961\" loading=\"lazy\" src=\"https:\/\/www.infobae.com\/resizer\/v2\/LPT2AIRXRVEM3DEQF6UPIFDJUI.jpg?auth=7bb0b7100c1417f35cde406da2c4531b9453de2501d3268f3cfc1bd6d22a13b2&amp;smart=true&amp;width=350&amp;height=357&amp;quality=85\" width=\"1920\"\/><\/picture><figcaption class=\"article-figcaption-img\">La publicaci\u00f3n de Red Bull ante el debut de Max Verstappen esta temporada: el neerland\u00e9s protagoniz\u00f3 una bandera roja<\/figcaption><\/div>\n<p class=\"paragraph\">Durante los primeros minutos de actividad se desat\u00f3 una bandera <b>roja que<\/b>, seg\u00fan detall\u00f3 el medio especializado <i>The Race<\/i>, ocurri\u00f3 tras una <b>salida de pista de Verstappen<\/b>: \u201c<b>Se sabe que se sali\u00f3 brevemente hacia la grava en la curva 5 y pudo continuar<\/b>, pero provoc\u00f3 una pausa en la sesi\u00f3n de poco m\u00e1s de cinco minutos\u201d.<\/p>\n<p class=\"paragraph\">Adem\u00e1s de tener su bautismo en pista, Leclerc tambi\u00e9n tuvo su estreno formal de los <b>neum\u00e1ticos de lluvia<\/b>. El de Ferrari decidi\u00f3 continuar la sesi\u00f3n a pesar del agua que comenz\u00f3 a caer promediando el primer turno de actividad: \u201cHay mucha agua en el trazado de Barcelona en estos momentos, con un tiempo no oficial de Leclerc de 1:46.0, que es 25 segundos m\u00e1s lento que en seco&#8230;\u201d, detall\u00f3 el portal <i>Motorsport<\/i>.<\/p>\n<p><soccer-worldcup2026-cta-predict\/><link rel=\"stylesheet\" crossorigin=\"true\" href=\"https:\/\/storage.googleapis.com\/arc-buckets\/web-components\/soccer\/ctas\/predict.css\"\/>\n<p class=\"paragraph\">Este medio destac\u00f3 que la bandera roja de Max fue en los primeros 15 minutos de actividad y que lo oblig\u00f3 a estar alrededor de media hora detenido. Antes de la ca\u00edda del agua sobre el trazado de Barcelona, los tiempos aproximados de referencia tuvieron a <b>Verstappen en 1:20.0 y a Leclerc en 1:20.8<\/b>, seg\u00fan las estimaciones ya que no hay registros oficiales.<\/p>\n<div class=\"visual__image\"><picture><source srcset=\"https:\/\/www.infobae.com\/resizer\/v2\/V3KZHAVTOJATXJM4ZS5PK3HJ7U.jpg?auth=bb6319b24f6b71d1b6231f02bd3b40451620fc46fa601e755c81f54ff6c4687b&amp;smart=true&amp;width=992&amp;height=558&amp;quality=85\" media=\"(min-width: 1000px)\"\/><source srcset=\"https:\/\/www.infobae.com\/resizer\/v2\/V3KZHAVTOJATXJM4ZS5PK3HJ7U.jpg?auth=bb6319b24f6b71d1b6231f02bd3b40451620fc46fa601e755c81f54ff6c4687b&amp;smart=true&amp;width=768&amp;height=432&amp;quality=85\" media=\"(min-width: 768px)\"\/><source srcset=\"https:\/\/www.infobae.com\/resizer\/v2\/V3KZHAVTOJATXJM4ZS5PK3HJ7U.jpg?auth=bb6319b24f6b71d1b6231f02bd3b40451620fc46fa601e755c81f54ff6c4687b&amp;smart=true&amp;width=577&amp;height=325&amp;quality=85\" media=\"(min-width: 580px)\"\/><source srcset=\"https:\/\/www.infobae.com\/resizer\/v2\/V3KZHAVTOJATXJM4ZS5PK3HJ7U.jpg?auth=bb6319b24f6b71d1b6231f02bd3b40451620fc46fa601e755c81f54ff6c4687b&amp;smart=true&amp;width=420&amp;height=236&amp;quality=85\" media=\"(min-width: 350px)\"\/><source srcset=\"https:\/\/www.infobae.com\/resizer\/v2\/V3KZHAVTOJATXJM4ZS5PK3HJ7U.jpg?auth=bb6319b24f6b71d1b6231f02bd3b40451620fc46fa601e755c81f54ff6c4687b&amp;smart=true&amp;width=350&amp;height=197&amp;quality=85\" media=\"(min-width: 80px)\"\/><img alt=\"Max Verstappen utiliz\u00f3 el Red\" class=\"global-image\" decoding=\"async\" fetchpriority=\"low\" height=\"1080\" loading=\"lazy\" src=\"https:\/\/www.infobae.com\/resizer\/v2\/V3KZHAVTOJATXJM4ZS5PK3HJ7U.jpg?auth=bb6319b24f6b71d1b6231f02bd3b40451620fc46fa601e755c81f54ff6c4687b&amp;smart=true&amp;width=350&amp;height=197&amp;quality=85\" width=\"1920\"\/><\/picture><figcaption class=\"article-figcaption-img\">Max Verstappen utiliz\u00f3 el Red Bull Racing de la temporada 2026 este martes de manera oficial<\/figcaption><\/div>\n<p class=\"paragraph\">Seg\u00fan los informes, en el inicio de la segunda parte de la sesi\u00f3n hubo cambio de piloto en ambas escuder\u00edas: <b>Hadjar <\/b>ocup\u00f3 la butaca de <b>Verstappen<\/b> y comenz\u00f3 a sumar su segundo d\u00eda de actividad, mientras que <b>Lewis Hamilton<\/b> reemplaz\u00f3 a <b>Leclerc <\/b>en <b>Ferrari<\/b>.<\/p>\n<p class=\"paragraph\">Con la ausencia confirmada de Williams para esta semana, en las \u00faltimas horas creci\u00f3 el signo de interrogaci\u00f3n que est\u00e1 sobre la figura de Aston Martin. El equipo que ahora lidera Adrian Newey y estrenar\u00e1 las unidades de potencia de Honda, adelant\u00f3 que \u201cnuestra intenci\u00f3n\u201d es correr el jueves y el viernes en Barcelona, dejando en claro las demoras que hay en el armado final del coche para la temporada.<\/p>\n<p class=\"paragraph\">En este contexto, s\u00f3lo resta saber cu\u00e1ndo tendr\u00e1 su primera aparici\u00f3n McLaren. El equipo campe\u00f3n hab\u00eda anticipado que no rodar\u00eda el lunes y dej\u00f3 su grilla abierta a la especulaci\u00f3n. Con esta ausencia del martes, la l\u00f3gica marca que los de Andrea Stella y Zak Brown probar\u00e1n el monoplaza el mi\u00e9rcoles, jueves y viernes. Hay que recordar que si bien el <i>Shakedown Week <\/i>se extiende de lunes a viernes, los equipos s\u00f3lo pueden tener actividad en tres de los cinco d\u00edas habilitados.<\/p>\n<div class=\"visual__image\"><picture><source srcset=\"https:\/\/www.infobae.com\/resizer\/v2\/XY7FZDCBAZDHDLEDJS7D7VKSEQ.jpg?auth=0094a5fe1a233ba8ed24ee525b4f77153295b0004b42e28658bb4d1479ea3107&amp;smart=true&amp;width=992&amp;height=1300&amp;quality=85\" media=\"(min-width: 1000px)\"\/><source srcset=\"https:\/\/www.infobae.com\/resizer\/v2\/XY7FZDCBAZDHDLEDJS7D7VKSEQ.jpg?auth=0094a5fe1a233ba8ed24ee525b4f77153295b0004b42e28658bb4d1479ea3107&amp;smart=true&amp;width=768&amp;height=1007&amp;quality=85\" media=\"(min-width: 768px)\"\/><source srcset=\"https:\/\/www.infobae.com\/resizer\/v2\/XY7FZDCBAZDHDLEDJS7D7VKSEQ.jpg?auth=0094a5fe1a233ba8ed24ee525b4f77153295b0004b42e28658bb4d1479ea3107&amp;smart=true&amp;width=577&amp;height=756&amp;quality=85\" media=\"(min-width: 580px)\"\/><source srcset=\"https:\/\/www.infobae.com\/resizer\/v2\/XY7FZDCBAZDHDLEDJS7D7VKSEQ.jpg?auth=0094a5fe1a233ba8ed24ee525b4f77153295b0004b42e28658bb4d1479ea3107&amp;smart=true&amp;width=420&amp;height=551&amp;quality=85\" media=\"(min-width: 350px)\"\/><source srcset=\"https:\/\/www.infobae.com\/resizer\/v2\/XY7FZDCBAZDHDLEDJS7D7VKSEQ.jpg?auth=0094a5fe1a233ba8ed24ee525b4f77153295b0004b42e28658bb4d1479ea3107&amp;smart=true&amp;width=350&amp;height=459&amp;quality=85\" media=\"(min-width: 80px)\"\/><img alt=\"El posteo de Mercedes para\" class=\"global-image\" decoding=\"async\" fetchpriority=\"low\" height=\"2517\" loading=\"lazy\" src=\"https:\/\/www.infobae.com\/resizer\/v2\/XY7FZDCBAZDHDLEDJS7D7VKSEQ.jpg?auth=0094a5fe1a233ba8ed24ee525b4f77153295b0004b42e28658bb4d1479ea3107&amp;smart=true&amp;width=350&amp;height=459&amp;quality=85\" width=\"1920\"\/><\/picture><figcaption class=\"article-figcaption-img\">El posteo de Mercedes para anunciar que no correr\u00e1 en el segundo d\u00eda de actividad<\/figcaption><\/div>\n<p class=\"paragraph\">Es por eso que seis de las siete escuder\u00edas que debutaron el lunes optaron por resguardarse el martes ante las previsiones climatol\u00f3gicas. \u201cAqu\u00ed est\u00e1 George con el \u00faltimo parte meteorol\u00f3gico: llueve en Barcelona. As\u00ed que hemos decidido no correr hoy\u201d, escribi\u00f3 la cuenta oficial de Mercedes con un meme de Russell en el rol de meteor\u00f3logo.<\/p>\n<div class=\"jwplayer-ctn\"><figcaption class=\"jwplayer-figcaption\">La F\u00f3rmula 1 public\u00f3 el primer d\u00eda de actividad de la nueva era<\/figcaption><\/div>\n<p class=\"paragraph\"><i><b>Noticia en desarrollo&#8230;<\/b><\/i><\/p>\n<\/div>\n<p><script defer=\"\">try{!function(f,b,e,v,n,t,s) {if(f.fbq)return;n=f.fbq=function(){n.callMethod? n.callMethod.apply(n,arguments):n.queue.push(arguments)}; if(!f._fbq)f._fbq=n;n.push=n;n.loaded=!0;n.version='2.0'; n.queue=[];t=b.createElement(e);t.async=!0; t.src=v;s=b.getElementsByTagName(e)[0]; s.parentNode.insertBefore(t,s)}(window, document,'script', ' fbq('init', '336383993555320'); fbq('track', 'PageView'); fbq('track', 'ViewContent');}catch(error){console.log(\"Error al inicializar facebookPixelRawCodeScript:\",error);}<\/script><\/p>\n","protected":false},"excerpt":{"rendered":"<p>Charles Leclerc sali\u00f3 a pista con la Ferrari en el primer turno del martes El segundo d\u00eda de actividad en el Circuit de Barcelona-Catalunya tiene una agenda acotada a ra\u00edz del pron\u00f3stico de lluvias que oblig\u00f3 a reorganizar la grilla de la mayor\u00eda de los equipos. Sin embargo, permiti\u00f3 ver el estreno de Charles Leclerc [&hellip;]<\/p>\n","protected":false},"author":2,"featured_media":74958,"comment_status":"","ping_status":"","sticky":false,"template":"","format":"standard","meta":{"footnotes":""},"categories":[2],"tags":[],"_links":{"self":[{"href":"https:\/\/maxradio923.com.ar\/index.php\/wp-json\/wp\/v2\/posts\/74957"}],"collection":[{"href":"https:\/\/maxradio923.com.ar\/index.php\/wp-json\/wp\/v2\/posts"}],"about":[{"href":"https:\/\/maxradio923.com.ar\/index.php\/wp-json\/wp\/v2\/types\/post"}],"author":[{"embeddable":true,"href":"https:\/\/maxradio923.com.ar\/index.php\/wp-json\/wp\/v2\/users\/2"}],"replies":[{"embeddable":true,"href":"https:\/\/maxradio923.com.ar\/index.php\/wp-json\/wp\/v2\/comments?post=74957"}],"version-history":[{"count":0,"href":"https:\/\/maxradio923.com.ar\/index.php\/wp-json\/wp\/v2\/posts\/74957\/revisions"}],"wp:featuredmedia":[{"embeddable":true,"href":"https:\/\/maxradio923.com.ar\/index.php\/wp-json\/wp\/v2\/media\/74958"}],"wp:attachment":[{"href":"https:\/\/maxradio923.com.ar\/index.php\/wp-json\/wp\/v2\/media?parent=74957"}],"wp:term":[{"taxonomy":"category","embeddable":true,"href":"https:\/\/maxradio923.com.ar\/index.php\/wp-json\/wp\/v2\/categories?post=74957"},{"taxonomy":"post_tag","embeddable":true,"href":"https:\/\/maxradio923.com.ar\/index.php\/wp-json\/wp\/v2\/tags?post=74957"}],"curies":[{"name":"wp","href":"https:\/\/api.w.org\/{rel}","templated":true}]}}