{"id":74953,"date":"2026-01-27T11:47:02","date_gmt":"2026-01-27T14:47:02","guid":{"rendered":"https:\/\/maxradio923.com.ar\/index.php\/2026\/01\/27\/como-tramitar-certificado-de-antecedentes-y-planilla-prontuarial\/"},"modified":"2026-01-27T11:47:02","modified_gmt":"2026-01-27T14:47:02","slug":"como-tramitar-certificado-de-antecedentes-y-planilla-prontuarial","status":"publish","type":"post","link":"https:\/\/maxradio923.com.ar\/index.php\/2026\/01\/27\/como-tramitar-certificado-de-antecedentes-y-planilla-prontuarial\/","title":{"rendered":"c\u00f3mo tramitar Certificado de Antecedentes y Planilla Prontuarial"},"content":{"rendered":"<p><\/p>\n<div>\n<p>El Ministerio de Educaci\u00f3n recuerda a los docentes que pueden tramitar el Certificado de Antecedentes y la Planilla Prontuarial requerida para el Ingreso a la docencia 2026 en la sede ministerial. Si el solicitante cuenta con antecedentes deber\u00e1 acudir a la Central de Polic\u00eda.<\/p>\n<p>En horario de 12 a 19, pueden tramitar las certificaciones en la Oficina de Personal, ubicada en el N\u00facleo 1, 2\u00b0 piso del Centro C\u00edvico.<\/p>\n<p>Solo los docentes pueden realizar este tr\u00e1mite en el Ministerio de Educaci\u00f3n con el objetivo de agilizar la obtenci\u00f3n de la documentaci\u00f3n, necesaria y obligatoria, para la inscripci\u00f3n en las distintas Juntas de Clasificaci\u00f3n para el ingreso a la docencia.<\/p>\n<p>Con el mismo criterio se aclara que la documentaci\u00f3n emitida por esta oficina solo tiene validez para ser presentada ante organismos dependientes del Ministerio de Educaci\u00f3n de San Juan.<\/p>\n<\/p><\/div>\n<p><script async defer crossorigin=\"anonymous\" src=\"https:\/\/connect.facebook.net\/es_ES\/sdk.js#xfbml=1&#038;version=v3.3\"><\/script><\/p>\n","protected":false},"excerpt":{"rendered":"<p>El Ministerio de Educaci\u00f3n recuerda a los docentes que pueden tramitar el Certificado de Antecedentes y la Planilla Prontuarial requerida para el Ingreso a la docencia 2026 en la sede ministerial. Si el solicitante cuenta con antecedentes deber\u00e1 acudir a la Central de Polic\u00eda. En horario de 12 a 19, pueden tramitar las certificaciones en [&hellip;]<\/p>\n","protected":false},"author":2,"featured_media":74954,"comment_status":"","ping_status":"","sticky":false,"template":"","format":"standard","meta":{"footnotes":""},"categories":[8],"tags":[],"_links":{"self":[{"href":"https:\/\/maxradio923.com.ar\/index.php\/wp-json\/wp\/v2\/posts\/74953"}],"collection":[{"href":"https:\/\/maxradio923.com.ar\/index.php\/wp-json\/wp\/v2\/posts"}],"about":[{"href":"https:\/\/maxradio923.com.ar\/index.php\/wp-json\/wp\/v2\/types\/post"}],"author":[{"embeddable":true,"href":"https:\/\/maxradio923.com.ar\/index.php\/wp-json\/wp\/v2\/users\/2"}],"replies":[{"embeddable":true,"href":"https:\/\/maxradio923.com.ar\/index.php\/wp-json\/wp\/v2\/comments?post=74953"}],"version-history":[{"count":0,"href":"https:\/\/maxradio923.com.ar\/index.php\/wp-json\/wp\/v2\/posts\/74953\/revisions"}],"wp:featuredmedia":[{"embeddable":true,"href":"https:\/\/maxradio923.com.ar\/index.php\/wp-json\/wp\/v2\/media\/74954"}],"wp:attachment":[{"href":"https:\/\/maxradio923.com.ar\/index.php\/wp-json\/wp\/v2\/media?parent=74953"}],"wp:term":[{"taxonomy":"category","embeddable":true,"href":"https:\/\/maxradio923.com.ar\/index.php\/wp-json\/wp\/v2\/categories?post=74953"},{"taxonomy":"post_tag","embeddable":true,"href":"https:\/\/maxradio923.com.ar\/index.php\/wp-json\/wp\/v2\/tags?post=74953"}],"curies":[{"name":"wp","href":"https:\/\/api.w.org\/{rel}","templated":true}]}}