{"id":74951,"date":"2026-01-27T11:40:17","date_gmt":"2026-01-27T14:40:17","guid":{"rendered":"https:\/\/maxradio923.com.ar\/index.php\/2026\/01\/27\/por-que-es-historico-el-pacto-ue-india-y-que-cambia-tras-18-anos-de-bloqueo\/"},"modified":"2026-01-27T11:40:17","modified_gmt":"2026-01-27T14:40:17","slug":"por-que-es-historico-el-pacto-ue-india-y-que-cambia-tras-18-anos-de-bloqueo","status":"publish","type":"post","link":"https:\/\/maxradio923.com.ar\/index.php\/2026\/01\/27\/por-que-es-historico-el-pacto-ue-india-y-que-cambia-tras-18-anos-de-bloqueo\/","title":{"rendered":"Por qu\u00e9 es hist\u00f3rico el pacto UE-India y qu\u00e9 cambia tras 18 a\u00f1os de bloqueo"},"content":{"rendered":"<p><\/p>\n<div xmlns:default=\"http:\/\/www.w3.org\/2000\/svg\">\n<div class=\"visual__image image-initial-width\"><picture><source srcset=\"https:\/\/www.infobae.com\/resizer\/v2\/PGVIE442RVFJJA5FFFQX76ZFKI.JPG?auth=913344ee8c0d70e39e3289bde5f86fef7a2a1ca6719e7e68422dd07e699c507c&amp;smart=true&amp;width=992&amp;height=661&amp;quality=85\" media=\"(min-width: 1000px)\"\/><source srcset=\"https:\/\/www.infobae.com\/resizer\/v2\/PGVIE442RVFJJA5FFFQX76ZFKI.JPG?auth=913344ee8c0d70e39e3289bde5f86fef7a2a1ca6719e7e68422dd07e699c507c&amp;smart=true&amp;width=768&amp;height=512&amp;quality=85\" media=\"(min-width: 768px)\"\/><source srcset=\"https:\/\/www.infobae.com\/resizer\/v2\/PGVIE442RVFJJA5FFFQX76ZFKI.JPG?auth=913344ee8c0d70e39e3289bde5f86fef7a2a1ca6719e7e68422dd07e699c507c&amp;smart=true&amp;width=577&amp;height=385&amp;quality=85\" media=\"(min-width: 580px)\"\/><source srcset=\"https:\/\/www.infobae.com\/resizer\/v2\/PGVIE442RVFJJA5FFFQX76ZFKI.JPG?auth=913344ee8c0d70e39e3289bde5f86fef7a2a1ca6719e7e68422dd07e699c507c&amp;smart=true&amp;width=420&amp;height=280&amp;quality=85\" media=\"(min-width: 350px)\"\/><source srcset=\"https:\/\/www.infobae.com\/resizer\/v2\/PGVIE442RVFJJA5FFFQX76ZFKI.JPG?auth=913344ee8c0d70e39e3289bde5f86fef7a2a1ca6719e7e68422dd07e699c507c&amp;smart=true&amp;width=350&amp;height=233&amp;quality=85\" media=\"(min-width: 80px)\"\/><img alt=\"El presidente del Consejo Europeo,\" class=\"global-image\" decoding=\"async\" fetchpriority=\"high\" height=\"3333\" loading=\"eager\" src=\"https:\/\/www.infobae.com\/resizer\/v2\/PGVIE442RVFJJA5FFFQX76ZFKI.JPG?auth=913344ee8c0d70e39e3289bde5f86fef7a2a1ca6719e7e68422dd07e699c507c&amp;smart=true&amp;width=350&amp;height=233&amp;quality=85\" width=\"5000\"\/><\/picture><figcaption class=\"article-figcaption-img\">El presidente del Consejo Europeo, Antonio Costa, el primer ministro indio, Narendra Modi, y la presidenta de la Comisi\u00f3n Europea, Ursula von der Leyen, posan durante una sesi\u00f3n fotogr\u00e1fica antes de su reuni\u00f3n en Hyderabad House en Nueva Delhi, India, el 27 de enero de 2026. REUTERS\/Altaf Hussain<\/figcaption><\/div>\n<p class=\"paragraph\">Tras 18 a\u00f1os de intentos fallidos, Bruselas y Nueva Delhi anunciaron este martes el cierre de un acuerdo que<b> derribar\u00e1 aranceles hist\u00f3ricos<\/b>, abre las puertas a la tecnolog\u00eda militar europea y crea la mayor zona de libre comercio del mundo, sumando m\u00e1s de 2.000 millones de consumidores.<\/p>\n<p class=\"paragraph\"><b>\u201cLa madre de todos los acuerdos\u201d<\/b>, como lo ha definido la presidenta de la Comisi\u00f3n Europea, Ursula von der Leyen, es un pacto que redibuja el mapa comercial global.<\/p>\n<p class=\"paragraph\">Pero, \u00bfen qu\u00e9 consiste esta alianza, qui\u00e9n gana y cu\u00e1les son sus puntos cr\u00edticos?<\/p>\n<p class=\"paragraph\"><b>1. \u00bfEs ya una realidad legal? <\/b><\/p>\n<p class=\"paragraph\">No todav\u00eda. Lo que se ha celebrado es la \u201cconclusi\u00f3n pol\u00edtica\u201d de las negociaciones, eso significa que el texto legal est\u00e1 cerrado, pero ahora comienza un proceso de revisi\u00f3n jur\u00eddica y traducci\u00f3n a todas las lenguas oficiales de la UE.<\/p>\n<div class=\"visual__image\"><picture><source srcset=\"https:\/\/www.infobae.com\/resizer\/v2\/VLUF2QH5WFD67PGVOJD4A65VIY.JPG?auth=d0ccf75b2fb6dc8f8009391488c5976ff7110a03262f3ada5b9b17622be9b40d&amp;smart=true&amp;width=992&amp;height=671&amp;quality=85\" media=\"(min-width: 1000px)\"\/><source srcset=\"https:\/\/www.infobae.com\/resizer\/v2\/VLUF2QH5WFD67PGVOJD4A65VIY.JPG?auth=d0ccf75b2fb6dc8f8009391488c5976ff7110a03262f3ada5b9b17622be9b40d&amp;smart=true&amp;width=768&amp;height=520&amp;quality=85\" media=\"(min-width: 768px)\"\/><source srcset=\"https:\/\/www.infobae.com\/resizer\/v2\/VLUF2QH5WFD67PGVOJD4A65VIY.JPG?auth=d0ccf75b2fb6dc8f8009391488c5976ff7110a03262f3ada5b9b17622be9b40d&amp;smart=true&amp;width=577&amp;height=391&amp;quality=85\" media=\"(min-width: 580px)\"\/><source srcset=\"https:\/\/www.infobae.com\/resizer\/v2\/VLUF2QH5WFD67PGVOJD4A65VIY.JPG?auth=d0ccf75b2fb6dc8f8009391488c5976ff7110a03262f3ada5b9b17622be9b40d&amp;smart=true&amp;width=420&amp;height=284&amp;quality=85\" media=\"(min-width: 350px)\"\/><source srcset=\"https:\/\/www.infobae.com\/resizer\/v2\/VLUF2QH5WFD67PGVOJD4A65VIY.JPG?auth=d0ccf75b2fb6dc8f8009391488c5976ff7110a03262f3ada5b9b17622be9b40d&amp;smart=true&amp;width=350&amp;height=237&amp;quality=85\" media=\"(min-width: 80px)\"\/><img alt=\"La presidenta de la Comisi\u00f3n\" class=\"global-image\" decoding=\"async\" fetchpriority=\"low\" height=\"2945\" loading=\"lazy\" src=\"https:\/\/www.infobae.com\/resizer\/v2\/VLUF2QH5WFD67PGVOJD4A65VIY.JPG?auth=d0ccf75b2fb6dc8f8009391488c5976ff7110a03262f3ada5b9b17622be9b40d&amp;smart=true&amp;width=350&amp;height=237&amp;quality=85\" width=\"4351\"\/><\/picture><figcaption class=\"article-figcaption-img\">La presidenta de la Comisi\u00f3n Europea, Ursula von der Leyen, habla durante una declaraci\u00f3n de prensa conjunta con el primer ministro indio, Narendra Modi, y el presidente del Consejo Europeo, Antonio Costa, en Hyderabad House, Nueva Delhi, India, el 27 de enero de 2026. REUTERS\/Altaf Hussain<\/figcaption><\/div>\n<p class=\"paragraph\">Lo que ocurri\u00f3 hoy sella el acuerdo pol\u00edtico, evitando que posibles cambios de gobierno descarrilen el proceso, como ya ocurri\u00f3 en 2013.<\/p>\n<p class=\"paragraph\">Fuentes europeas dijeron que desde un punto de vista pol\u00edtico,<b> la UE quiere empezar a aplicar el acuerdo \u201clo antes posible\u201d, pero reconocieron que la tramitaci\u00f3n y el proceso de revisi\u00f3n jur\u00eddica en Bruselas puede tardar un a\u00f1o.<\/b><\/p>\n<p class=\"paragraph\"><b>2. \u00bfQu\u00e9 pasa con los coches y el vino? <\/b><\/p>\n<p class=\"paragraph\">Es el fin del proteccionismo hist\u00f3rico indio, porque el acuerdo derriba el muro arancelario y liberaliza el 96,6% de las exportaciones europeas. La UE y la India han pactado cuotas para la exportaci\u00f3n de veh\u00edculos, en concreto de 160.000 unidades para los coches de combusti\u00f3n y de 90.000 para los el\u00e9ctricos, que los exportadores europeos podr\u00e1n vender con un arancel que se ir\u00e1 reduciendo progresivamente hasta el 10%.<\/p>\n<p class=\"paragraph\">Tambi\u00e9n los impuestos a los coches de lujo, hoy del 110%, bajar\u00e1n dr\u00e1sticamente al 40% inicialmente y luego al 10 %, y los del vino, el whisky y la maquinaria industrial se reducir\u00e1n de forma gradual. A cambio, la industria textil india gana acceso preferente al mercado europeo.<\/p>\n<div class=\"visual__image\"><picture><source srcset=\"https:\/\/www.infobae.com\/resizer\/v2\/567OHHACGNH5PI6QZZE2JTDOOQ.JPG?auth=8adfa2163e89cb3541441d8ea2f27e03b9ac6a5313f6227c7362c52270dc65c5&amp;smart=true&amp;width=992&amp;height=662&amp;quality=85\" media=\"(min-width: 1000px)\"\/><source srcset=\"https:\/\/www.infobae.com\/resizer\/v2\/567OHHACGNH5PI6QZZE2JTDOOQ.JPG?auth=8adfa2163e89cb3541441d8ea2f27e03b9ac6a5313f6227c7362c52270dc65c5&amp;smart=true&amp;width=768&amp;height=512&amp;quality=85\" media=\"(min-width: 768px)\"\/><source srcset=\"https:\/\/www.infobae.com\/resizer\/v2\/567OHHACGNH5PI6QZZE2JTDOOQ.JPG?auth=8adfa2163e89cb3541441d8ea2f27e03b9ac6a5313f6227c7362c52270dc65c5&amp;smart=true&amp;width=577&amp;height=385&amp;quality=85\" media=\"(min-width: 580px)\"\/><source srcset=\"https:\/\/www.infobae.com\/resizer\/v2\/567OHHACGNH5PI6QZZE2JTDOOQ.JPG?auth=8adfa2163e89cb3541441d8ea2f27e03b9ac6a5313f6227c7362c52270dc65c5&amp;smart=true&amp;width=420&amp;height=280&amp;quality=85\" media=\"(min-width: 350px)\"\/><source srcset=\"https:\/\/www.infobae.com\/resizer\/v2\/567OHHACGNH5PI6QZZE2JTDOOQ.JPG?auth=8adfa2163e89cb3541441d8ea2f27e03b9ac6a5313f6227c7362c52270dc65c5&amp;smart=true&amp;width=350&amp;height=234&amp;quality=85\" media=\"(min-width: 80px)\"\/><img alt=\"El primer ministro indio, Narendra\" class=\"global-image\" decoding=\"async\" fetchpriority=\"low\" height=\"836\" loading=\"lazy\" src=\"https:\/\/www.infobae.com\/resizer\/v2\/567OHHACGNH5PI6QZZE2JTDOOQ.JPG?auth=8adfa2163e89cb3541441d8ea2f27e03b9ac6a5313f6227c7362c52270dc65c5&amp;smart=true&amp;width=350&amp;height=234&amp;quality=85\" width=\"1253\"\/><\/picture><figcaption class=\"article-figcaption-img\">El primer ministro indio, Narendra Modi, y el presidente del Consejo Europeo, Antonio Costa, hablan durante una conferencia de prensa conjunta en Hyderabad House, Nueva Delhi, India, el 27 de enero de 2026. REUTERS\/Altaf Hussain<\/figcaption><\/div>\n<p class=\"paragraph\"><b>3. \u00bfHay perdedores o sectores excluidos? <\/b><\/p>\n<p class=\"paragraph\">S\u00ed. Ambas partes tuvieron que trazar l\u00edneas rojas, por ejemplo sobre la agricultura de subsistencia india (arroz, trigo, l\u00e1cteos) y los sectores sensibles europeos (vacuno, az\u00facar), que han quedado excluidos de la liberalizaci\u00f3n.<\/p>\n<p class=\"paragraph\">El acuerdo se centra en productos industriales y procesados de alto valor a\u00f1adido, protegiendo as\u00ed a los peque\u00f1os granjeros de ambos bloques.<\/p>\n<p class=\"paragraph\"><b>4. \u00bfHabr\u00e1 m\u00e1s visados para ciudadanos indios?<\/b><\/p>\n<p class=\"paragraph\">S\u00ed. La India logr\u00f3 su demanda hist\u00f3rica sobre la movilidad al conseguir un sistema de \u201cv\u00edas r\u00e1pidas\u201d para talento tecnol\u00f3gico y cient\u00edfico. El objetivo es cubrir el d\u00e9ficit de ingenieros en Europa y facilitar que los investigadores indios participen en programas como Horizonte Europa.<\/p>\n<p class=\"paragraph\"><b>5. \u00bfC\u00f3mo se resolvi\u00f3 el escollo del clima? <\/b><\/p>\n<p class=\"paragraph\">El mecanismo de ajuste de carbono en frontera (CBAM) de la UE, que penaliza las importaciones sucias, amenazaba con tumbar la negociaci\u00f3n por su impacto en el acero indio. La soluci\u00f3n ha sido una \u201cpasarela verde\u201d, con la que la UE transferir\u00e1 tecnolog\u00eda de hidr\u00f3geno y reconocer\u00e1 los cr\u00e9ditos de carbono locales, evitando que las empresas indias paguen dos veces si demuestran esfuerzos de descarbonizaci\u00f3n.<\/p>\n<div class=\"visual__image\"><picture><source srcset=\"https:\/\/www.infobae.com\/resizer\/v2\/UULYZKNLQ5D4XH64L3II7BE65A.JPG?auth=195c3fdf735dfd395ac24cb210fc05a5ac7a1341a71019b9480047c0036c786f&amp;smart=true&amp;width=992&amp;height=659&amp;quality=85\" media=\"(min-width: 1000px)\"\/><source srcset=\"https:\/\/www.infobae.com\/resizer\/v2\/UULYZKNLQ5D4XH64L3II7BE65A.JPG?auth=195c3fdf735dfd395ac24cb210fc05a5ac7a1341a71019b9480047c0036c786f&amp;smart=true&amp;width=768&amp;height=510&amp;quality=85\" media=\"(min-width: 768px)\"\/><source srcset=\"https:\/\/www.infobae.com\/resizer\/v2\/UULYZKNLQ5D4XH64L3II7BE65A.JPG?auth=195c3fdf735dfd395ac24cb210fc05a5ac7a1341a71019b9480047c0036c786f&amp;smart=true&amp;width=577&amp;height=383&amp;quality=85\" media=\"(min-width: 580px)\"\/><source srcset=\"https:\/\/www.infobae.com\/resizer\/v2\/UULYZKNLQ5D4XH64L3II7BE65A.JPG?auth=195c3fdf735dfd395ac24cb210fc05a5ac7a1341a71019b9480047c0036c786f&amp;smart=true&amp;width=420&amp;height=279&amp;quality=85\" media=\"(min-width: 350px)\"\/><source srcset=\"https:\/\/www.infobae.com\/resizer\/v2\/UULYZKNLQ5D4XH64L3II7BE65A.JPG?auth=195c3fdf735dfd395ac24cb210fc05a5ac7a1341a71019b9480047c0036c786f&amp;smart=true&amp;width=350&amp;height=233&amp;quality=85\" media=\"(min-width: 80px)\"\/><img alt=\"El comisario europeo de Comercio,\" class=\"global-image\" decoding=\"async\" fetchpriority=\"low\" height=\"2694\" loading=\"lazy\" src=\"https:\/\/www.infobae.com\/resizer\/v2\/UULYZKNLQ5D4XH64L3II7BE65A.JPG?auth=195c3fdf735dfd395ac24cb210fc05a5ac7a1341a71019b9480047c0036c786f&amp;smart=true&amp;width=350&amp;height=233&amp;quality=85\" width=\"4054\"\/><\/picture><figcaption class=\"article-figcaption-img\">El comisario europeo de Comercio, Maros Sefcovic, y el ministro de Comercio de la India, Piyush Goyal, posan tras firmar un acuerdo, mientras la presidenta de la Comisi\u00f3n Europea, Ursula von der Leyen, el primer ministro indio, Narendra Modi, y el presidente del Consejo Europeo, Antonio Costa, est\u00e1n detr\u00e1s de ellos, en Hyderabad House en Nueva Delhi, India, el 27 de enero de 2026. REUTERS\/Altaf Hussain<\/figcaption><\/div>\n<p class=\"paragraph\"><b>6. \u00bfQu\u00e9 garant\u00edas tienen las inversiones y el \u2018Champagne\u2019?<\/b> <\/p>\n<p class=\"paragraph\">El pacto posee dos tratados independientes vitales, primero, un Acuerdo de Protecci\u00f3n de Inversiones que crea un tribunal independiente para dar seguridad jur\u00eddica a las compa\u00f1\u00edas europeas frente a expropiaciones o cambios arbitrarios de ley en la India.<\/p>\n<p class=\"paragraph\">Y segundo, un acuerdo sobre Indicaciones Geogr\u00e1ficas, que podr\u00eda blindar nombres como \u2018Champagne\u2019 en India o el \u2018T\u00e9 Darjeeling\u2019 en Europa.<\/p>\n<p class=\"paragraph\"><b>7. \u00bfQu\u00e9 riesgos quedan por delante? <\/b><\/p>\n<p class=\"paragraph\">Una vez firmado el papel, el acuerdo debe ser aprobado por los 27 Estados miembros y el Parlamento Europeo. La sombra del acuerdo con Mercosur, que fue cerrado pol\u00edticamente en 2019 pero congelado legalmente por la oposici\u00f3n interna en Europa, hace que cierta incertidumbre planee sobre este pacto. <\/p>\n<p class=\"paragraph\"><i>(con informaci\u00f3n de EFE)<\/i><\/p>\n<\/div>\n<p><script defer=\"\">try{!function(f,b,e,v,n,t,s) {if(f.fbq)return;n=f.fbq=function(){n.callMethod? n.callMethod.apply(n,arguments):n.queue.push(arguments)}; if(!f._fbq)f._fbq=n;n.push=n;n.loaded=!0;n.version='2.0'; n.queue=[];t=b.createElement(e);t.async=!0; t.src=v;s=b.getElementsByTagName(e)[0]; s.parentNode.insertBefore(t,s)}(window, document,'script', ' fbq('init', '336383993555320'); fbq('track', 'PageView'); fbq('track', 'ViewContent');}catch(error){console.log(\"Error al inicializar facebookPixelRawCodeScript:\",error);}<\/script><\/p>\n","protected":false},"excerpt":{"rendered":"<p>El presidente del Consejo Europeo, Antonio Costa, el primer ministro indio, Narendra Modi, y la presidenta de la Comisi\u00f3n Europea, Ursula von der Leyen, posan durante una sesi\u00f3n fotogr\u00e1fica antes de su reuni\u00f3n en Hyderabad House en Nueva Delhi, India, el 27 de enero de 2026. REUTERS\/Altaf Hussain Tras 18 a\u00f1os de intentos fallidos, Bruselas [&hellip;]<\/p>\n","protected":false},"author":2,"featured_media":74952,"comment_status":"","ping_status":"","sticky":false,"template":"","format":"standard","meta":{"footnotes":""},"categories":[3],"tags":[],"_links":{"self":[{"href":"https:\/\/maxradio923.com.ar\/index.php\/wp-json\/wp\/v2\/posts\/74951"}],"collection":[{"href":"https:\/\/maxradio923.com.ar\/index.php\/wp-json\/wp\/v2\/posts"}],"about":[{"href":"https:\/\/maxradio923.com.ar\/index.php\/wp-json\/wp\/v2\/types\/post"}],"author":[{"embeddable":true,"href":"https:\/\/maxradio923.com.ar\/index.php\/wp-json\/wp\/v2\/users\/2"}],"replies":[{"embeddable":true,"href":"https:\/\/maxradio923.com.ar\/index.php\/wp-json\/wp\/v2\/comments?post=74951"}],"version-history":[{"count":0,"href":"https:\/\/maxradio923.com.ar\/index.php\/wp-json\/wp\/v2\/posts\/74951\/revisions"}],"wp:featuredmedia":[{"embeddable":true,"href":"https:\/\/maxradio923.com.ar\/index.php\/wp-json\/wp\/v2\/media\/74952"}],"wp:attachment":[{"href":"https:\/\/maxradio923.com.ar\/index.php\/wp-json\/wp\/v2\/media?parent=74951"}],"wp:term":[{"taxonomy":"category","embeddable":true,"href":"https:\/\/maxradio923.com.ar\/index.php\/wp-json\/wp\/v2\/categories?post=74951"},{"taxonomy":"post_tag","embeddable":true,"href":"https:\/\/maxradio923.com.ar\/index.php\/wp-json\/wp\/v2\/tags?post=74951"}],"curies":[{"name":"wp","href":"https:\/\/api.w.org\/{rel}","templated":true}]}}