{"id":74947,"date":"2026-01-27T11:24:02","date_gmt":"2026-01-27T14:24:02","guid":{"rendered":"https:\/\/maxradio923.com.ar\/index.php\/2026\/01\/27\/newells-e-independiente-se-mediran-en-rosario-en-busca-de-su-primera-victoria-en-el-campeonato\/"},"modified":"2026-01-27T11:24:02","modified_gmt":"2026-01-27T14:24:02","slug":"newells-e-independiente-se-mediran-en-rosario-en-busca-de-su-primera-victoria-en-el-campeonato","status":"publish","type":"post","link":"https:\/\/maxradio923.com.ar\/index.php\/2026\/01\/27\/newells-e-independiente-se-mediran-en-rosario-en-busca-de-su-primera-victoria-en-el-campeonato\/","title":{"rendered":"Newell\u2019s e Independiente se medir\u00e1n en Rosario en busca de su primera victoria en el campeonato"},"content":{"rendered":"<p><\/p>\n<div xmlns:default=\"http:\/\/www.w3.org\/2000\/svg\">\n<div class=\"visual__image image-initial-width\"><picture><source srcset=\"https:\/\/www.infobae.com\/resizer\/v2\/4VF5W6DWWJGJFGEZPPPXIOO7EM.jpg?auth=3fa42d01f0fd56c55b9fa752a5eada2aa4cee4130a713c3a233540fe657a2b87&amp;smart=true&amp;width=992&amp;height=558&amp;quality=85\" media=\"(min-width: 1000px)\"\/><source srcset=\"https:\/\/www.infobae.com\/resizer\/v2\/4VF5W6DWWJGJFGEZPPPXIOO7EM.jpg?auth=3fa42d01f0fd56c55b9fa752a5eada2aa4cee4130a713c3a233540fe657a2b87&amp;smart=true&amp;width=768&amp;height=432&amp;quality=85\" media=\"(min-width: 768px)\"\/><source srcset=\"https:\/\/www.infobae.com\/resizer\/v2\/4VF5W6DWWJGJFGEZPPPXIOO7EM.jpg?auth=3fa42d01f0fd56c55b9fa752a5eada2aa4cee4130a713c3a233540fe657a2b87&amp;smart=true&amp;width=577&amp;height=325&amp;quality=85\" media=\"(min-width: 580px)\"\/><source srcset=\"https:\/\/www.infobae.com\/resizer\/v2\/4VF5W6DWWJGJFGEZPPPXIOO7EM.jpg?auth=3fa42d01f0fd56c55b9fa752a5eada2aa4cee4130a713c3a233540fe657a2b87&amp;smart=true&amp;width=420&amp;height=236&amp;quality=85\" media=\"(min-width: 350px)\"\/><source srcset=\"https:\/\/www.infobae.com\/resizer\/v2\/4VF5W6DWWJGJFGEZPPPXIOO7EM.jpg?auth=3fa42d01f0fd56c55b9fa752a5eada2aa4cee4130a713c3a233540fe657a2b87&amp;smart=true&amp;width=350&amp;height=197&amp;quality=85\" media=\"(min-width: 80px)\"\/><img alt=\"\" class=\"global-image\" decoding=\"async\" fetchpriority=\"high\" height=\"1080\" loading=\"eager\" src=\"https:\/\/www.infobae.com\/resizer\/v2\/4VF5W6DWWJGJFGEZPPPXIOO7EM.jpg?auth=3fa42d01f0fd56c55b9fa752a5eada2aa4cee4130a713c3a233540fe657a2b87&amp;smart=true&amp;width=350&amp;height=197&amp;quality=85\" width=\"1920\"\/><\/picture><\/div>\n<p class=\"paragraph\"><b>Newell\u2019s e Independiente<\/b> se cruzar\u00e1n en el estadio Coloso Marcelo Bielsa esta noche, a partir de las 22:15, por la segunda fecha de la Zona A del Torneo Apertura 2026. Arbitrar\u00e1 Daniel Zamora y televisar\u00e1 TNT Sports.<\/p>\n<p class=\"paragraph\">Ni la <i>Lepra <\/i>ni el <i>Rojo <\/i>pudieron ganar en su debut oficial este a\u00f1o. Los rosarinos cayeron ante Talleres en C\u00f3rdoba y los de Avellaneda no pasaron del empate como locales de Estudiantes de La Plata. Por eso, el objetivo es compartido: sumar de a tres por primera vez para empezar a acomodarse en las primeras posiciones de la tabla.<\/p>\n<p class=\"paragraph\">La dupla G\u00f3mez-Orsi arm\u00f3 pr\u00e1cticamente un equipo y plantel nuevo tras la salida de Lucas Bernardi y Cristian Fabbiani el a\u00f1o pasado. M\u00e1s de diez jugadores se marcharon de Newell\u2019s y lleg\u00f3 una decena de caras nuevas entre las que se destacan las del ex arquero de Racing <b>Gabriel Arias<\/b> y el ex delantero de Hurac\u00e1n <b>Mat\u00edas C\u00f3ccaro<\/b>. Casi todos tuvieron su estreno ante la T el viernes pasado, con la excepci\u00f3n de los defensores Nicol\u00e1s Goitea y Gabriel Risso Patr\u00f3n (hoy concentrados) m\u00e1s el delantero Juan Ignacio Ram\u00edrez, quien retorn\u00f3 de Sport Recife y todav\u00eda no est\u00e1 habilitado.<\/p>\n<p class=\"paragraph\"><b>Gustavo Quinteros<\/b> mantuvo la base de un elenco que planea pelear entre los primeros puestos y consigui\u00f3 sacar ventaja ante el <i>Pincha <\/i>en la primera jornada, aunque no pudo sostenerla y hasta casi se complica por la expulsi\u00f3n de un <b>Santiago Montiel<\/b> que hoy estar\u00e1 excluido por su sanci\u00f3n. Las opciones para sustituirlo son Walter Mazzantti o Ignacio Malcorra, con pasado en Rosario Central.<\/p>\n<p class=\"paragraph\">Una particularidad: en la tribuna donde habitualmente se ubica la barra de Newell\u2019s no habr\u00e1 presencia de bombos ni banderas debido a una sanci\u00f3n impuesta por el Ministerio de Seguridad de Santa Fe debido a la utilizaci\u00f3n de pirotecnia en el \u00faltimo encuentro de 2025 ante Racing.<\/p>\n<p><soccer-worldcup2026-cta-predict\/><link rel=\"stylesheet\" crossorigin=\"true\" href=\"https:\/\/storage.googleapis.com\/arc-buckets\/web-components\/soccer\/ctas\/predict.css\"\/>\n<p class=\"paragraph\">La \u00faltima vez que se vieron las caras fue en noviembre de 2024, cuando el <i>Rojinegro <\/i>se impuso 2-1 ante el Rojo con goles de \u00c9ver Banega y Juanch\u00f3n Garc\u00eda (descont\u00f3 Alexis Canelo para la visita). La \u00faltima alegr\u00eda de Independiente en el Coloso fue en marzo de 2021, cuando se impuso 2-1 con tantos de Sebasti\u00e1n Palacios y Fabricio Bustos (descont\u00f3 Maxi Rodr\u00edguez). De los \u00faltimos 12 encuentros entre ambos conjuntos, solamente se registr\u00f3 un empate.<\/p>\n<p class=\"paragraph\"><b>Probables formaciones:<\/b><\/p>\n<p class=\"paragraph\"><b>Newell\u2019s: <\/b>Gabriel Arias; Armando M\u00e9ndez, Sa\u00fal Salcedo, Oscar Salom\u00f3n, Mart\u00edn Luciano; Facundo Guch, Rodrigo Herrera, Valentino Acu\u00f1a, Luciano Herrera; Michael Hoyos y Mat\u00edas C\u00f3ccaro. <b>DT: <\/b>Sergio G\u00f3mez-Favio Orsi<\/p>\n<p class=\"paragraph\"><b>Independiente: <\/b>Rodrigo Rey; Leonardo Godoy, Kevin Lom\u00f3naco, Sebasti\u00e1n Valdez, Facundo Zabala; Mateo P\u00e9rez, Rodrigo Fern\u00e1ndez Cedr\u00e9s; Walter Mazzantti, Luciano Cabral, Mat\u00edas Alabado; y Gabriel \u00c1valos.<b> DT: <\/b>Gustavo Quinteros <\/p>\n<p class=\"paragraph\"><b>Estadio: <\/b>Coloso Marcelo Bielsa<\/p>\n<p class=\"paragraph\"><b>Hora:<\/b> 22:15<\/p>\n<p class=\"paragraph\"><b>\u00c1rbitro:<\/b> Daniel Zamora<\/p>\n<p class=\"paragraph\"><b>Televisar\u00e1: <\/b>TNT Sports<\/p>\n<\/div>\n<p><script defer=\"\">try{!function(f,b,e,v,n,t,s) {if(f.fbq)return;n=f.fbq=function(){n.callMethod? n.callMethod.apply(n,arguments):n.queue.push(arguments)}; if(!f._fbq)f._fbq=n;n.push=n;n.loaded=!0;n.version='2.0'; n.queue=[];t=b.createElement(e);t.async=!0; t.src=v;s=b.getElementsByTagName(e)[0]; s.parentNode.insertBefore(t,s)}(window, document,'script', ' fbq('init', '336383993555320'); fbq('track', 'PageView'); fbq('track', 'ViewContent');}catch(error){console.log(\"Error al inicializar facebookPixelRawCodeScript:\",error);}<\/script><\/p>\n","protected":false},"excerpt":{"rendered":"<p>Newell\u2019s e Independiente se cruzar\u00e1n en el estadio Coloso Marcelo Bielsa esta noche, a partir de las 22:15, por la segunda fecha de la Zona A del Torneo Apertura 2026. Arbitrar\u00e1 Daniel Zamora y televisar\u00e1 TNT Sports. Ni la Lepra ni el Rojo pudieron ganar en su debut oficial este a\u00f1o. Los rosarinos cayeron ante [&hellip;]<\/p>\n","protected":false},"author":2,"featured_media":74948,"comment_status":"","ping_status":"","sticky":false,"template":"","format":"standard","meta":{"footnotes":""},"categories":[2],"tags":[],"_links":{"self":[{"href":"https:\/\/maxradio923.com.ar\/index.php\/wp-json\/wp\/v2\/posts\/74947"}],"collection":[{"href":"https:\/\/maxradio923.com.ar\/index.php\/wp-json\/wp\/v2\/posts"}],"about":[{"href":"https:\/\/maxradio923.com.ar\/index.php\/wp-json\/wp\/v2\/types\/post"}],"author":[{"embeddable":true,"href":"https:\/\/maxradio923.com.ar\/index.php\/wp-json\/wp\/v2\/users\/2"}],"replies":[{"embeddable":true,"href":"https:\/\/maxradio923.com.ar\/index.php\/wp-json\/wp\/v2\/comments?post=74947"}],"version-history":[{"count":0,"href":"https:\/\/maxradio923.com.ar\/index.php\/wp-json\/wp\/v2\/posts\/74947\/revisions"}],"wp:featuredmedia":[{"embeddable":true,"href":"https:\/\/maxradio923.com.ar\/index.php\/wp-json\/wp\/v2\/media\/74948"}],"wp:attachment":[{"href":"https:\/\/maxradio923.com.ar\/index.php\/wp-json\/wp\/v2\/media?parent=74947"}],"wp:term":[{"taxonomy":"category","embeddable":true,"href":"https:\/\/maxradio923.com.ar\/index.php\/wp-json\/wp\/v2\/categories?post=74947"},{"taxonomy":"post_tag","embeddable":true,"href":"https:\/\/maxradio923.com.ar\/index.php\/wp-json\/wp\/v2\/tags?post=74947"}],"curies":[{"name":"wp","href":"https:\/\/api.w.org\/{rel}","templated":true}]}}