{"id":74945,"date":"2026-01-27T11:22:04","date_gmt":"2026-01-27T14:22:04","guid":{"rendered":"https:\/\/maxradio923.com.ar\/index.php\/2026\/01\/27\/cande-tinelli-adelanto-imagenes-de-la-segunda-temporada-del-reality-familiar-vamos-por-mas\/"},"modified":"2026-01-27T11:22:04","modified_gmt":"2026-01-27T14:22:04","slug":"cande-tinelli-adelanto-imagenes-de-la-segunda-temporada-del-reality-familiar-vamos-por-mas","status":"publish","type":"post","link":"https:\/\/maxradio923.com.ar\/index.php\/2026\/01\/27\/cande-tinelli-adelanto-imagenes-de-la-segunda-temporada-del-reality-familiar-vamos-por-mas\/","title":{"rendered":"Cande Tinelli adelant\u00f3 im\u00e1genes de la segunda temporada del reality familiar: \u201cVamos por m\u00e1s\u201d"},"content":{"rendered":"<p><\/p>\n<h2 class=\"article-subheadline text_align_left\">Con fotos in\u00e9ditas y mensajes en redes, la influencer comparti\u00f3 algunas escenas del proyecto que retrata la vida privada del clan<\/h2>\n<p><\/p>\n<p class=\"paragraph\">Desde su estreno en enero de 2025, el reality de<i><b> Los Tinelli<\/b><\/i> caus\u00f3 furor entre los fans de la familia del reconocido conductor y creador de <i>ShowMatch<\/i>. Durante el \u00faltimo a\u00f1o, marcado por grabaciones, viajes a Per\u00fa y rumores sobre el futuro, el proyecto capitaneado por <b>Marcelo Tinelli <\/b>avanz\u00f3 de manera constante y se consolid\u00f3 como uno de los contenidos m\u00e1s seguidos de la plataforma. Ahora, ante el inminente estreno de la nueva entrega, <b>Cande Tinelli <\/b><b>fue quien se encarg\u00f3 de adelantar las primeras im\u00e1genes<\/b>.<\/p>\n<p><\/p>\n<p class=\"paragraph\"><b>Tambi\u00e9n los seguidores pudieron ver a <\/b><b>Mica Tinelli <\/b><b>en plena grabaci\u00f3n, capturada a trav\u00e9s de la pantalla de un monitor profesional<\/b>. Mica luc\u00eda una blusa celeste y un kimono amarillo con estampado, mientras sosten\u00eda un abanico blanco. El fondo revelaba un ambiente moderno, con detalles en madera y una escalera, donde la luz natural realzaba la calidez de la escena. El encuadre y la composici\u00f3n reforzaban la est\u00e9tica cuidada de la producci\u00f3n y anticipaban la presencia protag\u00f3nica de Mica en esta temporada.<\/p>\n<p><\/p>\n<p class=\"paragraph\">En otra de las tomas <b>se puso el foco en la propia Cande, quien apareci\u00f3 sentada y mirando hacia c\u00e1mara, capturada a trav\u00e9s de un monitor de filmaci\u00f3n<\/b>. La joven llevaba el cabello suelto y una prenda de punto color naranja con detalles en relieve, adem\u00e1s de un collar multicolor. El fondo, desenfocado, dejaba ver vegetaci\u00f3n y parte de una estructura moderna, todo bajo una luz suave y difusa que aportaba un clima distendido y elegante a la toma que formar\u00e1 parte de la pr\u00f3xima entrega.<\/p>\n<p><\/p>\n<p class=\"paragraph\">Otra imagen mostr\u00f3 un momento clave de las grabaciones: una escena al aire libre junto a un lago, registrada desde el monitor de una c\u00e1mara profesional. En esa postal, <b>Marcelo y El Tirri aparec\u00edan de pie, acerc\u00e1ndose a donde estaban sentadas Mica y Cande, una de ellas con el cabello largo y suelto<\/b>. El entorno permit\u00eda ver edificios de departamentos modernos y abundante vegetaci\u00f3n, mientras parte del equipo t\u00e9cnico y de producci\u00f3n se mov\u00eda detr\u00e1s de una ventana de grandes dimensiones. Esta postal evidenciaba el despliegue t\u00e9cnico y humano involucrado en la realizaci\u00f3n del reality, as\u00ed como la apuesta por escenograf\u00edas naturales y exteriores que aportaron frescura a la narrativa visual.<\/p>\n<p><\/p>\n<p class=\"paragraph\">De esa manera, entre tomas de rodaje, instantes de backstage y registros espont\u00e1neos, <b>la familia se mostr\u00f3 unida y lista para compartir con el p\u00fablico nuevas historias, desaf\u00edos y episodios de la vida cotidiana<\/b>. El adelanto, cuidadosamente seleccionado por Cande, reforz\u00f3 la expectativa en torno al estreno y volvi\u00f3 a poner en primer plano el fen\u00f3meno que la familia logr\u00f3 construir en la pantalla y en las redes. Mientras tanto, <b>la cuenta regresiva para el estreno de la segunda temporada genera emoci\u00f3n entre los seguidores<\/b>, que aguardaron con expectativa las nuevas tramas y momentos del reality. Con la promesa de m\u00e1s viajes, encuentros familiares y escenas in\u00e9ditas, <i>Los Tinelli <\/i>apostaron a redoblar la apuesta y a mantener la atenci\u00f3n de una audiencia fiel que ya convirti\u00f3 al programa en un verdadero suceso.<\/p>\n","protected":false},"excerpt":{"rendered":"<p>Con fotos in\u00e9ditas y mensajes en redes, la influencer comparti\u00f3 algunas escenas del proyecto que retrata la vida privada del clan Desde su estreno en enero de 2025, el reality de Los Tinelli caus\u00f3 furor entre los fans de la familia del reconocido conductor y creador de ShowMatch. Durante el \u00faltimo a\u00f1o, marcado por grabaciones, [&hellip;]<\/p>\n","protected":false},"author":2,"featured_media":74946,"comment_status":"","ping_status":"","sticky":false,"template":"","format":"standard","meta":{"footnotes":""},"categories":[12],"tags":[],"_links":{"self":[{"href":"https:\/\/maxradio923.com.ar\/index.php\/wp-json\/wp\/v2\/posts\/74945"}],"collection":[{"href":"https:\/\/maxradio923.com.ar\/index.php\/wp-json\/wp\/v2\/posts"}],"about":[{"href":"https:\/\/maxradio923.com.ar\/index.php\/wp-json\/wp\/v2\/types\/post"}],"author":[{"embeddable":true,"href":"https:\/\/maxradio923.com.ar\/index.php\/wp-json\/wp\/v2\/users\/2"}],"replies":[{"embeddable":true,"href":"https:\/\/maxradio923.com.ar\/index.php\/wp-json\/wp\/v2\/comments?post=74945"}],"version-history":[{"count":0,"href":"https:\/\/maxradio923.com.ar\/index.php\/wp-json\/wp\/v2\/posts\/74945\/revisions"}],"wp:featuredmedia":[{"embeddable":true,"href":"https:\/\/maxradio923.com.ar\/index.php\/wp-json\/wp\/v2\/media\/74946"}],"wp:attachment":[{"href":"https:\/\/maxradio923.com.ar\/index.php\/wp-json\/wp\/v2\/media?parent=74945"}],"wp:term":[{"taxonomy":"category","embeddable":true,"href":"https:\/\/maxradio923.com.ar\/index.php\/wp-json\/wp\/v2\/categories?post=74945"},{"taxonomy":"post_tag","embeddable":true,"href":"https:\/\/maxradio923.com.ar\/index.php\/wp-json\/wp\/v2\/tags?post=74945"}],"curies":[{"name":"wp","href":"https:\/\/api.w.org\/{rel}","templated":true}]}}