{"id":74941,"date":"2026-01-27T11:08:04","date_gmt":"2026-01-27T14:08:04","guid":{"rendered":"https:\/\/maxradio923.com.ar\/index.php\/2026\/01\/27\/el-homenaje-a-las-victimas-del-holocausto-revelo-historias-ineditas-y-nuevas-advertencias-sobre-el-antisemitismo\/"},"modified":"2026-01-27T11:08:04","modified_gmt":"2026-01-27T14:08:04","slug":"el-homenaje-a-las-victimas-del-holocausto-revelo-historias-ineditas-y-nuevas-advertencias-sobre-el-antisemitismo","status":"publish","type":"post","link":"https:\/\/maxradio923.com.ar\/index.php\/2026\/01\/27\/el-homenaje-a-las-victimas-del-holocausto-revelo-historias-ineditas-y-nuevas-advertencias-sobre-el-antisemitismo\/","title":{"rendered":"El homenaje a las v\u00edctimas del Holocausto revel\u00f3 historias in\u00e9ditas y nuevas advertencias sobre el antisemitismo"},"content":{"rendered":"<p><\/p>\n<div xmlns:default=\"http:\/\/www.w3.org\/2000\/svg\">\n<div class=\"visual__image image-initial-width\"><picture><source srcset=\"https:\/\/www.infobae.com\/resizer\/v2\/2XK5SIHCIJH2BGXFYU7YRC73EA.jpg?auth=b40511443d0df07f0e5897835d2f08dbbbad5a0bed126702a3d4a8232dd68e09&amp;smart=true&amp;width=992&amp;height=661&amp;quality=85\" media=\"(min-width: 1000px)\"\/><source srcset=\"https:\/\/www.infobae.com\/resizer\/v2\/2XK5SIHCIJH2BGXFYU7YRC73EA.jpg?auth=b40511443d0df07f0e5897835d2f08dbbbad5a0bed126702a3d4a8232dd68e09&amp;smart=true&amp;width=768&amp;height=512&amp;quality=85\" media=\"(min-width: 768px)\"\/><source srcset=\"https:\/\/www.infobae.com\/resizer\/v2\/2XK5SIHCIJH2BGXFYU7YRC73EA.jpg?auth=b40511443d0df07f0e5897835d2f08dbbbad5a0bed126702a3d4a8232dd68e09&amp;smart=true&amp;width=577&amp;height=385&amp;quality=85\" media=\"(min-width: 580px)\"\/><source srcset=\"https:\/\/www.infobae.com\/resizer\/v2\/2XK5SIHCIJH2BGXFYU7YRC73EA.jpg?auth=b40511443d0df07f0e5897835d2f08dbbbad5a0bed126702a3d4a8232dd68e09&amp;smart=true&amp;width=420&amp;height=280&amp;quality=85\" media=\"(min-width: 350px)\"\/><source srcset=\"https:\/\/www.infobae.com\/resizer\/v2\/2XK5SIHCIJH2BGXFYU7YRC73EA.jpg?auth=b40511443d0df07f0e5897835d2f08dbbbad5a0bed126702a3d4a8232dd68e09&amp;smart=true&amp;width=350&amp;height=233&amp;quality=85\" media=\"(min-width: 80px)\"\/><img alt=\"El sobreviviente del Holocausto Stanislaw\" class=\"global-image\" decoding=\"async\" fetchpriority=\"high\" height=\"1280\" loading=\"eager\" src=\"https:\/\/www.infobae.com\/resizer\/v2\/2XK5SIHCIJH2BGXFYU7YRC73EA.jpg?auth=b40511443d0df07f0e5897835d2f08dbbbad5a0bed126702a3d4a8232dd68e09&amp;smart=true&amp;width=350&amp;height=233&amp;quality=85\" width=\"1920\"\/><\/picture><figcaption class=\"article-figcaption-img\">El sobreviviente del Holocausto Stanislaw Zalewski camina junto a un muro en el museo del campo de exterminio nazi de Auschwitz durante una ceremonia que conmemora el 81.\u00ba aniversario de la liberaci\u00f3n del campo en Oswiecim, Polonia, el martes 27 de enero de 2026. (Foto AP\/Beata Zawrzel)<\/figcaption><\/div>\n<p class=\"paragraph\">Las velas parpadeaban al amanecer del martes en el enorme<b> monumento al Holocausto en Berl\u00edn<\/b> mientras personas de toda Europa y m\u00e1s all\u00e1 se deten\u00edan para conmemorar el <b>D\u00eda Internacional de Conmemoraci\u00f3n del Holocausto,<\/b> reflexionando sobre el asesinato de millones de personas por parte de la Alemania nazi y su intento de eliminar por completo la vida jud\u00eda en el continente.<\/p>\n<p class=\"paragraph\">El D\u00eda Internacional de Conmemoraci\u00f3n del Holocausto se celebra en todo el mundo el 27 de enero, <b>aniversario de la liberaci\u00f3n de Auschwitz-Birkenau<\/b>, el m\u00e1s infame de los campos de exterminio nazis alemanes, por parte de las fuerzas sovi\u00e9ticas. <b>La Asamblea General de la ONU adopt\u00f3 una resoluci\u00f3n en 2005 que estableci\u00f3 el d\u00eda como conmemoraci\u00f3n anual<\/b>.<\/p>\n<div class=\"visual__image\"><picture><source srcset=\"https:\/\/www.infobae.com\/resizer\/v2\/OPVZSTQTBNA47PNZ57LRKR47LU.jpg?auth=d40516ab0d074cbb7e94b3d331fde9fe64b2640d1d90aee2519b9ae5eed2d9b4&amp;smart=true&amp;width=992&amp;height=661&amp;quality=85\" media=\"(min-width: 1000px)\"\/><source srcset=\"https:\/\/www.infobae.com\/resizer\/v2\/OPVZSTQTBNA47PNZ57LRKR47LU.jpg?auth=d40516ab0d074cbb7e94b3d331fde9fe64b2640d1d90aee2519b9ae5eed2d9b4&amp;smart=true&amp;width=768&amp;height=512&amp;quality=85\" media=\"(min-width: 768px)\"\/><source srcset=\"https:\/\/www.infobae.com\/resizer\/v2\/OPVZSTQTBNA47PNZ57LRKR47LU.jpg?auth=d40516ab0d074cbb7e94b3d331fde9fe64b2640d1d90aee2519b9ae5eed2d9b4&amp;smart=true&amp;width=577&amp;height=385&amp;quality=85\" media=\"(min-width: 580px)\"\/><source srcset=\"https:\/\/www.infobae.com\/resizer\/v2\/OPVZSTQTBNA47PNZ57LRKR47LU.jpg?auth=d40516ab0d074cbb7e94b3d331fde9fe64b2640d1d90aee2519b9ae5eed2d9b4&amp;smart=true&amp;width=420&amp;height=280&amp;quality=85\" media=\"(min-width: 350px)\"\/><source srcset=\"https:\/\/www.infobae.com\/resizer\/v2\/OPVZSTQTBNA47PNZ57LRKR47LU.jpg?auth=d40516ab0d074cbb7e94b3d331fde9fe64b2640d1d90aee2519b9ae5eed2d9b4&amp;smart=true&amp;width=350&amp;height=233&amp;quality=85\" media=\"(min-width: 80px)\"\/><img alt=\"Un hombre camina por el\" class=\"global-image\" decoding=\"async\" fetchpriority=\"low\" height=\"1280\" loading=\"lazy\" src=\"https:\/\/www.infobae.com\/resizer\/v2\/OPVZSTQTBNA47PNZ57LRKR47LU.jpg?auth=d40516ab0d074cbb7e94b3d331fde9fe64b2640d1d90aee2519b9ae5eed2d9b4&amp;smart=true&amp;width=350&amp;height=233&amp;quality=85\" width=\"1920\"\/><\/picture><figcaption class=\"article-figcaption-img\">Un hombre camina por el monumento al Holocausto cubierto de nieve durante el D\u00eda Internacional de Conmemoraci\u00f3n del Holocausto en Berl\u00edn, Alemania, el martes 27 de enero de 2026. (Foto AP\/Markus Schreiber)<\/figcaption><\/div>\n<p class=\"paragraph\">En el sitio conmemorativo de <b>Auschwitz<\/b>, ubicado en una zona del sur de Polonia que estuvo bajo ocupaci\u00f3n alemana durante la Segunda Guerra Mundial, ex prisioneros depositaron flores y coronas en un muro donde las fuerzas alemanas asesinaron a miles de personas, la mayor\u00eda polacas. M\u00e1s tarde, el presidente polaco, <b>Karol Nawrocki<\/b>, se unir\u00e1 a los sobrevivientes en una ceremonia conmemorativa en Birkenau, el vasto sitio cercano donde los jud\u00edos fueron transportados desde toda Europa para ser exterminados en c\u00e1maras de gas.<\/p>\n<p class=\"paragraph\"><b>Las fuerzas nazis alemanas asesinaron a alrededor de 1,1 millones de personas en el complejo de Auschwitz-Birkenau<\/b>, la mayor\u00eda de ellos jud\u00edos, pero tambi\u00e9n fueron asesinados all\u00ed polacos, roman\u00edes y otros.<\/p>\n<p class=\"paragraph\">En toda Europa se celebraban conmemoraciones del aniversario de la<b> liberaci\u00f3n de Auschwitz por el Ej\u00e9rcito Rojo el 27 de enero de 1945.<\/b><\/p>\n<p class=\"paragraph\">Se ardieron velas y se colocaron rosas blancas en el Monumento a los Jud\u00edos Asesinados de Europa, un campo de 2.700 losas de hormig\u00f3n gris cerca de la Puerta de Brandeburgo en el coraz\u00f3n de Berl\u00edn, que rinde homenaje a los <b>6 millones de jud\u00edos asesinados en el Holocausto<\/b> y se erige como un poderoso s\u00edmbolo del remordimiento de Alemania.<\/p>\n<div class=\"visual__image\"><picture><source srcset=\"https:\/\/www.infobae.com\/resizer\/v2\/SO6RFJL3RNGZRARQMCFOW5VUO4.jpg?auth=aa357943f5e692d105258839f202127f36e2984e402acc2a33e8a78df407d592&amp;smart=true&amp;width=992&amp;height=661&amp;quality=85\" media=\"(min-width: 1000px)\"\/><source srcset=\"https:\/\/www.infobae.com\/resizer\/v2\/SO6RFJL3RNGZRARQMCFOW5VUO4.jpg?auth=aa357943f5e692d105258839f202127f36e2984e402acc2a33e8a78df407d592&amp;smart=true&amp;width=768&amp;height=512&amp;quality=85\" media=\"(min-width: 768px)\"\/><source srcset=\"https:\/\/www.infobae.com\/resizer\/v2\/SO6RFJL3RNGZRARQMCFOW5VUO4.jpg?auth=aa357943f5e692d105258839f202127f36e2984e402acc2a33e8a78df407d592&amp;smart=true&amp;width=577&amp;height=385&amp;quality=85\" media=\"(min-width: 580px)\"\/><source srcset=\"https:\/\/www.infobae.com\/resizer\/v2\/SO6RFJL3RNGZRARQMCFOW5VUO4.jpg?auth=aa357943f5e692d105258839f202127f36e2984e402acc2a33e8a78df407d592&amp;smart=true&amp;width=420&amp;height=280&amp;quality=85\" media=\"(min-width: 350px)\"\/><source srcset=\"https:\/\/www.infobae.com\/resizer\/v2\/SO6RFJL3RNGZRARQMCFOW5VUO4.jpg?auth=aa357943f5e692d105258839f202127f36e2984e402acc2a33e8a78df407d592&amp;smart=true&amp;width=350&amp;height=233&amp;quality=85\" media=\"(min-width: 80px)\"\/><img alt=\"El sobreviviente del Holocausto Stanislaw\" class=\"global-image\" decoding=\"async\" fetchpriority=\"low\" height=\"1280\" loading=\"lazy\" src=\"https:\/\/www.infobae.com\/resizer\/v2\/SO6RFJL3RNGZRARQMCFOW5VUO4.jpg?auth=aa357943f5e692d105258839f202127f36e2984e402acc2a33e8a78df407d592&amp;smart=true&amp;width=350&amp;height=233&amp;quality=85\" width=\"1920\"\/><\/picture><figcaption class=\"article-figcaption-img\">El sobreviviente del Holocausto Stanislaw Zalewski camina por el museo del campo de exterminio nazi de Auschwitz durante una ceremonia que conmemora el 81.\u00ba aniversario de la liberaci\u00f3n del campo en Oswiecim, Polonia, el martes 27 de enero de 2026. (Foto AP\/Beata Zawrzel)<\/figcaption><\/div>\n<p class=\"paragraph\">En la Rep\u00fablica Checa, se ha programado una marcha con velas para esta noche en Terez\u00edn, en el antiguo campo de concentraci\u00f3n nazi de Theresienstadt. Miles de jud\u00edos murieron all\u00ed o fueron enviados desde all\u00ed a Auschwitz y otros campos de exterminio.<\/p>\n<p class=\"paragraph\">El domingo, los Pa\u00edses Bajos conmemoraron su D\u00eda Nacional en Memoria del Holocausto con una marcha silenciosa por el hist\u00f3rico barrio jud\u00edo de \u00c1msterdam hasta un monumento en memoria de las v\u00edctimas de Auschwitz. <b>\u201cBergen-Belsen, Sobibor, Auschwitz: son ejemplos sin precedentes y a\u00fan incomprensibles de lo que la intolerancia, el odio y el racismo pueden provocar\u201d<\/b>, declar\u00f3 la alcaldesa de \u00c1msterdam, Femke Halsema, a cientos de personas en el sombr\u00edo evento.<\/p>\n<p class=\"paragraph\">Israel conmemora su D\u00eda de Conmemoraci\u00f3n del Holocausto en el aniversario del Levantamiento del Gueto de Varsovia en abril de 1943, que subraya la resistencia jud\u00eda al terror nazi.<\/p>\n<p class=\"paragraph\">Al mirar atr\u00e1s, muchos l\u00edderes tambi\u00e9n reflexionaron sobre el odio en el mundo actual.<\/p>\n<div class=\"visual__image\"><picture><source srcset=\"https:\/\/www.infobae.com\/resizer\/v2\/EB3IHXW5X5CYNO5EY6ETP6QOGQ.jpg?auth=758310600c029facb0bdef148e2acf49442055e0795f44177780ec569625a673&amp;smart=true&amp;width=992&amp;height=659&amp;quality=85\" media=\"(min-width: 1000px)\"\/><source srcset=\"https:\/\/www.infobae.com\/resizer\/v2\/EB3IHXW5X5CYNO5EY6ETP6QOGQ.jpg?auth=758310600c029facb0bdef148e2acf49442055e0795f44177780ec569625a673&amp;smart=true&amp;width=768&amp;height=510&amp;quality=85\" media=\"(min-width: 768px)\"\/><source srcset=\"https:\/\/www.infobae.com\/resizer\/v2\/EB3IHXW5X5CYNO5EY6ETP6QOGQ.jpg?auth=758310600c029facb0bdef148e2acf49442055e0795f44177780ec569625a673&amp;smart=true&amp;width=577&amp;height=383&amp;quality=85\" media=\"(min-width: 580px)\"\/><source srcset=\"https:\/\/www.infobae.com\/resizer\/v2\/EB3IHXW5X5CYNO5EY6ETP6QOGQ.jpg?auth=758310600c029facb0bdef148e2acf49442055e0795f44177780ec569625a673&amp;smart=true&amp;width=420&amp;height=279&amp;quality=85\" media=\"(min-width: 350px)\"\/><source srcset=\"https:\/\/www.infobae.com\/resizer\/v2\/EB3IHXW5X5CYNO5EY6ETP6QOGQ.jpg?auth=758310600c029facb0bdef148e2acf49442055e0795f44177780ec569625a673&amp;smart=true&amp;width=350&amp;height=232&amp;quality=85\" media=\"(min-width: 80px)\"\/><img alt=\"Velas colocadas frente a una\" class=\"global-image\" decoding=\"async\" fetchpriority=\"low\" height=\"1275\" loading=\"lazy\" src=\"https:\/\/www.infobae.com\/resizer\/v2\/EB3IHXW5X5CYNO5EY6ETP6QOGQ.jpg?auth=758310600c029facb0bdef148e2acf49442055e0795f44177780ec569625a673&amp;smart=true&amp;width=350&amp;height=232&amp;quality=85\" width=\"1920\"\/><\/picture><figcaption class=\"article-figcaption-img\">Velas colocadas frente a una losa de hormig\u00f3n del monumento conmemorativo del Holocausto para conmemorar el D\u00eda Internacional de Conmemoraci\u00f3n del Holocausto en Berl\u00edn, Alemania, el martes 27 de enero de 2026. (Foto AP\/Markus Schreiber)<\/figcaption><\/div>\n<p class=\"paragraph\">La principal diplom\u00e1tica de la Uni\u00f3n Europea, Kaja Kallas, advirti\u00f3 que el mundo est\u00e1 viendo los niveles m\u00e1s altos de antisemitismo desde el Holocausto y que algunas de las amenazas ahora est\u00e1n \u201cadoptando formas nuevas y perturbadoras\u201d.<\/p>\n<p class=\"paragraph\">Kallas, el jefe de pol\u00edtica exterior de la UE, subray\u00f3 el <b>mal uso \u201cde contenido generado por IA para difuminar la l\u00ednea entre hechos y ficci\u00f3n, distorsionar la verdad hist\u00f3rica y socavar nuestra memoria colectiva\u201d.<\/b><\/p>\n<p class=\"paragraph\">El presidente checo, Petr Pavel, afirm\u00f3 que este d\u00eda es \u201cun llamado a reflexionar sobre el pasado y la responsabilidad que tenemos como sociedad, pero especialmente como individuos, en el mundo contempor\u00e1neo. Desafortunadamente, a\u00fan hoy hay quienes trivializan la odiosa ideolog\u00eda nazi, o incluso simpatizan con ella\u201d.<\/p>\n<p class=\"paragraph\"><b>Se estima que 196.600 jud\u00edos sobrevivientes del Holocausto siguen vivos en todo el mundo, cifra inferior a los 220.000 que se estimaba que segu\u00edan vivos un a\u00f1o antes<\/b>, seg\u00fan informaci\u00f3n publicada la semana pasada por la Conferencia sobre Reclamaciones Materiales Jud\u00edas contra Alemania, con sede en Nueva York. Casi todos ellos \u2014alrededor del 97%\u2014 son \u201cni\u00f1os sobrevivientes\u201d nacidos a partir de 1928, seg\u00fan el grupo.<\/p>\n<div class=\"visual__image\"><picture><source srcset=\"https:\/\/www.infobae.com\/resizer\/v2\/D5H5NIWENFBGZEX7ZABDM5RX2Q.jpg?auth=4c9f82b44185e0ca3ec2bfd576f9332a64f6878bcdc38ca2ddded5b44b54ffe4&amp;smart=true&amp;width=992&amp;height=661&amp;quality=85\" media=\"(min-width: 1000px)\"\/><source srcset=\"https:\/\/www.infobae.com\/resizer\/v2\/D5H5NIWENFBGZEX7ZABDM5RX2Q.jpg?auth=4c9f82b44185e0ca3ec2bfd576f9332a64f6878bcdc38ca2ddded5b44b54ffe4&amp;smart=true&amp;width=768&amp;height=512&amp;quality=85\" media=\"(min-width: 768px)\"\/><source srcset=\"https:\/\/www.infobae.com\/resizer\/v2\/D5H5NIWENFBGZEX7ZABDM5RX2Q.jpg?auth=4c9f82b44185e0ca3ec2bfd576f9332a64f6878bcdc38ca2ddded5b44b54ffe4&amp;smart=true&amp;width=577&amp;height=385&amp;quality=85\" media=\"(min-width: 580px)\"\/><source srcset=\"https:\/\/www.infobae.com\/resizer\/v2\/D5H5NIWENFBGZEX7ZABDM5RX2Q.jpg?auth=4c9f82b44185e0ca3ec2bfd576f9332a64f6878bcdc38ca2ddded5b44b54ffe4&amp;smart=true&amp;width=420&amp;height=280&amp;quality=85\" media=\"(min-width: 350px)\"\/><source srcset=\"https:\/\/www.infobae.com\/resizer\/v2\/D5H5NIWENFBGZEX7ZABDM5RX2Q.jpg?auth=4c9f82b44185e0ca3ec2bfd576f9332a64f6878bcdc38ca2ddded5b44b54ffe4&amp;smart=true&amp;width=350&amp;height=233&amp;quality=85\" media=\"(min-width: 80px)\"\/><img alt=\"Sobrevivientes del Holocausto depositan flores\" class=\"global-image\" decoding=\"async\" fetchpriority=\"low\" height=\"1280\" loading=\"lazy\" src=\"https:\/\/www.infobae.com\/resizer\/v2\/D5H5NIWENFBGZEX7ZABDM5RX2Q.jpg?auth=4c9f82b44185e0ca3ec2bfd576f9332a64f6878bcdc38ca2ddded5b44b54ffe4&amp;smart=true&amp;width=350&amp;height=233&amp;quality=85\" width=\"1920\"\/><\/picture><figcaption class=\"article-figcaption-img\">Sobrevivientes del Holocausto depositan flores en el muro de la muerte del museo del campo de exterminio nazi de Auschwitz durante una ceremonia que conmemora el 81.\u00ba aniversario de la liberaci\u00f3n del campo en Oswiecim, Polonia, el martes 27 de enero de 2026. (Foto AP\/Beata Zawrzel)<\/figcaption><\/div>\n<p class=\"paragraph\">Aunque la comunidad mundial de sobrevivientes se reduce con el tiempo, algunos todav\u00eda cuentan sus historias por primera vez despu\u00e9s de todos estos a\u00f1os.<\/p>\n<p class=\"paragraph\">Se celebr\u00f3 una reuni\u00f3n anual en la c\u00e1mara alta del Parlamento checo con supervivientes del Holocausto. Pavel Jelinek, un superviviente de 90 a\u00f1os de Liberec \u2014una ciudad checa con una poblaci\u00f3n jud\u00eda de 1350 habitantes antes de la guerra\u2014, afirm\u00f3 ser el \u00faltimo sobreviviente de los 37 jud\u00edos que regresaron a la ciudad despu\u00e9s de la guerra.<\/p>\n<p class=\"paragraph\">Jelinek dijo a los reunidos que su lema ha sido:<b> \u201cEl mundo entero es un puente estrecho, y lo que importa es no tener miedo en absoluto\u201d<\/b>.<\/p>\n<p class=\"paragraph\"><i>(con informaci\u00f3n de AP)<\/i><\/p>\n<\/div>\n<p><script defer=\"\">try{!function(f,b,e,v,n,t,s) {if(f.fbq)return;n=f.fbq=function(){n.callMethod? n.callMethod.apply(n,arguments):n.queue.push(arguments)}; if(!f._fbq)f._fbq=n;n.push=n;n.loaded=!0;n.version='2.0'; n.queue=[];t=b.createElement(e);t.async=!0; t.src=v;s=b.getElementsByTagName(e)[0]; s.parentNode.insertBefore(t,s)}(window, document,'script', ' fbq('init', '336383993555320'); fbq('track', 'PageView'); fbq('track', 'ViewContent');}catch(error){console.log(\"Error al inicializar facebookPixelRawCodeScript:\",error);}<\/script><\/p>\n","protected":false},"excerpt":{"rendered":"<p>El sobreviviente del Holocausto Stanislaw Zalewski camina junto a un muro en el museo del campo de exterminio nazi de Auschwitz durante una ceremonia que conmemora el 81.\u00ba aniversario de la liberaci\u00f3n del campo en Oswiecim, Polonia, el martes 27 de enero de 2026. (Foto AP\/Beata Zawrzel) Las velas parpadeaban al amanecer del martes en [&hellip;]<\/p>\n","protected":false},"author":2,"featured_media":74942,"comment_status":"","ping_status":"","sticky":false,"template":"","format":"standard","meta":{"footnotes":""},"categories":[3],"tags":[],"_links":{"self":[{"href":"https:\/\/maxradio923.com.ar\/index.php\/wp-json\/wp\/v2\/posts\/74941"}],"collection":[{"href":"https:\/\/maxradio923.com.ar\/index.php\/wp-json\/wp\/v2\/posts"}],"about":[{"href":"https:\/\/maxradio923.com.ar\/index.php\/wp-json\/wp\/v2\/types\/post"}],"author":[{"embeddable":true,"href":"https:\/\/maxradio923.com.ar\/index.php\/wp-json\/wp\/v2\/users\/2"}],"replies":[{"embeddable":true,"href":"https:\/\/maxradio923.com.ar\/index.php\/wp-json\/wp\/v2\/comments?post=74941"}],"version-history":[{"count":0,"href":"https:\/\/maxradio923.com.ar\/index.php\/wp-json\/wp\/v2\/posts\/74941\/revisions"}],"wp:featuredmedia":[{"embeddable":true,"href":"https:\/\/maxradio923.com.ar\/index.php\/wp-json\/wp\/v2\/media\/74942"}],"wp:attachment":[{"href":"https:\/\/maxradio923.com.ar\/index.php\/wp-json\/wp\/v2\/media?parent=74941"}],"wp:term":[{"taxonomy":"category","embeddable":true,"href":"https:\/\/maxradio923.com.ar\/index.php\/wp-json\/wp\/v2\/categories?post=74941"},{"taxonomy":"post_tag","embeddable":true,"href":"https:\/\/maxradio923.com.ar\/index.php\/wp-json\/wp\/v2\/tags?post=74941"}],"curies":[{"name":"wp","href":"https:\/\/api.w.org\/{rel}","templated":true}]}}