{"id":74929,"date":"2026-01-27T10:34:05","date_gmt":"2026-01-27T13:34:05","guid":{"rendered":"https:\/\/maxradio923.com.ar\/index.php\/2026\/01\/27\/el-gobierno-habilito-al-sector-privado-a-importar-y-comercializar-gnl-como-funcionara-el-nuevo-esquema\/"},"modified":"2026-01-27T10:34:05","modified_gmt":"2026-01-27T13:34:05","slug":"el-gobierno-habilito-al-sector-privado-a-importar-y-comercializar-gnl-como-funcionara-el-nuevo-esquema","status":"publish","type":"post","link":"https:\/\/maxradio923.com.ar\/index.php\/2026\/01\/27\/el-gobierno-habilito-al-sector-privado-a-importar-y-comercializar-gnl-como-funcionara-el-nuevo-esquema\/","title":{"rendered":"El Gobierno habilit\u00f3 al sector privado a importar y comercializar GNL: c\u00f3mo funcionar\u00e1 el nuevo esquema"},"content":{"rendered":"<p><\/p>\n<h2 class=\"article-subheadline text_align_left\">El objetivo es garantizar el abastecimiento energ\u00e9tico en los meses de mayor demanda. Enarsa, en planes de privatizaci\u00f3n, dejar\u00e1 de operar en ese mercado<\/h2>\n<p><\/p>\n<p class=\"paragraph\">El Gobierno habilit\u00f3 al sector privado a<b> importar y comercializar Gas Natural Licuado (GNL)<\/b> para asegurar el abastecimiento durante los meses de mayor demanda, a la vez que se dispuso la pr\u00f3rroga de la emergencia del Sector Energ\u00e9tico Nacional hasta fines de 2027.<\/p>\n<p><\/p>\n<p class=\"paragraph\">El objetivo es que el sector p\u00fablico se concentre en su rol regulador: \u201cEstablecer reglas, garantizar transparencia y asegurar el abastecimiento\u201d, consider\u00f3 la cartera energ\u00e9tica. <\/p>\n<p><\/p>\n<p class=\"paragraph\">En esa l\u00ednea, <b>Enarsa dejar\u00e1 de importar y comercializar GNL<\/b>, una tarea que pasar\u00e1 a manos de operadores privados.<\/p>\n<p><\/p>\n<p class=\"paragraph\">Hasta el momento, el Estado adquir\u00eda GNL a precios internacionales \u2014en torno a los 15 a 17 d\u00f3lares por MMBTU (mill\u00f3n de unidades t\u00e9rmicas brit\u00e1nicas)\u2014 y lo vend\u00eda en el mercado interno a valores similares a los del Plan Gas, cercanos a los 2,7 d\u00f3lares por MMBTU. La brecha entre ambos precios se cubr\u00eda con subsidios.<\/p>\n<p><\/p>\n<p class=\"paragraph\">\u201cEl nuevo esquema elimina esa intermediaci\u00f3n estatal y traslada la responsabilidad comercial y operativa al sector privado\u201d, afirma el comunicado oficial.<\/p>\n<p><\/p>\n<p class=\"paragraph\">Con la implementaci\u00f3n de esta decisi\u00f3n, el acceso a la capacidad de regasificaci\u00f3n disponible en la terminal de Escobar se adjudicar\u00e1 mediante licitaci\u00f3n. <\/p>\n","protected":false},"excerpt":{"rendered":"<p>El objetivo es garantizar el abastecimiento energ\u00e9tico en los meses de mayor demanda. Enarsa, en planes de privatizaci\u00f3n, dejar\u00e1 de operar en ese mercado El Gobierno habilit\u00f3 al sector privado a importar y comercializar Gas Natural Licuado (GNL) para asegurar el abastecimiento durante los meses de mayor demanda, a la vez que se dispuso la [&hellip;]<\/p>\n","protected":false},"author":2,"featured_media":74930,"comment_status":"","ping_status":"","sticky":false,"template":"","format":"standard","meta":{"footnotes":""},"categories":[12],"tags":[],"_links":{"self":[{"href":"https:\/\/maxradio923.com.ar\/index.php\/wp-json\/wp\/v2\/posts\/74929"}],"collection":[{"href":"https:\/\/maxradio923.com.ar\/index.php\/wp-json\/wp\/v2\/posts"}],"about":[{"href":"https:\/\/maxradio923.com.ar\/index.php\/wp-json\/wp\/v2\/types\/post"}],"author":[{"embeddable":true,"href":"https:\/\/maxradio923.com.ar\/index.php\/wp-json\/wp\/v2\/users\/2"}],"replies":[{"embeddable":true,"href":"https:\/\/maxradio923.com.ar\/index.php\/wp-json\/wp\/v2\/comments?post=74929"}],"version-history":[{"count":0,"href":"https:\/\/maxradio923.com.ar\/index.php\/wp-json\/wp\/v2\/posts\/74929\/revisions"}],"wp:featuredmedia":[{"embeddable":true,"href":"https:\/\/maxradio923.com.ar\/index.php\/wp-json\/wp\/v2\/media\/74930"}],"wp:attachment":[{"href":"https:\/\/maxradio923.com.ar\/index.php\/wp-json\/wp\/v2\/media?parent=74929"}],"wp:term":[{"taxonomy":"category","embeddable":true,"href":"https:\/\/maxradio923.com.ar\/index.php\/wp-json\/wp\/v2\/categories?post=74929"},{"taxonomy":"post_tag","embeddable":true,"href":"https:\/\/maxradio923.com.ar\/index.php\/wp-json\/wp\/v2\/tags?post=74929"}],"curies":[{"name":"wp","href":"https:\/\/api.w.org\/{rel}","templated":true}]}}