{"id":74925,"date":"2026-01-27T10:20:05","date_gmt":"2026-01-27T13:20:05","guid":{"rendered":"https:\/\/maxradio923.com.ar\/index.php\/2026\/01\/27\/la-increible-atajada-de-espaldas-que-salvo-a-platense-en-el-inicio-de-la-segunda-fecha-del-torneo-apertura\/"},"modified":"2026-01-27T10:20:05","modified_gmt":"2026-01-27T13:20:05","slug":"la-increible-atajada-de-espaldas-que-salvo-a-platense-en-el-inicio-de-la-segunda-fecha-del-torneo-apertura","status":"publish","type":"post","link":"https:\/\/maxradio923.com.ar\/index.php\/2026\/01\/27\/la-increible-atajada-de-espaldas-que-salvo-a-platense-en-el-inicio-de-la-segunda-fecha-del-torneo-apertura\/","title":{"rendered":"La incre\u00edble atajada de espaldas que salv\u00f3 a Platense en el inicio de la segunda fecha del Torneo Apertura"},"content":{"rendered":"<p><\/p>\n<div xmlns:default=\"http:\/\/www.w3.org\/2000\/svg\">\n<p class=\"paragraph\"><b>Platense <\/b>comenz\u00f3 este <b>Torneo Apertura<\/b> con una sonrisa tras haber igualado en el estreno sin goles ante Uni\u00f3n en una dura parada en Santa Fe y encadenar luego un <b>triunfo 2-1 de local<\/b> este lunes en el <i>Estadio Ciudad de Vicente L\u00f3pez<\/i>. Y mucho de eso tuvo que ver el arquero <b>Mat\u00edas Borgogno<\/b>, uno de los 14 refuerzos que desembarc\u00f3 para esta temporada.<\/p>\n<p class=\"paragraph\">Iban apenas cinco minutos de partido y el marcador estaba sin goles cuando <b>Juan Ignacio M\u00e9ndez<\/b> sac\u00f3 un env\u00edo largo a la espalda de la defensa del <i>Calamar<\/i> para encontrar la velocidad de <b>Franco Jara<\/b>, pero <b>Eugenio Raggio<\/b> alcanz\u00f3 a interceptar el tiro con tanta mala fortuna que el despeje de aire sali\u00f3 para el lado menos pensado.<\/p>\n<p class=\"paragraph\">Borgogno, que hab\u00eda salido para achicar al delantero de Instituto, corri\u00f3 a toda velocidad hacia su arco para evitar el gol en contra y lo logr\u00f3 de un modo tan efectivo como extra\u00f1o: <b>vol\u00f3 contra su arco, tom\u00f3 la pelota en el aire y la revole\u00f3 para su espalda<\/b>, cayendo \u00e9l contra la red pero evitando que el bal\u00f3n caiga incluso en los pies de Jara.<\/p>\n<p class=\"paragraph\">Fue una intervenci\u00f3n clave porque ese primer tiempo termin\u00f3 favorable a los locales gracias al tanto de <b>Franco Zapiola<\/b> y, aunque <b>Alex Luna<\/b> firm\u00f3 el empate transitorio, el ex River Plate <b>Tomas Nasif<\/b> se encarg\u00f3 de darle los tres puntos a los de Walter Zunino.<\/p>\n<p class=\"paragraph\"><b>\u201cQu\u00e9 lindo triunfo. Gracias por acompa\u00f1arnos este primer partido en Saavedra\u201d,<\/b> poste\u00f3 en sus redes sociales el arquero tras su gran actuaci\u00f3n.<\/p>\n<p><soccer-worldcup2026-cta-predict\/><link rel=\"stylesheet\" crossorigin=\"true\" href=\"https:\/\/storage.googleapis.com\/arc-buckets\/web-components\/soccer\/ctas\/predict.css\"\/>\n<p class=\"paragraph\">El guardametas de <b>27 a\u00f1os<\/b> es uno de los 14 refuerzos que llegaron en esta temporada al <i>Calamar<\/i> para disputar el triple objetivo que hay por delante tras ser campeones del Torneo Apertura 2025 y clasificar por primera vez en su historia a la Copa Libertadores.<\/p>\n<p class=\"paragraph\">Nacido en San Francisco (C\u00f3rdoba), el portero de 1.87m se inici\u00f3 en el Club Atl\u00e9tico Belgrano de San Francisco antes de marcharse al Sportivo Belgrano. Se form\u00f3 en las inferiores de <b>V\u00e9lez<\/b>, donde incluso lleg\u00f3 a Reserva y tuvo la firma de su primer contrato. Sin embargo, tuvo su merecido espacio cuando emigr\u00f3 cedido a <b>San Mart\u00edn de San Juan<\/b> en 2023 para disputar la Primera B Nacional.<\/p>\n<p class=\"paragraph\">Convertido en una referencia del <i>Verdinegro<\/i>, desembarc\u00f3 en las \u00faltimas semanas a Platense para competir por el puesto con <b>Nicol\u00e1s Sumavil<\/b> (regres\u00f3 tras jugar en Trist\u00e1n Su\u00e1rez) y <b>Brian Bustos<\/b> (arrib\u00f3 en este mercado tras su paso por Deportivo Cuenca). Hay que tener en cuenta que <b>Juan Pablo Cozzani<\/b>, arquero campe\u00f3n el a\u00f1o pasado, emigr\u00f3 a mitad del 2025 a Arabia Saudita y luego su lugar se lo repartieron entre <b>Federico Losas<\/b> (retorn\u00f3 este a\u00f1o a Chacarita) y <b>Andr\u00e9s Alberto Des\u00e1bato<\/b> (se march\u00f3 del club).<\/p>\n<p class=\"paragraph\">\u201cEs un plantel pr\u00e1cticamente nuevo. Nos vamos acomodando y van llegando chicos. <b>Mat\u00edas hab\u00eda llegado dos d\u00edas antes del partido con Uni\u00f3n y as\u00ed con varios<\/b>. M\u00e1s all\u00e1 de los que les toca jugar o no, todos los que han venido han tenido una predisposici\u00f3n admirable. De a poquito vamos a ir encontrando ese funcionamiento y esas conexiones entre compa\u00f1eros\u201d, afirm\u00f3 el DT Zunino sobre el arquero y los refuerzos que arribaron. \u201cLos dos fueron determinantes (por Borgogno y Gauto). Mat\u00edas las veces que le llegaron respondi\u00f3 muy bien\u201d, agreg\u00f3.<\/p>\n<div class=\"visual__image\"><picture><source srcset=\"https:\/\/www.infobae.com\/resizer\/v2\/5KX2T5OUJVH3VKVWOM5BB7J6FY.jpg?auth=246c54745488ea96510f4964a7eecca620e70765b5832f3ac1ee94230503121b&amp;smart=true&amp;width=992&amp;height=1360&amp;quality=85\" media=\"(min-width: 1000px)\"\/><source srcset=\"https:\/\/www.infobae.com\/resizer\/v2\/5KX2T5OUJVH3VKVWOM5BB7J6FY.jpg?auth=246c54745488ea96510f4964a7eecca620e70765b5832f3ac1ee94230503121b&amp;smart=true&amp;width=768&amp;height=1053&amp;quality=85\" media=\"(min-width: 768px)\"\/><source srcset=\"https:\/\/www.infobae.com\/resizer\/v2\/5KX2T5OUJVH3VKVWOM5BB7J6FY.jpg?auth=246c54745488ea96510f4964a7eecca620e70765b5832f3ac1ee94230503121b&amp;smart=true&amp;width=577&amp;height=791&amp;quality=85\" media=\"(min-width: 580px)\"\/><source srcset=\"https:\/\/www.infobae.com\/resizer\/v2\/5KX2T5OUJVH3VKVWOM5BB7J6FY.jpg?auth=246c54745488ea96510f4964a7eecca620e70765b5832f3ac1ee94230503121b&amp;smart=true&amp;width=420&amp;height=576&amp;quality=85\" media=\"(min-width: 350px)\"\/><source srcset=\"https:\/\/www.infobae.com\/resizer\/v2\/5KX2T5OUJVH3VKVWOM5BB7J6FY.jpg?auth=246c54745488ea96510f4964a7eecca620e70765b5832f3ac1ee94230503121b&amp;smart=true&amp;width=350&amp;height=480&amp;quality=85\" media=\"(min-width: 80px)\"\/><img alt=\"El posteo que le dedic\u00f3\" class=\"global-image\" decoding=\"async\" fetchpriority=\"low\" height=\"850\" loading=\"lazy\" src=\"https:\/\/www.infobae.com\/resizer\/v2\/5KX2T5OUJVH3VKVWOM5BB7J6FY.jpg?auth=246c54745488ea96510f4964a7eecca620e70765b5832f3ac1ee94230503121b&amp;smart=true&amp;width=350&amp;height=480&amp;quality=85\" width=\"620\"\/><\/picture><figcaption class=\"article-figcaption-img\">El posteo que le dedic\u00f3 Platense al arquero<\/figcaption><\/div>\n<p class=\"paragraph\">El inicio de la segunda fecha del Torneo Apertura dej\u00f3 a Platense como l\u00edder de la Zona A, tras imponerse 2-1 sobre Instituto en el estadio Ciudad de Vicente L\u00f3pez. Esta victoria, adem\u00e1s de otorgar confianza al equipo local, representa un impulso estrat\u00e9gico en una temporada que ser\u00e1 hist\u00f3rica: Platense debutar\u00e1 en la Copa Libertadores 2026, tras haberse coronado campe\u00f3n en el \u00faltimo Apertura. Este desaf\u00edo internacional coincidir\u00e1 con la defensa del t\u00edtulo local y la disputa de la Copa Argentina, situando al club en el centro de la escena futbol\u00edstica nacional e internacional.<\/p>\n<p class=\"paragraph\">El desarrollo del encuentro, intenso y disputado, culmin\u00f3 con emociones en la recta final. En los instantes decisivos, Nasif anot\u00f3 de cabeza el tanto que devolvi\u00f3 la ventaja al <i>Calamar<\/i>, apenas dos minutos despu\u00e9s de que Luna empatara para la <i>Gloria<\/i>. Nasif apareci\u00f3 luego de un centro preciso de Juan Gauto desde la izquierda. Minutos despu\u00e9s, el propio Nasif desperdici\u00f3 una ocasi\u00f3n clara para sentenciar el resultado, cuando el arquero Manuel Roffo detuvo su remate.<\/p>\n<p class=\"paragraph\">Durante el complemento, Instituto busc\u00f3 equilibrar el marcador generando peligro con acciones de Jara y Luna, quien result\u00f3 la figura destacada para los cordobeses. Borgogno, el arquero local, fue clave al tapar varios remates exigentes, manteniendo a Platense en partido.<\/p>\n<p class=\"paragraph\">El tr\u00e1mite de la primera mitad mostr\u00f3 alternancia en el dominio: Platense apost\u00f3 a la posesi\u00f3n pero Instituto ofreci\u00f3 respuestas peligrosas. Se anul\u00f3 un gol de Mainero para el local por posici\u00f3n adelantada. La apertura del marcador lleg\u00f3 luego de dos errores defensivos visitantes, que Mainero y Roffo no lograron corregir, permitiendo que Zapiola anotase el primer tanto.<\/p>\n<p class=\"paragraph\">Con este triunfo, Platense suma 4 puntos y se coloca en la cima de la Zona A, superando a Lan\u00fas, Talleres de C\u00f3rdoba, Boca Juniors, Gimnasia y Esgrima La Plata y V\u00e9lez, equipos que a\u00fan deben completar sus partidos. En la pr\u00f3xima jornada, Platense visitar\u00e1 a Talleres el s\u00e1bado a las 22.00, mientras que Instituto ser\u00e1 local frente a Lan\u00fas el martes 3 de febrero a las 21.15.<\/p>\n<p class=\"paragraph\">El club de Vicente L\u00f3pez se encuentra en plena reestructuraci\u00f3n, despu\u00e9s de haber concretado uno de los mercados de pases m\u00e1s din\u00e1micos entre los 30 equipos de primera divisi\u00f3n. Hasta el momento, Platense incorpor\u00f3 13 refuerzos. Entre los nombres confirmados figuran <b>Juan Gauto<\/b>, <b>Eugenio Raggio<\/b>, <b>Tom\u00e1s Nasif<\/b>, <b>Leonardo Heredia<\/b>, <b>Brian Bustos<\/b>, <b>H\u00e9ctor Bobadilla<\/b>, <b>Bautista Merlini<\/b>, <b>Mateo Mend\u00eda<\/b>, <b>Santiago Dalmasso<\/b>, <b>Maximiliano Amarfil<\/b>, <b>Agust\u00edn Lagos<\/b>, <b>Santiago Quiros<\/b> y <b>Mat\u00edas Borgogno<\/b>. Adem\u00e1s, adquiri\u00f3 el pase de <b>Tom\u00e1s Silva<\/b> a San Lorenzo, extendiendo el v\u00ednculo hasta 2028, y sum\u00f3 a <b>Nicol\u00e1s Sumavil<\/b> tras su regreso de Trist\u00e1n Su\u00e1rez. Adem\u00e1s, en las \u00faltimas horas se sum\u00f3 la 14\u00aa incorporaci\u00f3n: <b>Mart\u00edn Barrios Do Santos<\/b>, desde Racing de Avellaneda.<\/p>\n<p class=\"paragraph\">Este movimiento de fichajes se enmarca en la llegada de <b>Walter Zunino<\/b> como m\u00e1xima autoridad deportiva, en funciones desde fines de noviembre de 2025, tras un per\u00edodo como asistente principal junto a <b>Favio Orsi<\/b> y <b>Sergio G\u00f3mez<\/b>. El comando t\u00e9cnico experiment\u00f3 cambios recientes: tras la obtenci\u00f3n del Apertura, Orsi y G\u00f3mez dejaron su puesto y <b>Cristian <\/b><i><b>Kily <\/b><\/i><b>Gonz\u00e1lez<\/b> asumi\u00f3 la conducci\u00f3n para el segundo semestre. Zunino asumi\u00f3 oficialmente luego de un breve interinato de Hern\u00e1n Lamberti y debut\u00f3 en un cruce relevante, la final del Trofeo de Campeones ante Estudiantes de La Plata, ca\u00edda 2-1 al cierre del calendario del a\u00f1o pasado.<\/p>\n<p class=\"paragraph\">En paralelo a las incorporaciones, el club registr\u00f3 numerosas salidas. Franco Baldassarra, Edgar Elizalde, Ra\u00fal Lozano, Andr\u00e9s Des\u00e1bato, Federico Losas, Nicol\u00e1s Orsini, Rodrigo Chila M\u00e1rquez, Enzo Rold\u00e1n, Maximiliano Rodr\u00edguez Vejar, Oscar Salom\u00f3n y Santiago Postel (quien renov\u00f3 su contrato y emigr\u00f3 al Deportivo Cuenca de Ecuador) integran la lista de bajas. El futuro de Ignacio Schor permanece indefinido.<\/p>\n<p class=\"paragraph\">La partida m\u00e1s relevante fue la de <b>Ronaldo Mart\u00ednez<\/b>, goleador hist\u00f3rico de la \u00faltima etapa del club, cuyo pase (50%) fue adquirido por Talleres de C\u00f3rdoba. Mart\u00ednez, llegado a Vicente L\u00f3pez en enero de 2023 desde Resistencia Sport Club de Paraguay, marc\u00f3 22 goles en 144 partidos y fue convocado a la selecci\u00f3n de Paraguay. <\/p>\n<p class=\"paragraph\">En el calendario pr\u00f3ximo, Platense disputar\u00e1 por los <b>32avos de la Copa Argentina<\/b> un encuentro frente a <b>Argentino de Monte Ma\u00edz<\/b>, fijado para el mi\u00e9rcoles 4 de febrero a las 21.15 en Caseros. La expectativa en Vicente L\u00f3pez est\u00e1 centrada tambi\u00e9n en el sorteo de la fase de grupos de la Copa Libertadores, previsto para la semana del 18 de marzo, donde el club actuar\u00e1 como debutante absoluto.<\/p>\n<\/div>\n<p><script defer=\"\">try{!function(f,b,e,v,n,t,s) {if(f.fbq)return;n=f.fbq=function(){n.callMethod? n.callMethod.apply(n,arguments):n.queue.push(arguments)}; if(!f._fbq)f._fbq=n;n.push=n;n.loaded=!0;n.version='2.0'; n.queue=[];t=b.createElement(e);t.async=!0; t.src=v;s=b.getElementsByTagName(e)[0]; s.parentNode.insertBefore(t,s)}(window, document,'script', ' fbq('init', '336383993555320'); fbq('track', 'PageView'); fbq('track', 'ViewContent');}catch(error){console.log(\"Error al inicializar facebookPixelRawCodeScript:\",error);}<\/script><\/p>\n","protected":false},"excerpt":{"rendered":"<p>Platense comenz\u00f3 este Torneo Apertura con una sonrisa tras haber igualado en el estreno sin goles ante Uni\u00f3n en una dura parada en Santa Fe y encadenar luego un triunfo 2-1 de local este lunes en el Estadio Ciudad de Vicente L\u00f3pez. Y mucho de eso tuvo que ver el arquero Mat\u00edas Borgogno, uno de [&hellip;]<\/p>\n","protected":false},"author":2,"featured_media":74926,"comment_status":"","ping_status":"","sticky":false,"template":"","format":"standard","meta":{"footnotes":""},"categories":[2],"tags":[],"_links":{"self":[{"href":"https:\/\/maxradio923.com.ar\/index.php\/wp-json\/wp\/v2\/posts\/74925"}],"collection":[{"href":"https:\/\/maxradio923.com.ar\/index.php\/wp-json\/wp\/v2\/posts"}],"about":[{"href":"https:\/\/maxradio923.com.ar\/index.php\/wp-json\/wp\/v2\/types\/post"}],"author":[{"embeddable":true,"href":"https:\/\/maxradio923.com.ar\/index.php\/wp-json\/wp\/v2\/users\/2"}],"replies":[{"embeddable":true,"href":"https:\/\/maxradio923.com.ar\/index.php\/wp-json\/wp\/v2\/comments?post=74925"}],"version-history":[{"count":0,"href":"https:\/\/maxradio923.com.ar\/index.php\/wp-json\/wp\/v2\/posts\/74925\/revisions"}],"wp:featuredmedia":[{"embeddable":true,"href":"https:\/\/maxradio923.com.ar\/index.php\/wp-json\/wp\/v2\/media\/74926"}],"wp:attachment":[{"href":"https:\/\/maxradio923.com.ar\/index.php\/wp-json\/wp\/v2\/media?parent=74925"}],"wp:term":[{"taxonomy":"category","embeddable":true,"href":"https:\/\/maxradio923.com.ar\/index.php\/wp-json\/wp\/v2\/categories?post=74925"},{"taxonomy":"post_tag","embeddable":true,"href":"https:\/\/maxradio923.com.ar\/index.php\/wp-json\/wp\/v2\/tags?post=74925"}],"curies":[{"name":"wp","href":"https:\/\/api.w.org\/{rel}","templated":true}]}}