{"id":74915,"date":"2026-01-27T09:44:04","date_gmt":"2026-01-27T12:44:04","guid":{"rendered":"https:\/\/maxradio923.com.ar\/index.php\/2026\/01\/27\/cordoba-un-hombre-murio-al-chocar-contra-una-casa-cuando-huia-en-una-moto-robada\/"},"modified":"2026-01-27T09:44:04","modified_gmt":"2026-01-27T12:44:04","slug":"cordoba-un-hombre-murio-al-chocar-contra-una-casa-cuando-huia-en-una-moto-robada","status":"publish","type":"post","link":"https:\/\/maxradio923.com.ar\/index.php\/2026\/01\/27\/cordoba-un-hombre-murio-al-chocar-contra-una-casa-cuando-huia-en-una-moto-robada\/","title":{"rendered":"C\u00f3rdoba: un hombre muri\u00f3 al chocar contra una casa cuando hu\u00eda en una moto robada"},"content":{"rendered":"<p><\/p>\n<h2 class=\"article-subheadline text_align_left\">Ocurri\u00f3 el lunes por la ma\u00f1ana en barrio Villa Barranca Yaco. En otro hecho, una motociclista falleci\u00f3 al impactar contra un cami\u00f3n<\/h2>\n<p><\/p>\n<p class=\"paragraph\">Dos accidentes en <b>C\u00f3rdoba<\/b> dejaron como saldo <b>dos personas fallecidas<\/b> en diferentes circunstancias, seg\u00fan informaron las autoridades locales. Los hechos ocurrieron en la capital provincial y en el municipio de <b>R\u00edo Cuarto<\/b>, y ambos involucraron motocicletas.<\/p>\n<p><\/p>\n<p class=\"paragraph\">Durante la huida, el hombre perdi\u00f3 el control del veh\u00edculo y se estrell\u00f3 contra la fachada de una vivienda. <b>La polic\u00eda secuestr\u00f3 tanto la motocicleta como el arma de fuego<\/b>, dejando ambos elementos a disposici\u00f3n de la Justicia provincial. Voceros policiales confirmaron que la investigaci\u00f3n busca esclarecer las circunstancias en las que se produjo el robo y la posterior fuga.<\/p>\n<p><\/p>\n<p class=\"paragraph\">El segundo accidente fatal tuvo lugar en <b>R\u00edo Cuarto<\/b>, donde una mujer de 60 a\u00f1os <b>muri\u00f3 tras un choque entre una camioneta y una moto<\/b> en la intersecci\u00f3n de <b>Ruta Nacional 8 y calle Malavia<\/b>. El incidente ocurri\u00f3 por la noche, cuando una <b>Ford EcoSport<\/b> conducida por un hombre de 53 a\u00f1os, que iba acompa\u00f1ado de su hijo de 18, impact\u00f3 contra una motocicleta <b>Honda modelo NF<\/b> en la que circulaba la v\u00edctima.<\/p>\n<p><\/p>\n<p class=\"paragraph\">Personal m\u00e9dico arrib\u00f3 al lugar y confirm\u00f3 el fallecimiento de la mujer. Las causas exactas del choque permanecen bajo investigaci\u00f3n por parte de las autoridades, que trabajan en la reconstrucci\u00f3n de los hechos. Los ocupantes de la camioneta no presentaron lesiones graves, seg\u00fan las primeras informaciones difundidas.<\/p>\n<p><\/p>\n<p class=\"paragraph\">Por otro lado, un motociclista sufri\u00f3 <b>heridas tras una colisi\u00f3n con un autom\u00f3vil en barrio Yapey\u00fa<\/b> de la ciudad de <b>C\u00f3rdoba<\/b>, durante la ma\u00f1ana de ayer. El siniestro, que requiri\u00f3 la presencia de personal policial y un servicio de emergencias, se produjo en la intersecci\u00f3n de <b>Remedios de Escalada<\/b> y <b>Germania<\/b>.<\/p>\n<p><\/p>\n<p class=\"paragraph\">De acuerdo con los reportes policiales, el accidente involucr\u00f3 a un <b>Chevrolet Agile<\/b> y una <b>motocicleta conducida por un hombre mayor de edad<\/b>. El impacto provoc\u00f3 que el motociclista quedara tendido en la v\u00eda p\u00fablica, lo que motiv\u00f3 la intervenci\u00f3n inmediata de los servicios de emergencia.<\/p>\n","protected":false},"excerpt":{"rendered":"<p>Ocurri\u00f3 el lunes por la ma\u00f1ana en barrio Villa Barranca Yaco. En otro hecho, una motociclista falleci\u00f3 al impactar contra un cami\u00f3n Dos accidentes en C\u00f3rdoba dejaron como saldo dos personas fallecidas en diferentes circunstancias, seg\u00fan informaron las autoridades locales. Los hechos ocurrieron en la capital provincial y en el municipio de R\u00edo Cuarto, y [&hellip;]<\/p>\n","protected":false},"author":2,"featured_media":74916,"comment_status":"","ping_status":"","sticky":false,"template":"","format":"standard","meta":{"footnotes":""},"categories":[12],"tags":[],"_links":{"self":[{"href":"https:\/\/maxradio923.com.ar\/index.php\/wp-json\/wp\/v2\/posts\/74915"}],"collection":[{"href":"https:\/\/maxradio923.com.ar\/index.php\/wp-json\/wp\/v2\/posts"}],"about":[{"href":"https:\/\/maxradio923.com.ar\/index.php\/wp-json\/wp\/v2\/types\/post"}],"author":[{"embeddable":true,"href":"https:\/\/maxradio923.com.ar\/index.php\/wp-json\/wp\/v2\/users\/2"}],"replies":[{"embeddable":true,"href":"https:\/\/maxradio923.com.ar\/index.php\/wp-json\/wp\/v2\/comments?post=74915"}],"version-history":[{"count":0,"href":"https:\/\/maxradio923.com.ar\/index.php\/wp-json\/wp\/v2\/posts\/74915\/revisions"}],"wp:featuredmedia":[{"embeddable":true,"href":"https:\/\/maxradio923.com.ar\/index.php\/wp-json\/wp\/v2\/media\/74916"}],"wp:attachment":[{"href":"https:\/\/maxradio923.com.ar\/index.php\/wp-json\/wp\/v2\/media?parent=74915"}],"wp:term":[{"taxonomy":"category","embeddable":true,"href":"https:\/\/maxradio923.com.ar\/index.php\/wp-json\/wp\/v2\/categories?post=74915"},{"taxonomy":"post_tag","embeddable":true,"href":"https:\/\/maxradio923.com.ar\/index.php\/wp-json\/wp\/v2\/tags?post=74915"}],"curies":[{"name":"wp","href":"https:\/\/api.w.org\/{rel}","templated":true}]}}