{"id":74903,"date":"2026-01-27T09:09:02","date_gmt":"2026-01-27T12:09:02","guid":{"rendered":"https:\/\/maxradio923.com.ar\/index.php\/2026\/01\/27\/informacion-de-la-etapa-4\/"},"modified":"2026-01-27T09:09:02","modified_gmt":"2026-01-27T12:09:02","slug":"informacion-de-la-etapa-4","status":"publish","type":"post","link":"https:\/\/maxradio923.com.ar\/index.php\/2026\/01\/27\/informacion-de-la-etapa-4\/","title":{"rendered":"informaci\u00f3n de la Etapa 4"},"content":{"rendered":"<p><\/p>\n<div>\n<p>Desde el <strong>viernes 23 de enero al domingo 01 de febrero de 2026<\/strong>, en la provincia se celebrar\u00e1 la <strong>41\u00b0 edici\u00f3n<\/strong> de la <strong>Vuelta a San Juan<\/strong>. La competencia de ciclismo en ruta <strong>recorrer\u00e1 varios departamentos<\/strong>; y contar\u00e1 con <strong>un pr\u00f3logo y nueve etapas<\/strong>, incluida una contrarreloj individual.<\/p>\n<p>Esta competencia, destinada a ciclistas masculinos de <strong>categor\u00eda Sub 23 y Elite<\/strong>, contar\u00e1 con la presencia de renombrados <strong>equipos locales, nacionales e internacionales<\/strong> de pa\u00edses aleda\u00f1os.<\/p>\n<p>La <strong>Vuelta a San Juan<\/strong> contar\u00e1 con la organizaci\u00f3n de <strong>Pedal Club Olimpia<\/strong>, respaldo de <strong>Ministerio de Turismo, Cultura y Deporte<\/strong> con <strong>Secretar\u00eda de Deporte<\/strong> y <strong>Agencia Deportes San Juan<\/strong>, fiscalizaci\u00f3n de <strong>Federaci\u00f3n Ciclista Sanjuanina<\/strong> y auspicio principal de <strong>Gobierno de San Juan<\/strong>.<\/p>\n<p>A continuaci\u00f3n, la <strong>informaci\u00f3n correspondiente a la actividad del d\u00eda:<\/strong><\/p>\n<p><strong>Martes 27 de enero \u2013 Etapa 4 (contrarreloj individual) <\/strong><\/p>\n<p>Departamento: Zonda.<\/p>\n<p>Concentraci\u00f3n: 14:15 horas, frente a Municipalidad de Zonda.<\/p>\n<p>Largada: 15:30 horas<\/p>\n<p>Llegada: Mirador de Punta Negra.<\/p>\n<p>Recorrido en Carrera: Por Av. Jos\u00e9 Ignacio de la Roza al norte, pasando por Camping Municipal Cerro Blanco, hasta Ruta Interlagos, al oeste ascenso hasta Parador Punta Negra.<\/p>\n<p>Total: 12,5 KM aprox.<\/p>\n<p>Meta Monta\u00f1a (0): no habr\u00e1.<\/p>\n<p>Meta Sprint (0): no habr\u00e1. <\/p>\n<\/p><\/div>\n<p><script async defer crossorigin=\"anonymous\" src=\"https:\/\/connect.facebook.net\/es_ES\/sdk.js#xfbml=1&#038;version=v3.3\"><\/script><\/p>\n","protected":false},"excerpt":{"rendered":"<p>Desde el viernes 23 de enero al domingo 01 de febrero de 2026, en la provincia se celebrar\u00e1 la 41\u00b0 edici\u00f3n de la Vuelta a San Juan. La competencia de ciclismo en ruta recorrer\u00e1 varios departamentos; y contar\u00e1 con un pr\u00f3logo y nueve etapas, incluida una contrarreloj individual. Esta competencia, destinada a ciclistas masculinos de [&hellip;]<\/p>\n","protected":false},"author":2,"featured_media":74904,"comment_status":"","ping_status":"","sticky":false,"template":"","format":"standard","meta":{"footnotes":""},"categories":[8],"tags":[],"_links":{"self":[{"href":"https:\/\/maxradio923.com.ar\/index.php\/wp-json\/wp\/v2\/posts\/74903"}],"collection":[{"href":"https:\/\/maxradio923.com.ar\/index.php\/wp-json\/wp\/v2\/posts"}],"about":[{"href":"https:\/\/maxradio923.com.ar\/index.php\/wp-json\/wp\/v2\/types\/post"}],"author":[{"embeddable":true,"href":"https:\/\/maxradio923.com.ar\/index.php\/wp-json\/wp\/v2\/users\/2"}],"replies":[{"embeddable":true,"href":"https:\/\/maxradio923.com.ar\/index.php\/wp-json\/wp\/v2\/comments?post=74903"}],"version-history":[{"count":0,"href":"https:\/\/maxradio923.com.ar\/index.php\/wp-json\/wp\/v2\/posts\/74903\/revisions"}],"wp:featuredmedia":[{"embeddable":true,"href":"https:\/\/maxradio923.com.ar\/index.php\/wp-json\/wp\/v2\/media\/74904"}],"wp:attachment":[{"href":"https:\/\/maxradio923.com.ar\/index.php\/wp-json\/wp\/v2\/media?parent=74903"}],"wp:term":[{"taxonomy":"category","embeddable":true,"href":"https:\/\/maxradio923.com.ar\/index.php\/wp-json\/wp\/v2\/categories?post=74903"},{"taxonomy":"post_tag","embeddable":true,"href":"https:\/\/maxradio923.com.ar\/index.php\/wp-json\/wp\/v2\/tags?post=74903"}],"curies":[{"name":"wp","href":"https:\/\/api.w.org\/{rel}","templated":true}]}}