{"id":74901,"date":"2026-01-27T08:58:04","date_gmt":"2026-01-27T11:58:04","guid":{"rendered":"https:\/\/maxradio923.com.ar\/index.php\/2026\/01\/27\/los-primeros-ministros-de-dinamarca-y-groenlandia-buscaran-apoyo-en-berlin-y-paris-frente-la-tension-con-estados-unidos\/"},"modified":"2026-01-27T08:58:04","modified_gmt":"2026-01-27T11:58:04","slug":"los-primeros-ministros-de-dinamarca-y-groenlandia-buscaran-apoyo-en-berlin-y-paris-frente-la-tension-con-estados-unidos","status":"publish","type":"post","link":"https:\/\/maxradio923.com.ar\/index.php\/2026\/01\/27\/los-primeros-ministros-de-dinamarca-y-groenlandia-buscaran-apoyo-en-berlin-y-paris-frente-la-tension-con-estados-unidos\/","title":{"rendered":"Los primeros ministros de Dinamarca y Groenlandia buscar\u00e1n apoyo en Berl\u00edn y Par\u00eds frente la tensi\u00f3n con Estados Unidos"},"content":{"rendered":"<p><\/p>\n<div xmlns:default=\"http:\/\/www.w3.org\/2000\/svg\">\n<div class=\"visual__image image-initial-width\"><picture><source srcset=\"https:\/\/www.infobae.com\/resizer\/v2\/W424QXGOB5CSVERCQN5XUGJL3Q.JPG?auth=27d073171879b03e8c567098fe06af269707af1ccda993292969bd91f0552495&amp;smart=true&amp;width=992&amp;height=662&amp;quality=85\" media=\"(min-width: 1000px)\"\/><source srcset=\"https:\/\/www.infobae.com\/resizer\/v2\/W424QXGOB5CSVERCQN5XUGJL3Q.JPG?auth=27d073171879b03e8c567098fe06af269707af1ccda993292969bd91f0552495&amp;smart=true&amp;width=768&amp;height=513&amp;quality=85\" media=\"(min-width: 768px)\"\/><source srcset=\"https:\/\/www.infobae.com\/resizer\/v2\/W424QXGOB5CSVERCQN5XUGJL3Q.JPG?auth=27d073171879b03e8c567098fe06af269707af1ccda993292969bd91f0552495&amp;smart=true&amp;width=577&amp;height=385&amp;quality=85\" media=\"(min-width: 580px)\"\/><source srcset=\"https:\/\/www.infobae.com\/resizer\/v2\/W424QXGOB5CSVERCQN5XUGJL3Q.JPG?auth=27d073171879b03e8c567098fe06af269707af1ccda993292969bd91f0552495&amp;smart=true&amp;width=420&amp;height=280&amp;quality=85\" media=\"(min-width: 350px)\"\/><source srcset=\"https:\/\/www.infobae.com\/resizer\/v2\/W424QXGOB5CSVERCQN5XUGJL3Q.JPG?auth=27d073171879b03e8c567098fe06af269707af1ccda993292969bd91f0552495&amp;smart=true&amp;width=350&amp;height=234&amp;quality=85\" media=\"(min-width: 80px)\"\/><img alt=\"La primera ministra danesa, Mette\" class=\"global-image\" decoding=\"async\" fetchpriority=\"high\" height=\"534\" loading=\"eager\" src=\"https:\/\/www.infobae.com\/resizer\/v2\/W424QXGOB5CSVERCQN5XUGJL3Q.JPG?auth=27d073171879b03e8c567098fe06af269707af1ccda993292969bd91f0552495&amp;smart=true&amp;width=350&amp;height=234&amp;quality=85\" width=\"800\"\/><\/picture><figcaption class=\"article-figcaption-img\">La primera ministra danesa, Mette Frederiksen, y el primer ministro groenland\u00e9s, Jens-Frederik Nielsen, asisten a una conferencia de prensa en Copenhague, Dinamarca, el 13 de enero de 2026. REUTERS\/Tom Little\/File Photo<\/figcaption><\/div>\n<p class=\"paragraph\">Los primeros ministros de <b>Dinamarca <\/b>y <b>Groenlandia <\/b>dijeron el martes que visitar\u00edan Berl\u00edn y Par\u00eds para apuntalar el apoyo ante el reciente empuje del presidente de Estados Unidos, Donald Trump, para apoderarse de la isla \u00e1rtica que ha sido territorio dan\u00e9s durante siglos.<\/p>\n<p class=\"paragraph\">La exigencia estadounidense de controlar Groenlandia ha sacudido las relaciones transatl\u00e1nticas y acelerado los esfuerzos europeos para reducir la dependencia de Estados Unidos, incluso cuando Trump retir\u00f3 la semana pasada las amenazas arancelarias y descart\u00f3 tomar Groenlandia por la fuerza.<\/p>\n<p class=\"paragraph\"><b>La danesa Mette Frederiksen y el groenland\u00e9s Jens-Frederik Nielsen se reunir\u00e1n el martes con el canciller alem\u00e1n, Friedrich Merz, y el mi\u00e9rcoles con el presidente franc\u00e9s, Emmanuel Macron<\/b>, seg\u00fan la agenda oficial.<\/p>\n<p class=\"paragraph\">Frederiksen y Nielsen debatir\u00e1n en sus reuniones \u201cla situaci\u00f3n actual de la pol\u00edtica exterior y la <b>necesidad de una Europa m\u00e1s fuerte<\/b>\u201d, seg\u00fan inform\u00f3 la oficina de la primera ministra danesa.<\/p>\n<div class=\"visual__image\"><picture><source srcset=\"https:\/\/www.infobae.com\/resizer\/v2\/YH5DHVEU55DXLFYI5NJSQVUQBI.jpg?auth=2b0c7a7da4c65b718bd39f5a3e9553ce033afab67e77a515c1a526c46dfb2a4c&amp;smart=true&amp;width=992&amp;height=662&amp;quality=85\" media=\"(min-width: 1000px)\"\/><source srcset=\"https:\/\/www.infobae.com\/resizer\/v2\/YH5DHVEU55DXLFYI5NJSQVUQBI.jpg?auth=2b0c7a7da4c65b718bd39f5a3e9553ce033afab67e77a515c1a526c46dfb2a4c&amp;smart=true&amp;width=768&amp;height=512&amp;quality=85\" media=\"(min-width: 768px)\"\/><source srcset=\"https:\/\/www.infobae.com\/resizer\/v2\/YH5DHVEU55DXLFYI5NJSQVUQBI.jpg?auth=2b0c7a7da4c65b718bd39f5a3e9553ce033afab67e77a515c1a526c46dfb2a4c&amp;smart=true&amp;width=577&amp;height=385&amp;quality=85\" media=\"(min-width: 580px)\"\/><source srcset=\"https:\/\/www.infobae.com\/resizer\/v2\/YH5DHVEU55DXLFYI5NJSQVUQBI.jpg?auth=2b0c7a7da4c65b718bd39f5a3e9553ce033afab67e77a515c1a526c46dfb2a4c&amp;smart=true&amp;width=420&amp;height=280&amp;quality=85\" media=\"(min-width: 350px)\"\/><source srcset=\"https:\/\/www.infobae.com\/resizer\/v2\/YH5DHVEU55DXLFYI5NJSQVUQBI.jpg?auth=2b0c7a7da4c65b718bd39f5a3e9553ce033afab67e77a515c1a526c46dfb2a4c&amp;smart=true&amp;width=350&amp;height=234&amp;quality=85\" media=\"(min-width: 80px)\"\/><img alt=\"El presidente franc\u00e9s Emmanuel Macron.\" class=\"global-image\" decoding=\"async\" fetchpriority=\"low\" height=\"1281\" loading=\"lazy\" src=\"https:\/\/www.infobae.com\/resizer\/v2\/YH5DHVEU55DXLFYI5NJSQVUQBI.jpg?auth=2b0c7a7da4c65b718bd39f5a3e9553ce033afab67e77a515c1a526c46dfb2a4c&amp;smart=true&amp;width=350&amp;height=234&amp;quality=85\" width=\"1920\"\/><\/picture><figcaption class=\"article-figcaption-img\">El presidente franc\u00e9s Emmanuel Macron. Europa Press\/Contacto\/PRESIDENT OF UKRAINE<br \/>\n<\/figcaption><\/div>\n<p class=\"paragraph\">Las desavenencias diplom\u00e1ticas entre Dinamarca y Estados Unidos, ambos miembros fundadores de la OTAN, parec\u00edan amenazar en las \u00faltimas semanas el futuro de la alianza militar, aunque desde entonces el conflicto se ha trasladado a la v\u00eda diplom\u00e1tica.<\/p>\n<p class=\"paragraph\">Macron tiene previsto reafirmar la solidaridad europea y el apoyo de Francia a la soberan\u00eda y la integridad territorial de Dinamarca y Groenlandia, seg\u00fan ha informado la oficina del presidente franc\u00e9s en un comunicado.<\/p>\n<p class=\"paragraph\"><b>\u201cLos tres l\u00edderes discutir\u00e1n los desaf\u00edos de seguridad en el \u00c1rtico y el desarrollo econ\u00f3mico y social de Groenlandia, que Francia y la Uni\u00f3n Europea est\u00e1n dispuestos a apoyar\u201d<\/b>, dijo la declaraci\u00f3n del El\u00edseo.<\/p>\n<p class=\"paragraph\">Frederiksen y Nielsen tambi\u00e9n asistir\u00e1n el martes a la Cumbre Econ\u00f3mica Welt en Alemania.<\/p>\n<div class=\"visual__image\"><picture><source srcset=\"https:\/\/www.infobae.com\/resizer\/v2\/ADVCBMWYVZDYHKPWCLPICBJWRY.jpeg?auth=3fc950f3301e5ae636ec27633730e58163a07b99ae7b68d043ff36692268ef0a&amp;smart=true&amp;width=992&amp;height=1204&amp;quality=85\" media=\"(min-width: 1000px)\"\/><source srcset=\"https:\/\/www.infobae.com\/resizer\/v2\/ADVCBMWYVZDYHKPWCLPICBJWRY.jpeg?auth=3fc950f3301e5ae636ec27633730e58163a07b99ae7b68d043ff36692268ef0a&amp;smart=true&amp;width=768&amp;height=932&amp;quality=85\" media=\"(min-width: 768px)\"\/><source srcset=\"https:\/\/www.infobae.com\/resizer\/v2\/ADVCBMWYVZDYHKPWCLPICBJWRY.jpeg?auth=3fc950f3301e5ae636ec27633730e58163a07b99ae7b68d043ff36692268ef0a&amp;smart=true&amp;width=577&amp;height=700&amp;quality=85\" media=\"(min-width: 580px)\"\/><source srcset=\"https:\/\/www.infobae.com\/resizer\/v2\/ADVCBMWYVZDYHKPWCLPICBJWRY.jpeg?auth=3fc950f3301e5ae636ec27633730e58163a07b99ae7b68d043ff36692268ef0a&amp;smart=true&amp;width=420&amp;height=510&amp;quality=85\" media=\"(min-width: 350px)\"\/><source srcset=\"https:\/\/www.infobae.com\/resizer\/v2\/ADVCBMWYVZDYHKPWCLPICBJWRY.jpeg?auth=3fc950f3301e5ae636ec27633730e58163a07b99ae7b68d043ff36692268ef0a&amp;smart=true&amp;width=350&amp;height=425&amp;quality=85\" media=\"(min-width: 80px)\"\/><img alt=\"La regi\u00f3n \u00e1rtica. \" class=\"global-image\" decoding=\"async\" fetchpriority=\"low\" height=\"1600\" loading=\"lazy\" src=\"https:\/\/www.infobae.com\/resizer\/v2\/ADVCBMWYVZDYHKPWCLPICBJWRY.jpeg?auth=3fc950f3301e5ae636ec27633730e58163a07b99ae7b68d043ff36692268ef0a&amp;smart=true&amp;width=350&amp;height=425&amp;quality=85\" width=\"1318\"\/><\/picture><figcaption class=\"article-figcaption-img\">La regi\u00f3n \u00e1rtica. <\/figcaption><\/div>\n<p class=\"paragraph\">Trump hab\u00eda amenazado a principios de este mes con apoderarse de Groenlandia e imponer aranceles a cualquier pa\u00eds europeo \u2014incluyendo Francia, Alemania y Reino Unido\u2014 que se opusiera a \u00e9l.<\/p>\n<p class=\"paragraph\"><b>Trump retrocedi\u00f3 posteriormente ante la amenaza de tomar el territorio tras reunirse la semana pasada con el secretario general de la OTAN, Mark Rutte.<\/b><\/p>\n<p class=\"paragraph\">Trump y Rutte hab\u00edan acordado lo que el l\u00edder estadounidense llam\u00f3 un \u201cmarco\u201d, cuyos detalles no se han revelado.<\/p>\n<p class=\"paragraph\">Trump dijo la semana pasada que hab\u00eda asegurado el acceso total y permanente de Estados Unidos a Groenlandia en un acuerdo con la OTAN, cuyo jefe dijo que los aliados tendr\u00edan que intensificar su compromiso con la seguridad del \u00c1rtico para protegerse de las amenazas de Rusia y China.<\/p>\n<p class=\"paragraph\">Dinamarca y Groenlandia han dicho que pueden discutir una amplia gama de temas con Estados Unidos, pero exigen respeto a sus \u201cl\u00edneas rojas\u201d sobre soberan\u00eda e integridad territorial.<\/p>\n<p class=\"paragraph\"><i>(con informaci\u00f3n de Reuters y AFP)<\/i><\/p>\n<\/div>\n<p><script defer=\"\">try{!function(f,b,e,v,n,t,s) {if(f.fbq)return;n=f.fbq=function(){n.callMethod? n.callMethod.apply(n,arguments):n.queue.push(arguments)}; if(!f._fbq)f._fbq=n;n.push=n;n.loaded=!0;n.version='2.0'; n.queue=[];t=b.createElement(e);t.async=!0; t.src=v;s=b.getElementsByTagName(e)[0]; s.parentNode.insertBefore(t,s)}(window, document,'script', ' fbq('init', '336383993555320'); fbq('track', 'PageView'); fbq('track', 'ViewContent');}catch(error){console.log(\"Error al inicializar facebookPixelRawCodeScript:\",error);}<\/script><\/p>\n","protected":false},"excerpt":{"rendered":"<p>La primera ministra danesa, Mette Frederiksen, y el primer ministro groenland\u00e9s, Jens-Frederik Nielsen, asisten a una conferencia de prensa en Copenhague, Dinamarca, el 13 de enero de 2026. REUTERS\/Tom Little\/File Photo Los primeros ministros de Dinamarca y Groenlandia dijeron el martes que visitar\u00edan Berl\u00edn y Par\u00eds para apuntalar el apoyo ante el reciente empuje del [&hellip;]<\/p>\n","protected":false},"author":2,"featured_media":74902,"comment_status":"","ping_status":"","sticky":false,"template":"","format":"standard","meta":{"footnotes":""},"categories":[3],"tags":[],"_links":{"self":[{"href":"https:\/\/maxradio923.com.ar\/index.php\/wp-json\/wp\/v2\/posts\/74901"}],"collection":[{"href":"https:\/\/maxradio923.com.ar\/index.php\/wp-json\/wp\/v2\/posts"}],"about":[{"href":"https:\/\/maxradio923.com.ar\/index.php\/wp-json\/wp\/v2\/types\/post"}],"author":[{"embeddable":true,"href":"https:\/\/maxradio923.com.ar\/index.php\/wp-json\/wp\/v2\/users\/2"}],"replies":[{"embeddable":true,"href":"https:\/\/maxradio923.com.ar\/index.php\/wp-json\/wp\/v2\/comments?post=74901"}],"version-history":[{"count":0,"href":"https:\/\/maxradio923.com.ar\/index.php\/wp-json\/wp\/v2\/posts\/74901\/revisions"}],"wp:featuredmedia":[{"embeddable":true,"href":"https:\/\/maxradio923.com.ar\/index.php\/wp-json\/wp\/v2\/media\/74902"}],"wp:attachment":[{"href":"https:\/\/maxradio923.com.ar\/index.php\/wp-json\/wp\/v2\/media?parent=74901"}],"wp:term":[{"taxonomy":"category","embeddable":true,"href":"https:\/\/maxradio923.com.ar\/index.php\/wp-json\/wp\/v2\/categories?post=74901"},{"taxonomy":"post_tag","embeddable":true,"href":"https:\/\/maxradio923.com.ar\/index.php\/wp-json\/wp\/v2\/tags?post=74901"}],"curies":[{"name":"wp","href":"https:\/\/api.w.org\/{rel}","templated":true}]}}