{"id":74897,"date":"2026-01-27T08:43:02","date_gmt":"2026-01-27T11:43:02","guid":{"rendered":"https:\/\/maxradio923.com.ar\/index.php\/2026\/01\/27\/la-tercera-etapa-de-la-vuelta-a-san-juan-fue-para-mauricio-dominguez\/"},"modified":"2026-01-27T08:43:02","modified_gmt":"2026-01-27T11:43:02","slug":"la-tercera-etapa-de-la-vuelta-a-san-juan-fue-para-mauricio-dominguez","status":"publish","type":"post","link":"https:\/\/maxradio923.com.ar\/index.php\/2026\/01\/27\/la-tercera-etapa-de-la-vuelta-a-san-juan-fue-para-mauricio-dominguez\/","title":{"rendered":"La tercera etapa de la Vuelta a San Juan fue para Mauricio Dom\u00ednguez"},"content":{"rendered":"<p><\/p>\n<div>\n<p align=\"justify\"><span style=\"font-family: Calibri, sans-serif;\">El aire que llegaba del sur, el cielo con algunas nubes y 30 grados de temperatura se conjugaron para que el clima jugara un poco m\u00e1s a favor que d\u00edas anteriores a los 116 ciclistas que llegaron a Pocito para disputar la tercera etapa de la <b>Vuelta a San Juan en su edici\u00f3n 41<\/b>.<\/span><\/p>\n<p align=\"justify\"><span style=\"font-family: Calibri, sans-serif;\">La largada fue en Calle 5 y Vidart a las 15:36 horas. El circuito, de 34,3 km lo recorrieron en cuatro oportunidades, transitando Calle 5 al este hasta calle Mendoza, al sur por Av. Joaqu\u00edn U\u00f1ac hasta Calle 14, al oeste hasta calle Aberastain, al norte hasta Calle 11, al oeste hasta calle Chacabuco, al norte hasta Calle 5, al este hasta L\u00ednea de Meta en cruce con calle Vidart.<\/span><\/p>\n<p align=\"justify\"><span style=\"font-family: Calibri, sans-serif;\">Leandro Velardez (Municipalidad de Pocito) y Jos\u00e9 Luis Rodr\u00edguez Aguilar (Selecci\u00f3n de Chile) se fugaron apenas largada la carrera y tuvieron 38 segundos de ventaja sobre el pelot\u00f3n. Luego de veinte minutos de competencia, Rodr\u00edguez no pudo seguir el ritmo y Velardez sigui\u00f3 solo, llev\u00e1ndose la primera Pasada Especial pasando Aberastain y Calle 12. A los poco metros fue alcanzado por cinco ciclistas.<\/span><\/p>\n<p><span style=\"font-family: Calibri, sans-serif;\">La primera Meta Sprint en la L\u00ednea de Meta al cumplir el primer giro (35km) fue para Gerardo Tivani (Municipalidad de Pocito), en el d\u00eda de su cumplea\u00f1os (tres segundos de bonificaci\u00f3n); segundo Rub\u00e9n Ramos (Municipalidad de Chimbas) (dos segundos bonificados) y tercero Leandro Velardez (Municipalidad de Pocito) (un segundo de bonificaci\u00f3n) y a pocos metros, el pelot\u00f3n alcanz\u00f3 a los fugados y volvieron a estar todos juntos en la ruta.<\/span><\/p>\n<p align=\"justify\"><span style=\"font-family: Calibri, sans-serif;\">La Pasada Especial 2 fue en el segundo giro, a los 53 km en Av. U\u00f1ac y calle 11, qued\u00e1ndose con el premio el chileno Mart\u00edn Mancilla Labrin (Stamina Racing), quien prevaleci\u00f3 sobre los 27 pedalistas que se hab\u00edan separado del pelot\u00f3n mayoritario con un minuto de luz.<\/span><\/p>\n<p align=\"justify\"><span style=\"font-family: Calibri, sans-serif;\">La tercera y \u00faltima Pasada Especial en Avenida U\u00f1ac y Granaderos, Villa Nacusi fue ganada por el chileno Jacob De Car (Stamina). A esa altura, el grupo de vanguardia acumulaba 2m23s sobre el pelot\u00f3n donde marchaba Nicol\u00e1s Tivani, el l\u00edder de la general.<\/span><\/p>\n<p align=\"justify\"><span style=\"font-family: Calibri, sans-serif;\">Cuando se hab\u00edan cumplido 105 kil\u00f3metros y al cerrar el tercer giro, se realiz\u00f3 la Segunda Meta Sprint, llev\u00e1ndose los tres segundos de bonificaci\u00f3n Leonardo Cobarrubia (SEP San Juan); segundo fue Mat\u00edas Balmaceda (Fuerza Activa), con dos segundos de bonificaci\u00f3n; tercero se ubic\u00f3 Juli\u00e1n Barrientos (Municipalidad de Chimbas) con 1 segundo de bonificaci\u00f3n. <\/span><\/p>\n<p align=\"justify\"><span style=\"font-family: Calibri, sans-serif;\">En el \u00faltimo giro, con 35 kil\u00f3metros por recorrer, el pelot\u00f3n comenz\u00f3 a acortar distancia y all\u00ed el equipo de la Municipalidad de Pocito trabajaba para llevar adelante a Nico Tivani. Cuando faltaban 20 km, tres hombres pusieron distancia: Mauricio Dom\u00ednguez (Municipalidad de Santa Luc\u00eda), el hondure\u00f1o Fredd Matute Baca (HYF Liro) y Emiliano P\u00e9rez (Diberbool).<\/span><\/p>\n<p align=\"justify\"><span style=\"font-family: Calibri, sans-serif;\">Entre los tres se dio el embalaje final y fue Mauricio Dom\u00ednguez (Municipalidad de Santa Luc\u00eda) el que se adue\u00f1o de la etapa con cierta tranquilidad, la que le permiti\u00f3 levantar los brazos con anticipaci\u00f3n para festejar la victoria; el segundo lugar fue para <\/span><span style=\"font-family: Calibri, sans-serif;\">Emiliano P\u00e9rez (Diberbool) <\/span><span style=\"font-family: Calibri, sans-serif;\">y qued\u00f3 tercero <\/span><span style=\"font-family: Calibri, sans-serif;\">Fredd Matute Baca (HYF Liro <\/span><span style=\"font-family: Calibri, sans-serif;\">Recovery Sport<\/span><span style=\"font-family: Calibri, sans-serif;\">), <\/span><span style=\"font-family: Calibri, sans-serif;\">finalizando los 140 km en 3h05m24s. <\/span><span style=\"font-family: Calibri, sans-serif;\">A la cabeza del pelot\u00f3n y en el cuarto puesto qued\u00f3 Francisco Kotsakis (Chile) &#8211; (Plus Racing); quinto fue Hugo Vel\u00e1zquez (Fundaci\u00f3n Emanuel Salda\u00f1o).<\/span><\/p>\n<p align=\"justify\"><span style=\"font-family: Calibri, sans-serif;\">Nacido en Tamber\u00edas, Calingasta, <\/span><span style=\"font-family: Calibri, sans-serif;\"><b>Mauricio Dom\u00ednguez<\/b><\/span><span style=\"font-family: Calibri, sans-serif;\">, ganador de la etapa reflexion\u00f3 sobre lo acontecido en Pocito: \u201cLa verdad que muy feliz de regalarle un triunfo a esta gente linda que est\u00e1 detr\u00e1s m\u00edo. No lo puedo creer todav\u00eda porque lo ven\u00edamos buscando con el equipo, ayer se nos dio. Vamos haciendo las cosas bien, d\u00eda a d\u00eda y disfrutando del buen momento que estamos pasando con el equipo\u201d. <\/span><\/p>\n<p align=\"justify\"><span style=\"font-family: Calibri, sans-serif;\">\u00bfEsperaron que la carrera fuera as\u00ed de r\u00e1pida e intensa? <\/span><\/p>\n<p align=\"justify\">\u201c<span style=\"font-family: Calibri, sans-serif;\">Siempre esperamos que sea as\u00ed de r\u00e1pida e intensa en la Vuelta porque la verdad que creo que cada ciclista se prepara para esto, para dar lo mejor de s\u00ed y cada uno da lo mejor de s\u00ed para llegar en el mejor momento\u201d. <\/span><\/p>\n<p align=\"justify\"><span style=\"font-family: Calibri, sans-serif;\">\u00bfRecord\u00e1s en qu\u00e9 momento de la carrera lograste desprenderte del grupo y escaparte? <\/span><\/p>\n<p align=\"justify\">\u201c<span style=\"font-family: Calibri, sans-serif;\">Se hizo un grupo grande creo que fue en la segunda vuelta y despu\u00e9s, faltando medio giro creo, se hizo la fuga de tres y nos pudimos poner de acuerdo juntos los tres y darle hasta las raya de llegada\u201d. <\/span><\/p>\n<p align=\"justify\">Contanos desde cu\u00e1ndo ven\u00eds preparando esta Vuelta a San Juan.<\/p>\n<p align=\"justify\">\u201c<span style=\"font-family: Calibri, sans-serif;\">La verdad que siempre quise prepararla, siempre me lo pongo como objetivo, llegar bien a la Vuelta porque es la Vuelta de nosotros y quiero llegar bien. Con mi entrenador despu\u00e9s de la pista me lo propuse y tratamos de llegar de la mejor manera ac\u00e1\u201d.<\/span><\/p>\n<p align=\"justify\">\u00bfQu\u00e9 estar\u00e1 pensando la gente de Tamber\u00edas?<\/p>\n<p align=\"justify\">\u201c<span style=\"font-family: Calibri, sans-serif;\">Estar\u00e1 muy feliz porque la verdad que ellos saben del esfuerzo que hago porque a veces nos juntamos a comer algo y yo me voy a acostar temprano o cosas as\u00ed, siempre lo dejo de lado por as\u00ed decirlo, pero trato de disfrutar de la mejor manera cuando cuando voy a Calingasta porque la verdad que es una gente linda que me hace llegar su amor\u201d. <\/span><\/p>\n<p align=\"left\"><span style=\"font-family: Calibri, sans-serif;\"><b>Vuelta a San Juan 2026 &#8211; Etapa 3 <\/b><\/span><\/p>\n<p align=\"left\"><span style=\"font-family: Calibri, sans-serif;\"><b>Premiaci\u00f3n en el podio: <\/b><\/span><\/p>\n<p>Etapa <span style=\"font-family: Calibri, sans-serif;\"\/><\/p>\n<p>1<span style=\"font-family: Calibri, sans-serif;\">\u00ba<\/span><span style=\"font-family: Calibri, sans-serif;\">) Mauricio Dom\u00ednguez <\/span><span style=\"font-family: Calibri, sans-serif;\">(Argentina)<\/span><span style=\"font-family: Calibri, sans-serif;\"> &#8211; Municipalidad de Santa Luc\u00eda \/ Gremios<\/span><\/p>\n<p>2<span style=\"font-family: Calibri, sans-serif;\">\u00ba<\/span><span style=\"font-family: Calibri, sans-serif;\">) Emiliano P\u00e9rez <\/span><span style=\"font-family: Calibri, sans-serif;\">(Argentino)<\/span><span style=\"font-family: Calibri, sans-serif;\"> &#8211; Diberbool <\/span><\/p>\n<p>3<span style=\"font-family: Calibri, sans-serif;\">\u00ba<\/span><span style=\"font-family: Calibri, sans-serif;\">) Fred<\/span><span style=\"font-family: Calibri, sans-serif;\">d<\/span><span style=\"font-family: Calibri, sans-serif;\"> Matute Baca <\/span><span style=\"font-family: Calibri, sans-serif;\">(Honduras)<\/span><span style=\"font-family: Calibri, sans-serif;\"> &#8211; HyF Liro Recovery Sport <\/span><span style=\"font-family: Calibri, sans-serif;\">(Colombia)<\/span><span style=\"font-family: Calibri, sans-serif;\"\/><\/p>\n<p><span style=\"font-family: Calibri, sans-serif;\"><b>General individual<\/b><\/span><span style=\"font-family: Calibri, sans-serif;\"><br \/>1<\/span><span style=\"font-family: Calibri, sans-serif;\">\u00ba<\/span><span style=\"font-family: Calibri, sans-serif;\">) Nicol\u00e1s Tivani <\/span><span style=\"font-family: Calibri, sans-serif;\">(Argentina)<\/span><span style=\"font-family: Calibri, sans-serif;\"> &#8211; Municipalidad de Pocito<\/span><\/p>\n<p><span style=\"font-family: Calibri, sans-serif;\"><b>General Sub 23<\/b><\/span><span style=\"font-family: Calibri, sans-serif;\"><br \/>1<\/span><span style=\"font-family: Calibri, sans-serif;\">\u00ba<\/span><span style=\"font-family: Calibri, sans-serif;\">) Mart\u00edn Mancilla Labrin <\/span><span style=\"font-family: Calibri, sans-serif;\">(Chile)<\/span><span style=\"font-family: Calibri, sans-serif;\"> &#8211; Stamina Racing <\/span><span style=\"font-family: Calibri, sans-serif;\">(Chile)<\/span><span style=\"font-family: Calibri, sans-serif;\"\/><\/p>\n<p><span style=\"font-family: Calibri, sans-serif;\"><b>Mejor sanjuanino<\/b><\/span><span style=\"font-family: Calibri, sans-serif;\"> <br \/>1<\/span><span style=\"font-family: Calibri, sans-serif;\">\u00ba<\/span><span style=\"font-family: Calibri, sans-serif;\">) Nicol\u00e1s Tivani <\/span><span style=\"font-family: Calibri, sans-serif;\">(Argentina)<\/span><span style=\"font-family: Calibri, sans-serif;\"> &#8211; Municipalidad de Pocito <\/span><\/p>\n<p><span style=\"font-family: Calibri, sans-serif;\"><b>General Meta de Monta\u00f1a<\/b><\/span><span style=\"font-family: Calibri, sans-serif;\"><br \/>1<\/span><span style=\"font-family: Calibri, sans-serif;\">\u00ba<\/span><span style=\"font-family: Calibri, sans-serif;\">) Tom\u00e1s Moyano <\/span><span style=\"font-family: Calibri, sans-serif;\">(Argentina)<\/span><span style=\"font-family: Calibri, sans-serif;\"> &#8211; Municipalidad de Santa Luc\u00eda \/ Gremios <\/span><\/p>\n<p><span style=\"font-family: Calibri, sans-serif;\"><b>General Meta Sprint <\/b><\/span><span style=\"font-family: Calibri, sans-serif;\"><br \/>1<\/span><span style=\"font-family: Calibri, sans-serif;\">\u00ba<\/span><span style=\"font-family: Calibri, sans-serif;\">) Leandro Velardez <\/span><span style=\"font-family: Calibri, sans-serif;\">(Argentina)<\/span><span style=\"font-family: Calibri, sans-serif;\"> &#8211; Municipalidad de Pocito<\/span><\/p>\n<p align=\"left\"><span style=\"font-family: Calibri, sans-serif;\">L<\/span><span style=\"font-family: Calibri, sans-serif;\">a tercera etapa se disputar\u00e1 este martes con la prueba contra reloj, teniendo como punto de partida Av. Jos\u00e9 Ignacio de la Roza y Monse\u00f1or Gallardo, en Zonda, a las 15.30 hs y arribando al mirador de Punta Negra, totalizando 12,5 km.<\/span><\/p>\n<\/p><\/div>\n<p><script async defer crossorigin=\"anonymous\" src=\"https:\/\/connect.facebook.net\/es_ES\/sdk.js#xfbml=1&#038;version=v3.3\"><\/script><\/p>\n","protected":false},"excerpt":{"rendered":"<p>El aire que llegaba del sur, el cielo con algunas nubes y 30 grados de temperatura se conjugaron para que el clima jugara un poco m\u00e1s a favor que d\u00edas anteriores a los 116 ciclistas que llegaron a Pocito para disputar la tercera etapa de la Vuelta a San Juan en su edici\u00f3n 41. La [&hellip;]<\/p>\n","protected":false},"author":2,"featured_media":74898,"comment_status":"","ping_status":"","sticky":false,"template":"","format":"standard","meta":{"footnotes":""},"categories":[8],"tags":[],"_links":{"self":[{"href":"https:\/\/maxradio923.com.ar\/index.php\/wp-json\/wp\/v2\/posts\/74897"}],"collection":[{"href":"https:\/\/maxradio923.com.ar\/index.php\/wp-json\/wp\/v2\/posts"}],"about":[{"href":"https:\/\/maxradio923.com.ar\/index.php\/wp-json\/wp\/v2\/types\/post"}],"author":[{"embeddable":true,"href":"https:\/\/maxradio923.com.ar\/index.php\/wp-json\/wp\/v2\/users\/2"}],"replies":[{"embeddable":true,"href":"https:\/\/maxradio923.com.ar\/index.php\/wp-json\/wp\/v2\/comments?post=74897"}],"version-history":[{"count":0,"href":"https:\/\/maxradio923.com.ar\/index.php\/wp-json\/wp\/v2\/posts\/74897\/revisions"}],"wp:featuredmedia":[{"embeddable":true,"href":"https:\/\/maxradio923.com.ar\/index.php\/wp-json\/wp\/v2\/media\/74898"}],"wp:attachment":[{"href":"https:\/\/maxradio923.com.ar\/index.php\/wp-json\/wp\/v2\/media?parent=74897"}],"wp:term":[{"taxonomy":"category","embeddable":true,"href":"https:\/\/maxradio923.com.ar\/index.php\/wp-json\/wp\/v2\/categories?post=74897"},{"taxonomy":"post_tag","embeddable":true,"href":"https:\/\/maxradio923.com.ar\/index.php\/wp-json\/wp\/v2\/tags?post=74897"}],"curies":[{"name":"wp","href":"https:\/\/api.w.org\/{rel}","templated":true}]}}