{"id":74895,"date":"2026-01-27T08:40:20","date_gmt":"2026-01-27T11:40:20","guid":{"rendered":"https:\/\/maxradio923.com.ar\/index.php\/2026\/01\/27\/el-pedido-que-realizo-facundo-arana-en-medio-de-su-separacion-de-maria-susini\/"},"modified":"2026-01-27T08:40:20","modified_gmt":"2026-01-27T11:40:20","slug":"el-pedido-que-realizo-facundo-arana-en-medio-de-su-separacion-de-maria-susini","status":"publish","type":"post","link":"https:\/\/maxradio923.com.ar\/index.php\/2026\/01\/27\/el-pedido-que-realizo-facundo-arana-en-medio-de-su-separacion-de-maria-susini\/","title":{"rendered":"El pedido que realiz\u00f3 Facundo Arana en medio de su separaci\u00f3n de Mar\u00eda Susini"},"content":{"rendered":"<p><\/p>\n<h2 class=\"article-subheadline text_align_left\">El actor habl\u00f3 por primera vez en p\u00fablico desde que comenzaron los rumores y se refiri\u00f3 a la situaci\u00f3n que vive con la madre de sus tres hijos<\/h2>\n<p><\/p>\n<p class=\"paragraph\"><b>Facundo Arana<\/b> realiz\u00f3 sus primeras <b>declaraciones p\u00fablicas<\/b> en <b>Mar del Plata<\/b> tras la confirmaci\u00f3n de su <b>separaci\u00f3n<\/b> de <b>Mar\u00eda Susini<\/b>. El actor, en di\u00e1logo con los medios, expres\u00f3 su agradecimiento por el trato recibido y subray\u00f3 la importancia de que se respete la intimidad de su familia.<\/p>\n<p><\/p>\n<p class=\"paragraph\">Sobre el \u00e1nimo de su c\u00edrculo cercano, el actor indic\u00f3: <b>\u201cY agradecer las muestras de amor que recibimos, que fueron infinitas, y estamos muy agradecidos por eso\u201d.<\/b> <\/p>\n<p><\/p>\n<p class=\"paragraph\">Arana aprovech\u00f3 la ocasi\u00f3n para realizar una solicitud especial a la prensa. <b>\u201cY si puedo pedirles un favor muy especial, es que no me pregunten m\u00e1s nada porque lo que les estoy diciendo ahora lo pens\u00e9 much\u00edsimo. De verdad, much\u00edsimas gracias, sobre todo por el respeto y el amor con que nos tratan\u201d<\/b>, concluy\u00f3 el actor.<\/p>\n<p><\/p>\n<p class=\"paragraph\">La confirmaci\u00f3n de la separaci\u00f3n entre Facundo Arana y Mar\u00eda Susini, luego de 19 a\u00f1os de relaci\u00f3n y <b>tres hijos<\/b> en com\u00fan, se dio tras varios rumores y fue abordada p\u00fablicamente tanto por el actor como por \u00c1ngel de Brito. Tras conversar extensamente con Arana, pudo corroborar que la pareja atraves\u00f3 una crisis que llevaba mucho tiempo. <b>Adem\u00e1s, aclar\u00f3 que la decisi\u00f3n de separarse no es reciente, sino la conclusi\u00f3n de un proceso prolongado y manejado con reserva.<\/b><\/p>\n<p><\/p>\n<p class=\"paragraph\">De Brito traslad\u00f3 la postura clara del actor: <b>\u201cNo hay terceros, no hay conflicto ni odios, y el objetivo compartido es sostener la armon\u00eda familiar\u201d.<\/b> Ambos contin\u00faan priorizando el bienestar de sus hijos y mantienen una convivencia orientada a la <b>crianza conjunta<\/b>.<\/p>\n<p><\/p>\n<p class=\"paragraph\">Actualmente, la familia permanece en Mar del Plata, donde Arana alterna entre la m\u00fasica, el teatro y la vida cotidiana. En este contexto, el actor manifest\u00f3 su deseo de recuperar la calma y trabajar para fortalecer los lazos familiares.<\/p>\n","protected":false},"excerpt":{"rendered":"<p>El actor habl\u00f3 por primera vez en p\u00fablico desde que comenzaron los rumores y se refiri\u00f3 a la situaci\u00f3n que vive con la madre de sus tres hijos Facundo Arana realiz\u00f3 sus primeras declaraciones p\u00fablicas en Mar del Plata tras la confirmaci\u00f3n de su separaci\u00f3n de Mar\u00eda Susini. El actor, en di\u00e1logo con los medios, [&hellip;]<\/p>\n","protected":false},"author":2,"featured_media":74896,"comment_status":"","ping_status":"","sticky":false,"template":"","format":"standard","meta":{"footnotes":""},"categories":[12],"tags":[],"_links":{"self":[{"href":"https:\/\/maxradio923.com.ar\/index.php\/wp-json\/wp\/v2\/posts\/74895"}],"collection":[{"href":"https:\/\/maxradio923.com.ar\/index.php\/wp-json\/wp\/v2\/posts"}],"about":[{"href":"https:\/\/maxradio923.com.ar\/index.php\/wp-json\/wp\/v2\/types\/post"}],"author":[{"embeddable":true,"href":"https:\/\/maxradio923.com.ar\/index.php\/wp-json\/wp\/v2\/users\/2"}],"replies":[{"embeddable":true,"href":"https:\/\/maxradio923.com.ar\/index.php\/wp-json\/wp\/v2\/comments?post=74895"}],"version-history":[{"count":0,"href":"https:\/\/maxradio923.com.ar\/index.php\/wp-json\/wp\/v2\/posts\/74895\/revisions"}],"wp:featuredmedia":[{"embeddable":true,"href":"https:\/\/maxradio923.com.ar\/index.php\/wp-json\/wp\/v2\/media\/74896"}],"wp:attachment":[{"href":"https:\/\/maxradio923.com.ar\/index.php\/wp-json\/wp\/v2\/media?parent=74895"}],"wp:term":[{"taxonomy":"category","embeddable":true,"href":"https:\/\/maxradio923.com.ar\/index.php\/wp-json\/wp\/v2\/categories?post=74895"},{"taxonomy":"post_tag","embeddable":true,"href":"https:\/\/maxradio923.com.ar\/index.php\/wp-json\/wp\/v2\/tags?post=74895"}],"curies":[{"name":"wp","href":"https:\/\/api.w.org\/{rel}","templated":true}]}}