{"id":74889,"date":"2026-01-27T07:54:03","date_gmt":"2026-01-27T10:54:03","guid":{"rendered":"https:\/\/maxradio923.com.ar\/index.php\/2026\/01\/27\/la-historia-de-la-mujer-que-nacio-en-un-campo-de-concentracion-y-hoy-es-una-de-las-sobrevivientes-mas-jovenes-del-holocausto\/"},"modified":"2026-01-27T07:54:03","modified_gmt":"2026-01-27T10:54:03","slug":"la-historia-de-la-mujer-que-nacio-en-un-campo-de-concentracion-y-hoy-es-una-de-las-sobrevivientes-mas-jovenes-del-holocausto","status":"publish","type":"post","link":"https:\/\/maxradio923.com.ar\/index.php\/2026\/01\/27\/la-historia-de-la-mujer-que-nacio-en-un-campo-de-concentracion-y-hoy-es-una-de-las-sobrevivientes-mas-jovenes-del-holocausto\/","title":{"rendered":"La historia de la mujer que naci\u00f3 en un campo de concentraci\u00f3n y hoy es una de las sobrevivientes m\u00e1s j\u00f3venes del Holocausto"},"content":{"rendered":"<p><\/p>\n<div xmlns:default=\"http:\/\/www.w3.org\/2000\/svg\">\n<div class=\"visual__image image-initial-width\"><picture><source srcset=\"https:\/\/www.infobae.com\/resizer\/v2\/X5A3CNIIARGIXKVVC7VRLDFFFE.jpg?auth=a5b72f5e40db6261aa71f404e170c94922f092a9acce4336fd30db42f9e30c50&amp;smart=true&amp;width=992&amp;height=661&amp;quality=85\" media=\"(min-width: 1000px)\"\/><source srcset=\"https:\/\/www.infobae.com\/resizer\/v2\/X5A3CNIIARGIXKVVC7VRLDFFFE.jpg?auth=a5b72f5e40db6261aa71f404e170c94922f092a9acce4336fd30db42f9e30c50&amp;smart=true&amp;width=768&amp;height=512&amp;quality=85\" media=\"(min-width: 768px)\"\/><source srcset=\"https:\/\/www.infobae.com\/resizer\/v2\/X5A3CNIIARGIXKVVC7VRLDFFFE.jpg?auth=a5b72f5e40db6261aa71f404e170c94922f092a9acce4336fd30db42f9e30c50&amp;smart=true&amp;width=577&amp;height=385&amp;quality=85\" media=\"(min-width: 580px)\"\/><source srcset=\"https:\/\/www.infobae.com\/resizer\/v2\/X5A3CNIIARGIXKVVC7VRLDFFFE.jpg?auth=a5b72f5e40db6261aa71f404e170c94922f092a9acce4336fd30db42f9e30c50&amp;smart=true&amp;width=420&amp;height=280&amp;quality=85\" media=\"(min-width: 350px)\"\/><source srcset=\"https:\/\/www.infobae.com\/resizer\/v2\/X5A3CNIIARGIXKVVC7VRLDFFFE.jpg?auth=a5b72f5e40db6261aa71f404e170c94922f092a9acce4336fd30db42f9e30c50&amp;smart=true&amp;width=350&amp;height=233&amp;quality=85\" media=\"(min-width: 80px)\"\/><img alt=\"Ilana Shalem-Kantorowics, sobreviviente del Holocausto\" class=\"global-image\" decoding=\"async\" fetchpriority=\"high\" height=\"1280\" loading=\"eager\" src=\"https:\/\/www.infobae.com\/resizer\/v2\/X5A3CNIIARGIXKVVC7VRLDFFFE.jpg?auth=a5b72f5e40db6261aa71f404e170c94922f092a9acce4336fd30db42f9e30c50&amp;smart=true&amp;width=350&amp;height=233&amp;quality=85\" width=\"1920\"\/><\/picture><figcaption class=\"article-figcaption-img\">Ilana Shalem-Kantorowics, sobreviviente del Holocausto nacida en el campo de concentraci\u00f3n nazi de Bergen-Belsen, sostiene una foto de ella con su madre Lola en el campo en 1946, en Tel Aviv, Israel, el 26 de enero de 2026. (Foto AP\/Ariel Schalit)<\/figcaption><\/div>\n<p class=\"paragraph\">En los \u00faltimos meses de la Segunda Guerra Mundial,<b> Lola Kantorowicz<\/b> hizo todo lo posible por ocultar su embarazo. Lo logr\u00f3 porque la mayor\u00eda de las prisioneras del campo de concentraci\u00f3n de Bergen-Belsen ten\u00edan el vientre hinchado y distendido por la inanici\u00f3n prolongada.<\/p>\n<p class=\"paragraph\">Cuando entr\u00f3 en labor de parto en marzo de 1945, los rusos avanzaban por Alemania y Bergen-Belsen era un caos. <b>Su hija, Ilana, naci\u00f3 el 19 de marzo, 30 d\u00edas antes de que los brit\u00e1nicos liberaran el campo<\/b>.<\/p>\n<p class=\"paragraph\">Ilana Kantorowicz Shalem, de 81 a\u00f1os, es una de las sobrevivientes m\u00e1s j\u00f3venes del Holocausto.<b> Sobrevivi\u00f3 solo porque naci\u00f3 cuando el liderazgo nazi estaba desorganizado al final de la guerra<\/b>. De lo contrario, seguramente la habr\u00edan asesinado.<\/p>\n<p class=\"paragraph\">M\u00e1s de ocho d\u00e9cadas despu\u00e9s del final del Holocausto, Shalem comparte su historia \u2014y la de su madre\u2014 por primera vez, d\u00e1ndose cuenta de<b> cu\u00e1n pocos sobrevivientes del Holocausto quedan<\/b>.<\/p>\n<p class=\"paragraph\">El D\u00eda Internacional de Conmemoraci\u00f3n del Holocausto se celebra en todo el mundo el 27 de enero, aniversario de la liberaci\u00f3n de <b>Auschwitz-Birkenau<\/b>, el m\u00e1s infame de los campos de exterminio, donde <b>fueron asesinadas alrededor de 1,1 millones de personas<\/b>, la mayor\u00eda jud\u00edas. La Asamblea General de la ONU adopt\u00f3 una resoluci\u00f3n en 2005 que estableci\u00f3 el d\u00eda como conmemoraci\u00f3n anual.<\/p>\n<div class=\"visual__image\"><picture><source srcset=\"https:\/\/www.infobae.com\/resizer\/v2\/LZ3KQMN4C5EO3POD33Y755BNQ4.jpg?auth=f91fec014c875cdb662c62650188a11586b7dc1a887d6fcf279eb1b265c65000&amp;smart=true&amp;width=992&amp;height=661&amp;quality=85\" media=\"(min-width: 1000px)\"\/><source srcset=\"https:\/\/www.infobae.com\/resizer\/v2\/LZ3KQMN4C5EO3POD33Y755BNQ4.jpg?auth=f91fec014c875cdb662c62650188a11586b7dc1a887d6fcf279eb1b265c65000&amp;smart=true&amp;width=768&amp;height=512&amp;quality=85\" media=\"(min-width: 768px)\"\/><source srcset=\"https:\/\/www.infobae.com\/resizer\/v2\/LZ3KQMN4C5EO3POD33Y755BNQ4.jpg?auth=f91fec014c875cdb662c62650188a11586b7dc1a887d6fcf279eb1b265c65000&amp;smart=true&amp;width=577&amp;height=385&amp;quality=85\" media=\"(min-width: 580px)\"\/><source srcset=\"https:\/\/www.infobae.com\/resizer\/v2\/LZ3KQMN4C5EO3POD33Y755BNQ4.jpg?auth=f91fec014c875cdb662c62650188a11586b7dc1a887d6fcf279eb1b265c65000&amp;smart=true&amp;width=420&amp;height=280&amp;quality=85\" media=\"(min-width: 350px)\"\/><source srcset=\"https:\/\/www.infobae.com\/resizer\/v2\/LZ3KQMN4C5EO3POD33Y755BNQ4.jpg?auth=f91fec014c875cdb662c62650188a11586b7dc1a887d6fcf279eb1b265c65000&amp;smart=true&amp;width=350&amp;height=233&amp;quality=85\" media=\"(min-width: 80px)\"\/><img alt=\"Ilana Shalem-Kantorowics, sobreviviente del Holocausto\" class=\"global-image\" decoding=\"async\" fetchpriority=\"low\" height=\"1280\" loading=\"lazy\" src=\"https:\/\/www.infobae.com\/resizer\/v2\/LZ3KQMN4C5EO3POD33Y755BNQ4.jpg?auth=f91fec014c875cdb662c62650188a11586b7dc1a887d6fcf279eb1b265c65000&amp;smart=true&amp;width=350&amp;height=233&amp;quality=85\" width=\"1920\"\/><\/picture><figcaption class=\"article-figcaption-img\">Ilana Shalem-Kantorowics, sobreviviente del Holocausto y nacida en el campo de concentraci\u00f3n nazi de Bergen-Belsen, sostiene una foto suya con su madre Lola tomada en el campo en 1946, en Tel Aviv, Israel, el 26 de enero de 2026. (Foto AP\/Ariel Schalit)<\/figcaption><\/div>\n<p class=\"paragraph\">Aproximadamente 6 millones de jud\u00edos europeos y millones de otras personas, incluyendo polacos, roman\u00edes, personas con discapacidad y personas LGBTQ+, fueron asesinados por los nazis y sus colaboradores. <b>Alrededor de 1,5 millones eran ni\u00f1os<\/b>.<\/p>\n<p class=\"paragraph\">Las conmemoraciones de este a\u00f1o se llevan a cabo en medio de un aumento del antisemitismo que gan\u00f3 fuerza durante la guerra de dos a\u00f1os entre Israel y Ham\u00e1s en Gaza.<\/p>\n<p class=\"paragraph\">Los padres de Shalem se conocieron en su adolescencia en el gueto de Tomaszow, Polonia. Lola Rosenblum era de la ciudad, mientras que Hersz (Zvi) Abraham Kantorowicz fue trasladado al gueto desde Lodz, Polonia.<\/p>\n<p class=\"paragraph\">Despu\u00e9s de pasar varios a\u00f1os en el gueto bajo duras condiciones de trabajo, incluyendo la p\u00e9rdida de miembros de su familia, fueron trasladados a varios campos de trabajo, donde pudieron seguir reuni\u00e9ndose clandestinamente durante varios meses.<\/p>\n<p class=\"paragraph\"><b>\u201cMi madre dec\u00eda que en realidad hab\u00eda mucho amor en esos lugares\u201d<\/b>, record\u00f3 Shalem sobre los campos de trabajo. <b>\u201cSol\u00edan caminar junto al r\u00edo. Hab\u00eda romance\u201d.<\/b><\/p>\n<p class=\"paragraph\">Los amigos de su madre sol\u00edan ayudar a organizar reuniones secretas entre ambos, quienes se hab\u00edan casado en una ceremonia informal en el gueto.<\/p>\n<div class=\"visual__image\"><picture><source srcset=\"https:\/\/www.infobae.com\/resizer\/v2\/IZLOQGG3OVBEBFDWDTYIL3FYNM.jpg?auth=95c9e6de3155fc271282f75c2e76ed435b97cdf545905f7154bb778764d06b39&amp;smart=true&amp;width=992&amp;height=1488&amp;quality=85\" media=\"(min-width: 1000px)\"\/><source srcset=\"https:\/\/www.infobae.com\/resizer\/v2\/IZLOQGG3OVBEBFDWDTYIL3FYNM.jpg?auth=95c9e6de3155fc271282f75c2e76ed435b97cdf545905f7154bb778764d06b39&amp;smart=true&amp;width=768&amp;height=1152&amp;quality=85\" media=\"(min-width: 768px)\"\/><source srcset=\"https:\/\/www.infobae.com\/resizer\/v2\/IZLOQGG3OVBEBFDWDTYIL3FYNM.jpg?auth=95c9e6de3155fc271282f75c2e76ed435b97cdf545905f7154bb778764d06b39&amp;smart=true&amp;width=577&amp;height=866&amp;quality=85\" media=\"(min-width: 580px)\"\/><source srcset=\"https:\/\/www.infobae.com\/resizer\/v2\/IZLOQGG3OVBEBFDWDTYIL3FYNM.jpg?auth=95c9e6de3155fc271282f75c2e76ed435b97cdf545905f7154bb778764d06b39&amp;smart=true&amp;width=420&amp;height=630&amp;quality=85\" media=\"(min-width: 350px)\"\/><source srcset=\"https:\/\/www.infobae.com\/resizer\/v2\/IZLOQGG3OVBEBFDWDTYIL3FYNM.jpg?auth=95c9e6de3155fc271282f75c2e76ed435b97cdf545905f7154bb778764d06b39&amp;smart=true&amp;width=350&amp;height=525&amp;quality=85\" media=\"(min-width: 80px)\"\/><img alt=\"Una fotograf\u00eda del certificado de\" class=\"global-image\" decoding=\"async\" fetchpriority=\"low\" height=\"2880\" loading=\"lazy\" src=\"https:\/\/www.infobae.com\/resizer\/v2\/IZLOQGG3OVBEBFDWDTYIL3FYNM.jpg?auth=95c9e6de3155fc271282f75c2e76ed435b97cdf545905f7154bb778764d06b39&amp;smart=true&amp;width=350&amp;height=525&amp;quality=85\" width=\"1920\"\/><\/picture><figcaption class=\"article-figcaption-img\">Una fotograf\u00eda del certificado de nacimiento de la sobreviviente del Holocausto Ilana Shalem-Kantorowics, nacida en el campo de concentraci\u00f3n nazi de Bergen-Belsen en 1946, se exhibe en Tel Aviv, Israel, el 26 de enero de 2026. (Foto AP\/Ariel Schalit)<\/figcaption><\/div>\n<p class=\"paragraph\"><b>En 1944, la pareja se separ\u00f3<\/b>. Hersz Kantorowicz finalmente perecer\u00eda en una marcha de la muerte pocos d\u00edas antes del fin de la guerra. Lola pas\u00f3 un tiempo en Auschwitz y en el campo de trabajo de Hindenburg. Complet\u00f3 una marcha de la muerte a Bergen-Belsen, en Alemania, estando embarazada.<\/p>\n<p class=\"paragraph\">\u201cSi hubieran descubierto que estaba embarazada, la habr\u00edan matado\u201d, dijo Shalem. \u201cLe ocult\u00f3 su embarazo a todos, incluso a sus amigos, porque no quer\u00eda llamar la atenci\u00f3n ni que nadie le diera de comer\u201d.<\/p>\n<p class=\"paragraph\">Sima Velkovich, archivista de Yad Vashem, que investig\u00f3 la historia de Shalem, calific\u00f3 de<b> \u201cinimaginable\u201d <\/b>que un beb\u00e9 naciera en tales condiciones.<\/p>\n<p class=\"paragraph\">\u201cEn marzo, las condiciones eran realmente terribles; hab\u00eda monta\u00f1as de cad\u00e1veres\u201d, dijo Velkovich. \u201cHab\u00eda miles, decenas de miles de personas enfermas, casi sin comida en ese momento\u201d.<\/p>\n<p class=\"paragraph\">Hasta el d\u00eda de hoy, Shalem no tiene explicaci\u00f3n de c\u00f3mo su madre no solo sobrevivi\u00f3 a las condiciones del campo, sino que dio a luz a un beb\u00e9 sano. Madre e hija pasaron un mes en el campo de Bergen-Belsen antes de que fuera liberado por los brit\u00e1nicos, y luego dos a\u00f1os en un campo cercano para desplazados.<\/p>\n<div class=\"visual__image\"><picture><source srcset=\"https:\/\/www.infobae.com\/resizer\/v2\/SMYL53E6B5CVVKQAYJGGBBZYIU.jpg?auth=2119b89d6fe0095cfee851a9149709ff5c1b28a517f5e97c833309e5dedc5428&amp;smart=true&amp;width=992&amp;height=661&amp;quality=85\" media=\"(min-width: 1000px)\"\/><source srcset=\"https:\/\/www.infobae.com\/resizer\/v2\/SMYL53E6B5CVVKQAYJGGBBZYIU.jpg?auth=2119b89d6fe0095cfee851a9149709ff5c1b28a517f5e97c833309e5dedc5428&amp;smart=true&amp;width=768&amp;height=512&amp;quality=85\" media=\"(min-width: 768px)\"\/><source srcset=\"https:\/\/www.infobae.com\/resizer\/v2\/SMYL53E6B5CVVKQAYJGGBBZYIU.jpg?auth=2119b89d6fe0095cfee851a9149709ff5c1b28a517f5e97c833309e5dedc5428&amp;smart=true&amp;width=577&amp;height=385&amp;quality=85\" media=\"(min-width: 580px)\"\/><source srcset=\"https:\/\/www.infobae.com\/resizer\/v2\/SMYL53E6B5CVVKQAYJGGBBZYIU.jpg?auth=2119b89d6fe0095cfee851a9149709ff5c1b28a517f5e97c833309e5dedc5428&amp;smart=true&amp;width=420&amp;height=280&amp;quality=85\" media=\"(min-width: 350px)\"\/><source srcset=\"https:\/\/www.infobae.com\/resizer\/v2\/SMYL53E6B5CVVKQAYJGGBBZYIU.jpg?auth=2119b89d6fe0095cfee851a9149709ff5c1b28a517f5e97c833309e5dedc5428&amp;smart=true&amp;width=350&amp;height=233&amp;quality=85\" media=\"(min-width: 80px)\"\/><img alt=\"Fotograf\u00edas de la sobreviviente del\" class=\"global-image\" decoding=\"async\" fetchpriority=\"low\" height=\"1280\" loading=\"lazy\" src=\"https:\/\/www.infobae.com\/resizer\/v2\/SMYL53E6B5CVVKQAYJGGBBZYIU.jpg?auth=2119b89d6fe0095cfee851a9149709ff5c1b28a517f5e97c833309e5dedc5428&amp;smart=true&amp;width=350&amp;height=233&amp;quality=85\" width=\"1920\"\/><\/picture><figcaption class=\"article-figcaption-img\">Fotograf\u00edas de la sobreviviente del Holocausto Ilana Shalem-Kantorowics, nacida en el campo de concentraci\u00f3n nazi de Bergen-Belsen, junto a su madre Lola en el campo en 1946, en Tel Aviv, Israel, el 26 de enero de 2026. (Foto AP\/Ariel Schalit)<\/figcaption><\/div>\n<p class=\"paragraph\">Luego se mudaron a Israel, donde se hab\u00edan mudado los abuelos paternos de ella antes de la guerra. La madre de Shalem mantuvo durante a\u00f1os la esperanza de que su padre hubiera sobrevivido. Nunca volvi\u00f3 a casarse ni tuvo m\u00e1s hijos.<\/p>\n<p class=\"paragraph\">En los meses inmediatamente posteriores a la guerra, la beb\u00e9 Ilana fue constantemente mimada, siendo una de las \u00fanicas ni\u00f1as en el campo de refugiados.<\/p>\n<p class=\"paragraph\">\u201cEn realidad, era el hijo de todos, porque para ellos era una especie de se\u00f1al de vida\u201d, dijo Shalem. <b>\u201cMuchas mujeres me cuidaron all\u00ed, porque estaban muy emocionadas de estar con un beb\u00e9\u201d<\/b>.<\/p>\n<p class=\"paragraph\">Fotos de aquella \u00e9poca muestran a una beb\u00e9 Ilana radiante rodeada de un grupo de adultos. Los amigos de su madre la llamaban \u201cuna nueva semilla\u201d y un rayo de esperanza en tiempos dif\u00edciles, dijo Shalem.<\/p>\n<p class=\"paragraph\">No tiene conocimiento de que otros ni\u00f1os nacidos en el campo de concentraci\u00f3n de Bergen-Belsen hayan sobrevivido. Yad Vashem, el museo y centro de investigaci\u00f3n del Holocausto de Israel, ha documentado <b>m\u00e1s de 2000 beb\u00e9s nacidos en el campo de refugiados de Bergen-Belsen tras su liberaci\u00f3n<\/b>, entre 1945 y 1950. El museo de Bergen-Belsen logr\u00f3 localizar documentaci\u00f3n del nacimiento de Ilana, incluida la hora de su nacimiento, que ahora se conserva en Yad Vashem.<\/p>\n<div class=\"visual__image\"><picture><source srcset=\"https:\/\/www.infobae.com\/resizer\/v2\/RIODPLKGNFALHE2LI3INFQPFBI.jpg?auth=4418bfbb8261e659f3c689b6c9f678c06b97f2698d9ba92e049b27ece39eb9da&amp;smart=true&amp;width=992&amp;height=991&amp;quality=85\" media=\"(min-width: 1000px)\"\/><source srcset=\"https:\/\/www.infobae.com\/resizer\/v2\/RIODPLKGNFALHE2LI3INFQPFBI.jpg?auth=4418bfbb8261e659f3c689b6c9f678c06b97f2698d9ba92e049b27ece39eb9da&amp;smart=true&amp;width=768&amp;height=768&amp;quality=85\" media=\"(min-width: 768px)\"\/><source srcset=\"https:\/\/www.infobae.com\/resizer\/v2\/RIODPLKGNFALHE2LI3INFQPFBI.jpg?auth=4418bfbb8261e659f3c689b6c9f678c06b97f2698d9ba92e049b27ece39eb9da&amp;smart=true&amp;width=577&amp;height=577&amp;quality=85\" media=\"(min-width: 580px)\"\/><source srcset=\"https:\/\/www.infobae.com\/resizer\/v2\/RIODPLKGNFALHE2LI3INFQPFBI.jpg?auth=4418bfbb8261e659f3c689b6c9f678c06b97f2698d9ba92e049b27ece39eb9da&amp;smart=true&amp;width=420&amp;height=420&amp;quality=85\" media=\"(min-width: 350px)\"\/><source srcset=\"https:\/\/www.infobae.com\/resizer\/v2\/RIODPLKGNFALHE2LI3INFQPFBI.jpg?auth=4418bfbb8261e659f3c689b6c9f678c06b97f2698d9ba92e049b27ece39eb9da&amp;smart=true&amp;width=350&amp;height=350&amp;quality=85\" media=\"(min-width: 80px)\"\/><img alt=\"El Dr. Fritz Klein, oficial\" class=\"global-image\" decoding=\"async\" fetchpriority=\"low\" height=\"1766\" loading=\"lazy\" src=\"https:\/\/www.infobae.com\/resizer\/v2\/RIODPLKGNFALHE2LI3INFQPFBI.jpg?auth=4418bfbb8261e659f3c689b6c9f678c06b97f2698d9ba92e049b27ece39eb9da&amp;smart=true&amp;width=350&amp;height=350&amp;quality=85\" width=\"1767\"\/><\/picture><figcaption class=\"article-figcaption-img\">El Dr. Fritz Klein, oficial nazi, se encuentra entre las v\u00edctimas del campo de concentraci\u00f3n de Bergen-Belsen el 29 de abril de 1945. En el campamento, bajo supervisi\u00f3n brit\u00e1nica, los nazis trabajan en la limpieza del campo. (Foto AP)<\/figcaption><\/div>\n<p class=\"paragraph\">Shalem, que estudi\u00f3 trabajo social, comenz\u00f3 a hacerle preguntas a su madre mientras estaba en la universidad en la d\u00e9cada de 1960, cuando todav\u00eda era un tab\u00fa en la sociedad israel\u00ed indagar en las experiencias de los sobrevivientes.<\/p>\n<p class=\"paragraph\">\u201cAhora sabemos que, para absorber el trauma, necesitamos hablar de ello\u201d, dijo Shalem. \u201cEstas personas no quer\u00edan hablar de ello\u201d.<\/p>\n<p class=\"paragraph\">Se\u00f1al\u00f3 c\u00f3mo, tras el ataque liderado por Hamas el 7 de octubre de 2023 contra el sur de Israel, muchos sobrevivientes de ese ataque comenzaron inmediatamente a hablar sobre lo que les sucedi\u00f3.<\/p>\n<p class=\"paragraph\">Pero las secuelas del Holocausto, especialmente en Israel, fueron diferentes. <b>Muchos sobrevivientes intentaban olvidar lo sucedido<\/b>. La madre de Ilana a menudo se enfrentaba a la incredulidad cuando compart\u00eda su historia de haber dado a luz en un campo de concentraci\u00f3n, as\u00ed que pr\u00e1cticamente dej\u00f3 de contarla. A veces su madre hablaba de lo que hab\u00eda sufrido con otros amigos sobrevivientes, pero rara vez con desconocidos, dijo Shalem.<\/p>\n<p class=\"paragraph\">Shalem nunca ha compartido p\u00fablicamente la historia de su madre, quien muri\u00f3 en 1991 a la edad de 71 a\u00f1os. El a\u00f1o pasado, complet\u00f3 un curso de genealog\u00eda en Yad Vashem y comenz\u00f3 a comprender cu\u00e1n pocos sobrevivientes del Holocausto quedan para compartir sus historias.<\/p>\n<div class=\"visual__image\"><picture><source srcset=\"https:\/\/www.infobae.com\/resizer\/v2\/GSRJQTPSSFGVFAT5XG5YW3QCGI.jpg?auth=b9a10fbea746b8761f1acddd0a06908f6d698c9907ddf4b1659f34bfe3d01516&amp;smart=true&amp;width=992&amp;height=558&amp;quality=85\" media=\"(min-width: 1000px)\"\/><source srcset=\"https:\/\/www.infobae.com\/resizer\/v2\/GSRJQTPSSFGVFAT5XG5YW3QCGI.jpg?auth=b9a10fbea746b8761f1acddd0a06908f6d698c9907ddf4b1659f34bfe3d01516&amp;smart=true&amp;width=768&amp;height=432&amp;quality=85\" media=\"(min-width: 768px)\"\/><source srcset=\"https:\/\/www.infobae.com\/resizer\/v2\/GSRJQTPSSFGVFAT5XG5YW3QCGI.jpg?auth=b9a10fbea746b8761f1acddd0a06908f6d698c9907ddf4b1659f34bfe3d01516&amp;smart=true&amp;width=577&amp;height=325&amp;quality=85\" media=\"(min-width: 580px)\"\/><source srcset=\"https:\/\/www.infobae.com\/resizer\/v2\/GSRJQTPSSFGVFAT5XG5YW3QCGI.jpg?auth=b9a10fbea746b8761f1acddd0a06908f6d698c9907ddf4b1659f34bfe3d01516&amp;smart=true&amp;width=420&amp;height=236&amp;quality=85\" media=\"(min-width: 350px)\"\/><source srcset=\"https:\/\/www.infobae.com\/resizer\/v2\/GSRJQTPSSFGVFAT5XG5YW3QCGI.jpg?auth=b9a10fbea746b8761f1acddd0a06908f6d698c9907ddf4b1659f34bfe3d01516&amp;smart=true&amp;width=350&amp;height=197&amp;quality=85\" media=\"(min-width: 80px)\"\/><img alt=\"Ni\u00f1os en esta foto de\" class=\"global-image\" decoding=\"async\" fetchpriority=\"low\" height=\"1080\" loading=\"lazy\" src=\"https:\/\/www.infobae.com\/resizer\/v2\/GSRJQTPSSFGVFAT5XG5YW3QCGI.jpg?auth=b9a10fbea746b8761f1acddd0a06908f6d698c9907ddf4b1659f34bfe3d01516&amp;smart=true&amp;width=350&amp;height=197&amp;quality=85\" width=\"1920\"\/><\/picture><figcaption class=\"article-figcaption-img\">Ni\u00f1os en esta foto de 1945 tomada en el campo de concentraci\u00f3n nazi de Bergen-Belsen. (Foto AP)<\/figcaption><\/div>\n<p class=\"paragraph\">Seg\u00fan la Conferencia sobre Reclamaciones Materiales Jud\u00edas contra Alemania, con sede en Nueva York, tambi\u00e9n conocida como la Conferencia de Reclamaciones,<b> hay aproximadamente 196.600 supervivientes del Holocausto vivos, la mitad de los cuales viven en Israel<\/b>. <b>Casi 25.000 supervivientes del Holocausto murieron el a\u00f1o pasado<\/b>. La edad media de los supervivientes del Holocausto es de 87 a\u00f1os, lo que significa que la mayor\u00eda eran ni\u00f1os muy peque\u00f1os durante el Holocausto. Shalem se encuentra entre los m\u00e1s j\u00f3venes.<\/p>\n<p class=\"paragraph\">Shalem, que tiene dos hijas, recuerda haber compartido sus propios embarazos con su madre y haberse maravillado de lo que hab\u00eda soportado.<\/p>\n<p class=\"paragraph\">\u201cFue una situaci\u00f3n muy inusual, probablemente se requiri\u00f3 una fuerza especial para poder creerlo\u201d, dijo Shalem.<\/p>\n<p class=\"paragraph\">Dijo que, si hubiera sabido que mi padre hab\u00eda sido asesinado, no se habr\u00eda esforzado tanto. Quer\u00eda que \u00e9l me conociera.<\/p>\n<p class=\"paragraph\"><i>(AP)<\/i><\/p>\n<\/div>\n<p><script defer=\"\">try{!function(f,b,e,v,n,t,s) {if(f.fbq)return;n=f.fbq=function(){n.callMethod? n.callMethod.apply(n,arguments):n.queue.push(arguments)}; if(!f._fbq)f._fbq=n;n.push=n;n.loaded=!0;n.version='2.0'; n.queue=[];t=b.createElement(e);t.async=!0; t.src=v;s=b.getElementsByTagName(e)[0]; s.parentNode.insertBefore(t,s)}(window, document,'script', ' fbq('init', '336383993555320'); fbq('track', 'PageView'); fbq('track', 'ViewContent');}catch(error){console.log(\"Error al inicializar facebookPixelRawCodeScript:\",error);}<\/script><\/p>\n","protected":false},"excerpt":{"rendered":"<p>Ilana Shalem-Kantorowics, sobreviviente del Holocausto nacida en el campo de concentraci\u00f3n nazi de Bergen-Belsen, sostiene una foto de ella con su madre Lola en el campo en 1946, en Tel Aviv, Israel, el 26 de enero de 2026. (Foto AP\/Ariel Schalit) En los \u00faltimos meses de la Segunda Guerra Mundial, Lola Kantorowicz hizo todo lo [&hellip;]<\/p>\n","protected":false},"author":2,"featured_media":74890,"comment_status":"","ping_status":"","sticky":false,"template":"","format":"standard","meta":{"footnotes":""},"categories":[3],"tags":[],"_links":{"self":[{"href":"https:\/\/maxradio923.com.ar\/index.php\/wp-json\/wp\/v2\/posts\/74889"}],"collection":[{"href":"https:\/\/maxradio923.com.ar\/index.php\/wp-json\/wp\/v2\/posts"}],"about":[{"href":"https:\/\/maxradio923.com.ar\/index.php\/wp-json\/wp\/v2\/types\/post"}],"author":[{"embeddable":true,"href":"https:\/\/maxradio923.com.ar\/index.php\/wp-json\/wp\/v2\/users\/2"}],"replies":[{"embeddable":true,"href":"https:\/\/maxradio923.com.ar\/index.php\/wp-json\/wp\/v2\/comments?post=74889"}],"version-history":[{"count":0,"href":"https:\/\/maxradio923.com.ar\/index.php\/wp-json\/wp\/v2\/posts\/74889\/revisions"}],"wp:featuredmedia":[{"embeddable":true,"href":"https:\/\/maxradio923.com.ar\/index.php\/wp-json\/wp\/v2\/media\/74890"}],"wp:attachment":[{"href":"https:\/\/maxradio923.com.ar\/index.php\/wp-json\/wp\/v2\/media?parent=74889"}],"wp:term":[{"taxonomy":"category","embeddable":true,"href":"https:\/\/maxradio923.com.ar\/index.php\/wp-json\/wp\/v2\/categories?post=74889"},{"taxonomy":"post_tag","embeddable":true,"href":"https:\/\/maxradio923.com.ar\/index.php\/wp-json\/wp\/v2\/tags?post=74889"}],"curies":[{"name":"wp","href":"https:\/\/api.w.org\/{rel}","templated":true}]}}