{"id":74885,"date":"2026-01-27T05:10:03","date_gmt":"2026-01-27T08:10:03","guid":{"rendered":"https:\/\/maxradio923.com.ar\/index.php\/2026\/01\/27\/iran-afirmo-que-el-despliegue-naval-de-eeuu-en-medio-oriente-incrementa-su-vulnerabilidad-y-los-convierte-en-objetivos-al-alcance\/"},"modified":"2026-01-27T05:10:03","modified_gmt":"2026-01-27T08:10:03","slug":"iran-afirmo-que-el-despliegue-naval-de-eeuu-en-medio-oriente-incrementa-su-vulnerabilidad-y-los-convierte-en-objetivos-al-alcance","status":"publish","type":"post","link":"https:\/\/maxradio923.com.ar\/index.php\/2026\/01\/27\/iran-afirmo-que-el-despliegue-naval-de-eeuu-en-medio-oriente-incrementa-su-vulnerabilidad-y-los-convierte-en-objetivos-al-alcance\/","title":{"rendered":"Ir\u00e1n afirm\u00f3 que el despliegue naval de EEUU en Medio Oriente incrementa su \u201cvulnerabilidad\u201d y los convierte en \u201cobjetivos al alcance\u201d"},"content":{"rendered":"<p><\/p>\n<div xmlns:default=\"http:\/\/www.w3.org\/2000\/svg\">\n<div class=\"visual__image image-initial-width\"><picture><source srcset=\"https:\/\/www.infobae.com\/resizer\/v2\/IRDE5NU2QZC35OCDZEKEJBUC5A.JPG?auth=afcedd8ca854356c53cc69520b756d2f885d875a16aae5edbfa7626c92256a25&amp;smart=true&amp;width=992&amp;height=588&amp;quality=85\" media=\"(min-width: 1000px)\"\/><source srcset=\"https:\/\/www.infobae.com\/resizer\/v2\/IRDE5NU2QZC35OCDZEKEJBUC5A.JPG?auth=afcedd8ca854356c53cc69520b756d2f885d875a16aae5edbfa7626c92256a25&amp;smart=true&amp;width=768&amp;height=456&amp;quality=85\" media=\"(min-width: 768px)\"\/><source srcset=\"https:\/\/www.infobae.com\/resizer\/v2\/IRDE5NU2QZC35OCDZEKEJBUC5A.JPG?auth=afcedd8ca854356c53cc69520b756d2f885d875a16aae5edbfa7626c92256a25&amp;smart=true&amp;width=577&amp;height=342&amp;quality=85\" media=\"(min-width: 580px)\"\/><source srcset=\"https:\/\/www.infobae.com\/resizer\/v2\/IRDE5NU2QZC35OCDZEKEJBUC5A.JPG?auth=afcedd8ca854356c53cc69520b756d2f885d875a16aae5edbfa7626c92256a25&amp;smart=true&amp;width=420&amp;height=249&amp;quality=85\" media=\"(min-width: 350px)\"\/><source srcset=\"https:\/\/www.infobae.com\/resizer\/v2\/IRDE5NU2QZC35OCDZEKEJBUC5A.JPG?auth=afcedd8ca854356c53cc69520b756d2f885d875a16aae5edbfa7626c92256a25&amp;smart=true&amp;width=350&amp;height=208&amp;quality=85\" media=\"(min-width: 80px)\"\/><img alt=\"Comandantes y miembros del Cuerpo\" class=\"global-image\" decoding=\"async\" fetchpriority=\"high\" height=\"1267\" loading=\"eager\" src=\"https:\/\/www.infobae.com\/resizer\/v2\/IRDE5NU2QZC35OCDZEKEJBUC5A.JPG?auth=afcedd8ca854356c53cc69520b756d2f885d875a16aae5edbfa7626c92256a25&amp;smart=true&amp;width=350&amp;height=208&amp;quality=85\" width=\"2136\"\/><\/picture><figcaption class=\"article-figcaption-img\">Comandantes y miembros del Cuerpo de la Guardia Revolucionaria Isl\u00e1mica (REUTERS)<\/figcaption><\/div>\n<p class=\"paragraph\">Las <b>Fuerzas Armadas de Ir\u00e1n<\/b> advirtieron que la presencia de un portaaviones y otros buques de <b>Estados Unidos<\/b> en Oriente Medio incrementa su \u201cvulnerabilidad\u201d y los convierte en \u201cobjetivos al alcance\u201d, en un contexto de creciente tensi\u00f3n bilateral marcado por protestas internas en la Rep\u00fablica Isl\u00e1mica y un refuerzo del despliegue militar estadounidense en la regi\u00f3n.<\/p>\n<p class=\"paragraph\">\u201cLa concentraci\u00f3n y acumulaci\u00f3n de fuerzas y equipos en la zona no ser\u00e1 un factor disuasorio, sino que aumentar\u00e1 su vulnerabilidad y los convertir\u00e1 en objetivos al alcance\u201d, indic\u00f3 una fuente militar de la Base <b>Khatam al Anbiya<\/b>, el comando central unificado de las Fuerzas Armadas iran\u00edes, seg\u00fan la televisi\u00f3n estatal de Ir\u00e1n.<\/p>\n<p class=\"paragraph\">La fuente, cuyo nombre no se hizo p\u00fablico, sostuvo que la idea de llevar a cabo una \u201coperaci\u00f3n limitada, r\u00e1pida y limpia contra Ir\u00e1n se debe a estimaciones incorrectas y a <b>una comprensi\u00f3n incompleta de las capacidades defensivas y ofensivas de la Rep\u00fablica Isl\u00e1mica<\/b>\u201d.<\/p>\n<p class=\"paragraph\">En la misma l\u00ednea, el comando central unificado de las Fuerzas Armadas iran\u00edes se\u00f1al\u00f3 que \u201cla Rep\u00fablica Isl\u00e1mica no iniciar\u00e1 ninguna guerra, pero no permitir\u00e1 ninguna amenaza contra la seguridad nacional del pa\u00eds\u201d.<\/p>\n<p class=\"paragraph\">Las advertencias se produjeron tras el ingreso del portaaviones <b>USS Abraham Lincoln<\/b> y su grupo de ataque a aguas de Oriente Medio, un despliegue confirmado por el <b>Comando Central de Estados Unidos <\/b>(Centcom).<\/p>\n<div class=\"visual__image\"><picture><source srcset=\"https:\/\/www.infobae.com\/resizer\/v2\/BVSYIQEKAX6LXHYLZ44GZ655HY.jpg?auth=f441a07d57be959d41daae3d7400f16ff6243ca72d13fe7eaf970d9490a10721&amp;smart=true&amp;width=992&amp;height=661&amp;quality=85\" media=\"(min-width: 1000px)\"\/><source srcset=\"https:\/\/www.infobae.com\/resizer\/v2\/BVSYIQEKAX6LXHYLZ44GZ655HY.jpg?auth=f441a07d57be959d41daae3d7400f16ff6243ca72d13fe7eaf970d9490a10721&amp;smart=true&amp;width=768&amp;height=512&amp;quality=85\" media=\"(min-width: 768px)\"\/><source srcset=\"https:\/\/www.infobae.com\/resizer\/v2\/BVSYIQEKAX6LXHYLZ44GZ655HY.jpg?auth=f441a07d57be959d41daae3d7400f16ff6243ca72d13fe7eaf970d9490a10721&amp;smart=true&amp;width=577&amp;height=385&amp;quality=85\" media=\"(min-width: 580px)\"\/><source srcset=\"https:\/\/www.infobae.com\/resizer\/v2\/BVSYIQEKAX6LXHYLZ44GZ655HY.jpg?auth=f441a07d57be959d41daae3d7400f16ff6243ca72d13fe7eaf970d9490a10721&amp;smart=true&amp;width=420&amp;height=280&amp;quality=85\" media=\"(min-width: 350px)\"\/><source srcset=\"https:\/\/www.infobae.com\/resizer\/v2\/BVSYIQEKAX6LXHYLZ44GZ655HY.jpg?auth=f441a07d57be959d41daae3d7400f16ff6243ca72d13fe7eaf970d9490a10721&amp;smart=true&amp;width=350&amp;height=233&amp;quality=85\" media=\"(min-width: 80px)\"\/><img alt=\"El USS Abraham Lincoln (REUTERS\/Mike\" class=\"global-image\" decoding=\"async\" fetchpriority=\"low\" height=\"3254\" loading=\"lazy\" src=\"https:\/\/www.infobae.com\/resizer\/v2\/BVSYIQEKAX6LXHYLZ44GZ655HY.jpg?auth=f441a07d57be959d41daae3d7400f16ff6243ca72d13fe7eaf970d9490a10721&amp;smart=true&amp;width=350&amp;height=233&amp;quality=85\" width=\"4881\"\/><\/picture><figcaption class=\"article-figcaption-img\">El USS Abraham Lincoln (REUTERS\/Mike Blake)<\/figcaption><\/div>\n<p class=\"paragraph\">\u201cEl Grupo de Ataque del Portaaviones Abraham Lincoln est\u00e1 actualmente desplegado en el Medio Oriente para promover la seguridad y la estabilidad regionales\u201d, inform\u00f3 el Centcom en sus redes sociales. Seg\u00fan funcionarios estadounidenses citados por medios internacionales, el grupo se encuentra en el oc\u00e9ano \u00cdndico, dentro del radio operativo del comando, lo que permite <b>una respuesta r\u00e1pida ante eventuales decisiones pol\u00edticas o militares<\/b>.<\/p>\n<p class=\"paragraph\">Las mismas fuentes aclararon que el portaaviones no necesariamente ocupa su posici\u00f3n final para una operaci\u00f3n espec\u00edfica y que no existe una orden de ataque confirmada.<\/p>\n<p class=\"paragraph\">El presidente de Estados Unidos, <b>Donald Trump<\/b>, anunci\u00f3 d\u00edas atr\u00e1s que su pa\u00eds dispone de una \u201cflota enorme\u201d dirigi\u00e9ndose a aguas cercanas a Ir\u00e1n y advirti\u00f3 a Teher\u00e1n sobre la necesidad de que cese la represi\u00f3n contra la oleada de protestas que sacudieron el pa\u00eds.<\/p>\n<p class=\"paragraph\"><b>\u201cTenemos una gran armada cerca de Ir\u00e1n. M\u00e1s grande que la de Venezuela\u201d<\/b>, afirm\u00f3 Trump en una entrevista con el portal <i>Axios<\/i>. El mandatario tambi\u00e9n remarc\u00f3 que \u201ctodas las opciones siguen sobre la mesa\u201d ante cualquier escalada iran\u00ed.<\/p>\n<div class=\"visual__image\"><picture><source srcset=\"https:\/\/www.infobae.com\/resizer\/v2\/J3W4NP3EQREKBCIZPW36WCJMLM.jpg?auth=e37c79b13b6f8665595d7ed902199a3dbb21d31d246cec621181695cbc305b22&amp;smart=true&amp;width=992&amp;height=663&amp;quality=85\" media=\"(min-width: 1000px)\"\/><source srcset=\"https:\/\/www.infobae.com\/resizer\/v2\/J3W4NP3EQREKBCIZPW36WCJMLM.jpg?auth=e37c79b13b6f8665595d7ed902199a3dbb21d31d246cec621181695cbc305b22&amp;smart=true&amp;width=768&amp;height=514&amp;quality=85\" media=\"(min-width: 768px)\"\/><source srcset=\"https:\/\/www.infobae.com\/resizer\/v2\/J3W4NP3EQREKBCIZPW36WCJMLM.jpg?auth=e37c79b13b6f8665595d7ed902199a3dbb21d31d246cec621181695cbc305b22&amp;smart=true&amp;width=577&amp;height=386&amp;quality=85\" media=\"(min-width: 580px)\"\/><source srcset=\"https:\/\/www.infobae.com\/resizer\/v2\/J3W4NP3EQREKBCIZPW36WCJMLM.jpg?auth=e37c79b13b6f8665595d7ed902199a3dbb21d31d246cec621181695cbc305b22&amp;smart=true&amp;width=420&amp;height=281&amp;quality=85\" media=\"(min-width: 350px)\"\/><source srcset=\"https:\/\/www.infobae.com\/resizer\/v2\/J3W4NP3EQREKBCIZPW36WCJMLM.jpg?auth=e37c79b13b6f8665595d7ed902199a3dbb21d31d246cec621181695cbc305b22&amp;smart=true&amp;width=350&amp;height=234&amp;quality=85\" media=\"(min-width: 80px)\"\/><img alt=\"\u201cTenemos una gran armada cerca\" class=\"global-image\" decoding=\"async\" fetchpriority=\"low\" height=\"2632\" loading=\"lazy\" src=\"https:\/\/www.infobae.com\/resizer\/v2\/J3W4NP3EQREKBCIZPW36WCJMLM.jpg?auth=e37c79b13b6f8665595d7ed902199a3dbb21d31d246cec621181695cbc305b22&amp;smart=true&amp;width=350&amp;height=234&amp;quality=85\" width=\"3936\"\/><\/picture><figcaption class=\"article-figcaption-img\">\u201cTenemos una gran armada cerca de Ir\u00e1n. M\u00e1s grande que la de Venezuela\u201d, afirm\u00f3 Trump (AP)<\/figcaption><\/div>\n<p class=\"paragraph\">Las protestas en Ir\u00e1n comenzaron a finales de diciembre por el aumento del costo de vida y evolucionaron hacia un cuestionamiento abierto al sistema pol\u00edtico instaurado tras la Revoluci\u00f3n Isl\u00e1mica de 1979.<\/p>\n<p class=\"paragraph\">Las autoridades del r\u00e9gimen iran\u00ed acusaron a Estados Unidos e Israel de organizar manifestaciones que calificaron de \u201cterroristas\u201d. Seg\u00fan cifras oficiales iran\u00edes, los disturbios dejaron 3.117 muertos, mientras organizaciones opositoras como <i><b>HRANA<\/b><\/i>, con sede en Estados Unidos, informaron de<b> 5.495 fallecidos<\/b>.<\/p>\n<p class=\"paragraph\">Ir\u00e1n asegur\u00f3 que responder\u00e1 a cualquier intervenci\u00f3n estadounidense y advirti\u00f3 que, ante un eventual ataque, considerar\u00e1 objetivos militares a todas las bases de Estados Unidos en la regi\u00f3n. El portavoz de la Canciller\u00eda iran\u00ed, <b>Esmail Baqai<\/b>, sostuvo que la presencia del portaaviones \u201cno afecta la determinaci\u00f3n y seriedad de Ir\u00e1n para defender a la naci\u00f3n\u201d y subray\u00f3 la confianza en la capacidad de las fuerzas armadas para responder a cualquier agresi\u00f3n.<\/p>\n<p class=\"paragraph\">Por su parte, el comandante del Estado Mayor, <b>Ali Abdollahi<\/b>, advirti\u00f3 que \u201ccualquier ataque convertir\u00e1 de inmediato todos los intereses, bases y centros de influencia de Estados Unidos en objetivos definidos y accesibles\u201d.<\/p>\n<div class=\"visual__image\"><picture><source srcset=\"https:\/\/www.infobae.com\/resizer\/v2\/RFPKFRDOIFHU7KDOINGXY4S35Y.jpg?auth=4b32d3d803bbcacc1fdd5586f54fcbdb7ecea57e8f59ae6033387aad2adc6a6f&amp;smart=true&amp;width=992&amp;height=661&amp;quality=85\" media=\"(min-width: 1000px)\"\/><source srcset=\"https:\/\/www.infobae.com\/resizer\/v2\/RFPKFRDOIFHU7KDOINGXY4S35Y.jpg?auth=4b32d3d803bbcacc1fdd5586f54fcbdb7ecea57e8f59ae6033387aad2adc6a6f&amp;smart=true&amp;width=768&amp;height=512&amp;quality=85\" media=\"(min-width: 768px)\"\/><source srcset=\"https:\/\/www.infobae.com\/resizer\/v2\/RFPKFRDOIFHU7KDOINGXY4S35Y.jpg?auth=4b32d3d803bbcacc1fdd5586f54fcbdb7ecea57e8f59ae6033387aad2adc6a6f&amp;smart=true&amp;width=577&amp;height=385&amp;quality=85\" media=\"(min-width: 580px)\"\/><source srcset=\"https:\/\/www.infobae.com\/resizer\/v2\/RFPKFRDOIFHU7KDOINGXY4S35Y.jpg?auth=4b32d3d803bbcacc1fdd5586f54fcbdb7ecea57e8f59ae6033387aad2adc6a6f&amp;smart=true&amp;width=420&amp;height=280&amp;quality=85\" media=\"(min-width: 350px)\"\/><source srcset=\"https:\/\/www.infobae.com\/resizer\/v2\/RFPKFRDOIFHU7KDOINGXY4S35Y.jpg?auth=4b32d3d803bbcacc1fdd5586f54fcbdb7ecea57e8f59ae6033387aad2adc6a6f&amp;smart=true&amp;width=350&amp;height=233&amp;quality=85\" media=\"(min-width: 80px)\"\/><img alt=\"El portavoz de la Canciller\u00eda\" class=\"global-image\" decoding=\"async\" fetchpriority=\"low\" height=\"1280\" loading=\"lazy\" src=\"https:\/\/www.infobae.com\/resizer\/v2\/RFPKFRDOIFHU7KDOINGXY4S35Y.jpg?auth=4b32d3d803bbcacc1fdd5586f54fcbdb7ecea57e8f59ae6033387aad2adc6a6f&amp;smart=true&amp;width=350&amp;height=233&amp;quality=85\" width=\"1920\"\/><\/picture><figcaption class=\"article-figcaption-img\">El portavoz de la Canciller\u00eda iran\u00ed, Esmail Baqai, sostuvo que la presencia del portaaviones \u201cno afecta la determinaci\u00f3n y seriedad de Ir\u00e1n para defender a la naci\u00f3n\u201d (EP)<\/figcaption><\/div>\n<p class=\"paragraph\">El grupo de ataque del USS Abraham Lincoln incluye destructores y cruceros con capacidad para lanzar misiles Tomahawk. Adem\u00e1s, la Marina estadounidense despleg\u00f3 aviones de combate <b>F-35C<\/b> y <b>F\/A-18<\/b>, junto con aeronaves de guerra electr\u00f3nica <b>EA-18G Growler<\/b>, mientras cazas <b>F-15E<\/b> y sistemas antimisiles <b>Patriot<\/b> y <b>Thaad<\/b> quedaron posicionados en bases aliadas de la regi\u00f3n.<\/p>\n<p class=\"paragraph\">La escalada militar gener\u00f3 inquietud entre aliados \u00e1rabes de Washington en el <b>Golfo P\u00e9rsico<\/b>, que pidieron evitar una guerra regional. Grupos proiran\u00edes en Irak, como <b>Kataeb Hezbollah<\/b>, instaron a sus seguidores a prepararse para un posible conflicto total en defensa de Ir\u00e1n.<\/p>\n<p class=\"paragraph\">El Centcom reiter\u00f3 que la misi\u00f3n del despliegue apunta a \u201cgarantizar la seguridad y la estabilidad\u201d, aunque la situaci\u00f3n permanece bajo observaci\u00f3n internacional en medio de un escenario vol\u00e1til.<\/p>\n<p class=\"paragraph\"><i>(Con informaci\u00f3n de EFE y AFP)<\/i><\/p>\n<\/div>\n<p><script defer=\"\">try{!function(f,b,e,v,n,t,s) {if(f.fbq)return;n=f.fbq=function(){n.callMethod? n.callMethod.apply(n,arguments):n.queue.push(arguments)}; if(!f._fbq)f._fbq=n;n.push=n;n.loaded=!0;n.version='2.0'; n.queue=[];t=b.createElement(e);t.async=!0; t.src=v;s=b.getElementsByTagName(e)[0]; s.parentNode.insertBefore(t,s)}(window, document,'script', ' fbq('init', '336383993555320'); fbq('track', 'PageView'); fbq('track', 'ViewContent');}catch(error){console.log(\"Error al inicializar facebookPixelRawCodeScript:\",error);}<\/script><\/p>\n","protected":false},"excerpt":{"rendered":"<p>Comandantes y miembros del Cuerpo de la Guardia Revolucionaria Isl\u00e1mica (REUTERS) Las Fuerzas Armadas de Ir\u00e1n advirtieron que la presencia de un portaaviones y otros buques de Estados Unidos en Oriente Medio incrementa su \u201cvulnerabilidad\u201d y los convierte en \u201cobjetivos al alcance\u201d, en un contexto de creciente tensi\u00f3n bilateral marcado por protestas internas en la [&hellip;]<\/p>\n","protected":false},"author":2,"featured_media":74139,"comment_status":"","ping_status":"","sticky":false,"template":"","format":"standard","meta":{"footnotes":""},"categories":[3],"tags":[],"_links":{"self":[{"href":"https:\/\/maxradio923.com.ar\/index.php\/wp-json\/wp\/v2\/posts\/74885"}],"collection":[{"href":"https:\/\/maxradio923.com.ar\/index.php\/wp-json\/wp\/v2\/posts"}],"about":[{"href":"https:\/\/maxradio923.com.ar\/index.php\/wp-json\/wp\/v2\/types\/post"}],"author":[{"embeddable":true,"href":"https:\/\/maxradio923.com.ar\/index.php\/wp-json\/wp\/v2\/users\/2"}],"replies":[{"embeddable":true,"href":"https:\/\/maxradio923.com.ar\/index.php\/wp-json\/wp\/v2\/comments?post=74885"}],"version-history":[{"count":0,"href":"https:\/\/maxradio923.com.ar\/index.php\/wp-json\/wp\/v2\/posts\/74885\/revisions"}],"wp:featuredmedia":[{"embeddable":true,"href":"https:\/\/maxradio923.com.ar\/index.php\/wp-json\/wp\/v2\/media\/74139"}],"wp:attachment":[{"href":"https:\/\/maxradio923.com.ar\/index.php\/wp-json\/wp\/v2\/media?parent=74885"}],"wp:term":[{"taxonomy":"category","embeddable":true,"href":"https:\/\/maxradio923.com.ar\/index.php\/wp-json\/wp\/v2\/categories?post=74885"},{"taxonomy":"post_tag","embeddable":true,"href":"https:\/\/maxradio923.com.ar\/index.php\/wp-json\/wp\/v2\/tags?post=74885"}],"curies":[{"name":"wp","href":"https:\/\/api.w.org\/{rel}","templated":true}]}}