{"id":74880,"date":"2026-01-27T04:38:02","date_gmt":"2026-01-27T07:38:02","guid":{"rendered":"https:\/\/maxradio923.com.ar\/index.php\/2026\/01\/27\/el-gobierno-de-corea-del-sur-convoco-reuniones-de-emergencia-tras-el-anuncio-de-trump-de-elevar-los-aranceles-al-25\/"},"modified":"2026-01-27T04:38:02","modified_gmt":"2026-01-27T07:38:02","slug":"el-gobierno-de-corea-del-sur-convoco-reuniones-de-emergencia-tras-el-anuncio-de-trump-de-elevar-los-aranceles-al-25","status":"publish","type":"post","link":"https:\/\/maxradio923.com.ar\/index.php\/2026\/01\/27\/el-gobierno-de-corea-del-sur-convoco-reuniones-de-emergencia-tras-el-anuncio-de-trump-de-elevar-los-aranceles-al-25\/","title":{"rendered":"El Gobierno de Corea del Sur convoc\u00f3 reuniones de emergencia tras el anuncio de Trump de elevar los aranceles al 25%"},"content":{"rendered":"<p><\/p>\n<div xmlns:default=\"http:\/\/www.w3.org\/2000\/svg\">\n<div class=\"visual__image image-initial-width\"><picture><source srcset=\"https:\/\/www.infobae.com\/resizer\/v2\/QAQPH7IRKRHPDPPKK75D7Q4FYA.JPG?auth=aaa8acd15e07d480126472fbf9af037e87bcd9dcbfe9dbb273fe37072efba626&amp;smart=true&amp;width=992&amp;height=661&amp;quality=85\" media=\"(min-width: 1000px)\"\/><source srcset=\"https:\/\/www.infobae.com\/resizer\/v2\/QAQPH7IRKRHPDPPKK75D7Q4FYA.JPG?auth=aaa8acd15e07d480126472fbf9af037e87bcd9dcbfe9dbb273fe37072efba626&amp;smart=true&amp;width=768&amp;height=512&amp;quality=85\" media=\"(min-width: 768px)\"\/><source srcset=\"https:\/\/www.infobae.com\/resizer\/v2\/QAQPH7IRKRHPDPPKK75D7Q4FYA.JPG?auth=aaa8acd15e07d480126472fbf9af037e87bcd9dcbfe9dbb273fe37072efba626&amp;smart=true&amp;width=577&amp;height=385&amp;quality=85\" media=\"(min-width: 580px)\"\/><source srcset=\"https:\/\/www.infobae.com\/resizer\/v2\/QAQPH7IRKRHPDPPKK75D7Q4FYA.JPG?auth=aaa8acd15e07d480126472fbf9af037e87bcd9dcbfe9dbb273fe37072efba626&amp;smart=true&amp;width=420&amp;height=280&amp;quality=85\" media=\"(min-width: 350px)\"\/><source srcset=\"https:\/\/www.infobae.com\/resizer\/v2\/QAQPH7IRKRHPDPPKK75D7Q4FYA.JPG?auth=aaa8acd15e07d480126472fbf9af037e87bcd9dcbfe9dbb273fe37072efba626&amp;smart=true&amp;width=350&amp;height=233&amp;quality=85\" media=\"(min-width: 80px)\"\/><img alt=\"El presidente surcoreano Lee Jae\" class=\"global-image\" decoding=\"async\" fetchpriority=\"high\" height=\"3207\" loading=\"eager\" src=\"https:\/\/www.infobae.com\/resizer\/v2\/QAQPH7IRKRHPDPPKK75D7Q4FYA.JPG?auth=aaa8acd15e07d480126472fbf9af037e87bcd9dcbfe9dbb273fe37072efba626&amp;smart=true&amp;width=350&amp;height=233&amp;quality=85\" width=\"4811\"\/><\/picture><figcaption class=\"article-figcaption-img\">El presidente surcoreano Lee Jae Myung (Ahn Young-joon\/REUTERS)<\/figcaption><\/div>\n<p class=\"paragraph\">El gobierno de <b>Corea del Sur<\/b> sostuvo este martes reuniones de emergencia luego de que el presidente de Estados Unidos, <b>Donald Trump<\/b>, anunciara un aumento de aranceles a los productos del pa\u00eds asi\u00e1tico, incluyendo veh\u00edculos, madera y farmac\u00e9uticos, una medida que, de concretarse, elevar\u00eda los grav\u00e1menes del 15% al <b>25%<\/b>.<\/p>\n<p class=\"paragraph\">El anuncio lo realiz\u00f3 Trump el lunes y lo difundi\u00f3 a trav\u00e9s de su red<i> Truth Social<\/i>. \u201cDado que el Poder Legislativo de Corea no ha promulgado nuestro Hist\u00f3rico Acuerdo Comercial, lo cual es su prerrogativa, por la presente<b> incremento los ARANCELES de Corea del Sur sobre autos, productos madereros, farmac\u00e9uticos y todos los dem\u00e1s ARANCELES rec\u00edprocos<\/b>\u201d, escribi\u00f3 el mandatario estadounidense.<\/p>\n<p class=\"paragraph\">Tras esas declaraciones, Se\u00fal celebr\u00f3 una reuni\u00f3n de emergencia para formular una respuesta. El Ministerio de Comercio e Industria inform\u00f3 que el titular de la cartera,<b> Kim Jung-kwan<\/b>, particip\u00f3 de manera remota debido a que se encuentra de visita oficial en Canad\u00e1.<\/p>\n<p class=\"paragraph\">En un comunicado oficial, el gobierno surcoreano se\u00f1al\u00f3 que \u201cnuestro gobierno pretende transmitir su compromiso con la aplicaci\u00f3n del acuerdo arancelario a la parte estadounidense, <b>al tiempo que responde de una manera tranquila y comedida<\/b>\u201d. El texto no incluy\u00f3 detalles sobre eventuales medidas de represalia ni plazos para una definici\u00f3n.<\/p>\n<p class=\"paragraph\">La oficina presidencial de Corea del Sur indic\u00f3 adem\u00e1s que el ministro de Comercio e Industria viajar\u00e1 a Washington para reunirse con su hom\u00f3logo estadounidense, <b>Howard Lutnick<\/b>, con el objetivo de discutir el asunto y explorar v\u00edas de entendimiento ante el anuncio de Trump.<\/p>\n<div class=\"visual__image\"><picture><source srcset=\"https:\/\/www.infobae.com\/resizer\/v2\/JYAGLS3JKBB4DOLXHOFRQPE4FE.JPG?auth=e13570507ed88cdedbd05f23059742979e440ea579129c9296c1b27e4ffe7898&amp;smart=true&amp;width=992&amp;height=662&amp;quality=85\" media=\"(min-width: 1000px)\"\/><source srcset=\"https:\/\/www.infobae.com\/resizer\/v2\/JYAGLS3JKBB4DOLXHOFRQPE4FE.JPG?auth=e13570507ed88cdedbd05f23059742979e440ea579129c9296c1b27e4ffe7898&amp;smart=true&amp;width=768&amp;height=512&amp;quality=85\" media=\"(min-width: 768px)\"\/><source srcset=\"https:\/\/www.infobae.com\/resizer\/v2\/JYAGLS3JKBB4DOLXHOFRQPE4FE.JPG?auth=e13570507ed88cdedbd05f23059742979e440ea579129c9296c1b27e4ffe7898&amp;smart=true&amp;width=577&amp;height=385&amp;quality=85\" media=\"(min-width: 580px)\"\/><source srcset=\"https:\/\/www.infobae.com\/resizer\/v2\/JYAGLS3JKBB4DOLXHOFRQPE4FE.JPG?auth=e13570507ed88cdedbd05f23059742979e440ea579129c9296c1b27e4ffe7898&amp;smart=true&amp;width=420&amp;height=280&amp;quality=85\" media=\"(min-width: 350px)\"\/><source srcset=\"https:\/\/www.infobae.com\/resizer\/v2\/JYAGLS3JKBB4DOLXHOFRQPE4FE.JPG?auth=e13570507ed88cdedbd05f23059742979e440ea579129c9296c1b27e4ffe7898&amp;smart=true&amp;width=350&amp;height=233&amp;quality=85\" media=\"(min-width: 80px)\"\/><img alt=\"Trump dijo que elevar\u00e1 los\" class=\"global-image\" decoding=\"async\" fetchpriority=\"low\" height=\"4804\" loading=\"lazy\" src=\"https:\/\/www.infobae.com\/resizer\/v2\/JYAGLS3JKBB4DOLXHOFRQPE4FE.JPG?auth=e13570507ed88cdedbd05f23059742979e440ea579129c9296c1b27e4ffe7898&amp;smart=true&amp;width=350&amp;height=233&amp;quality=85\" width=\"7202\"\/><\/picture><figcaption class=\"article-figcaption-img\">Trump dijo que elevar\u00e1 los aranceles a Corea del Sur por el bloqueo legislativo al acuerdo comercial (REUTERS)<\/figcaption><\/div>\n<p class=\"paragraph\">El aparente giro del l\u00edder estadounidense se produce meses despu\u00e9s de que Estados Unidos y Corea del Sur alcanzaran un acuerdo comercial y de seguridad tras un periodo de negociaciones tensas. Ese pacto se cerr\u00f3 luego de una reuni\u00f3n entre Trump y su par surcoreano, <b>Lee Jae-myung<\/b>, en octubre pasado.<\/p>\n<p class=\"paragraph\">El entendimiento incluy\u00f3 promesas de nuevas inversiones por parte de Corea del Sur, as\u00ed como recortes arancelarios de Estados Unidos. Bajo ese marco, Washington mantendr\u00eda grav\u00e1menes de hasta el 15% sobre productos surcoreanos, entre ellos veh\u00edculos, autopartes y productos farmac\u00e9uticos.<\/p>\n<p class=\"paragraph\">Los t\u00e9rminos del arreglo redujeron las tarifas estadounidenses sobre autom\u00f3viles surcoreanos desde un nivel del 25%. La aplicaci\u00f3n de la advertencia m\u00e1s reciente de Trump implicar\u00eda un retorno a ese esquema previo, lo que modificar\u00eda las condiciones comerciales vigentes entre ambos pa\u00edses.<\/p>\n<p class=\"paragraph\"><b>La industria automotriz representa el 27% de las exportaciones de Corea del Sur a Estados Unidos<\/b>, un mercado que recibe casi la mitad de los env\u00edos de autos del pa\u00eds asi\u00e1tico. Un aumento de aranceles en ese sector tendr\u00eda un impacto directo sobre uno de los principales motores de las ventas externas surcoreanas.<\/p>\n<p class=\"paragraph\">En noviembre, el gobierno de Corea del Sur hab\u00eda se\u00f1alado que el acuerdo no requer\u00eda aprobaci\u00f3n legislativa debido a que se trataba de un memorando de entendimiento y no de un acuerdo legalmente vinculante. No obstante, un alto cargo en Se\u00fal, consultado sobre si el texto fue enviado al Parlamento, respondi\u00f3 que <b>esa posibilidad estaba bajo an\u00e1lisis<\/b>, sin ofrecer precisiones.<\/p>\n<div class=\"visual__image\"><picture><source srcset=\"https:\/\/www.infobae.com\/resizer\/v2\/NXTFONN3HZCQXKXUYK4IXWFJGU.JPG?auth=8801d8c374437ffe75e9b75a10864d51f366ab7da7ef61b58280c99f4597193a&amp;smart=true&amp;width=992&amp;height=662&amp;quality=85\" media=\"(min-width: 1000px)\"\/><source srcset=\"https:\/\/www.infobae.com\/resizer\/v2\/NXTFONN3HZCQXKXUYK4IXWFJGU.JPG?auth=8801d8c374437ffe75e9b75a10864d51f366ab7da7ef61b58280c99f4597193a&amp;smart=true&amp;width=768&amp;height=512&amp;quality=85\" media=\"(min-width: 768px)\"\/><source srcset=\"https:\/\/www.infobae.com\/resizer\/v2\/NXTFONN3HZCQXKXUYK4IXWFJGU.JPG?auth=8801d8c374437ffe75e9b75a10864d51f366ab7da7ef61b58280c99f4597193a&amp;smart=true&amp;width=577&amp;height=385&amp;quality=85\" media=\"(min-width: 580px)\"\/><source srcset=\"https:\/\/www.infobae.com\/resizer\/v2\/NXTFONN3HZCQXKXUYK4IXWFJGU.JPG?auth=8801d8c374437ffe75e9b75a10864d51f366ab7da7ef61b58280c99f4597193a&amp;smart=true&amp;width=420&amp;height=280&amp;quality=85\" media=\"(min-width: 350px)\"\/><source srcset=\"https:\/\/www.infobae.com\/resizer\/v2\/NXTFONN3HZCQXKXUYK4IXWFJGU.JPG?auth=8801d8c374437ffe75e9b75a10864d51f366ab7da7ef61b58280c99f4597193a&amp;smart=true&amp;width=350&amp;height=233&amp;quality=85\" media=\"(min-width: 80px)\"\/><img alt=\"El aparente giro del l\u00edder\" class=\"global-image\" decoding=\"async\" fetchpriority=\"low\" height=\"3286\" loading=\"lazy\" src=\"https:\/\/www.infobae.com\/resizer\/v2\/NXTFONN3HZCQXKXUYK4IXWFJGU.JPG?auth=8801d8c374437ffe75e9b75a10864d51f366ab7da7ef61b58280c99f4597193a&amp;smart=true&amp;width=350&amp;height=233&amp;quality=85\" width=\"4926\"\/><\/picture><figcaption class=\"article-figcaption-img\">El aparente giro del l\u00edder estadounidense se produce meses despu\u00e9s de que Estados Unidos y Corea del Sur alcanzaran un acuerdo comercial y de seguridad tras un periodo de negociaciones tensas (REUTERS)<\/figcaption><\/div>\n<p class=\"paragraph\">Un regreso a aranceles m\u00e1s elevados colocar\u00eda a las exportaciones surcoreanas en una posici\u00f3n menos ventajosa frente a econom\u00edas como Jap\u00f3n y la Uni\u00f3n Europea, que alcanzaron acuerdos para recibir grav\u00e1menes estadounidenses del 15% sobre sus productos.<\/p>\n<p class=\"paragraph\">Hasta el momento, la administraci\u00f3n Trump no emiti\u00f3 avisos formales para aplicar los cambios anunciados.<\/p>\n<p class=\"paragraph\"><i>(Con informaci\u00f3n de AFP)<\/i><\/p>\n<\/div>\n<p><script defer=\"\">try{!function(f,b,e,v,n,t,s) {if(f.fbq)return;n=f.fbq=function(){n.callMethod? n.callMethod.apply(n,arguments):n.queue.push(arguments)}; if(!f._fbq)f._fbq=n;n.push=n;n.loaded=!0;n.version='2.0'; n.queue=[];t=b.createElement(e);t.async=!0; t.src=v;s=b.getElementsByTagName(e)[0]; s.parentNode.insertBefore(t,s)}(window, document,'script', ' fbq('init', '336383993555320'); fbq('track', 'PageView'); fbq('track', 'ViewContent');}catch(error){console.log(\"Error al inicializar facebookPixelRawCodeScript:\",error);}<\/script><\/p>\n","protected":false},"excerpt":{"rendered":"<p>El presidente surcoreano Lee Jae Myung (Ahn Young-joon\/REUTERS) El gobierno de Corea del Sur sostuvo este martes reuniones de emergencia luego de que el presidente de Estados Unidos, Donald Trump, anunciara un aumento de aranceles a los productos del pa\u00eds asi\u00e1tico, incluyendo veh\u00edculos, madera y farmac\u00e9uticos, una medida que, de concretarse, elevar\u00eda los grav\u00e1menes del [&hellip;]<\/p>\n","protected":false},"author":2,"featured_media":74881,"comment_status":"","ping_status":"","sticky":false,"template":"","format":"standard","meta":{"footnotes":""},"categories":[3],"tags":[],"_links":{"self":[{"href":"https:\/\/maxradio923.com.ar\/index.php\/wp-json\/wp\/v2\/posts\/74880"}],"collection":[{"href":"https:\/\/maxradio923.com.ar\/index.php\/wp-json\/wp\/v2\/posts"}],"about":[{"href":"https:\/\/maxradio923.com.ar\/index.php\/wp-json\/wp\/v2\/types\/post"}],"author":[{"embeddable":true,"href":"https:\/\/maxradio923.com.ar\/index.php\/wp-json\/wp\/v2\/users\/2"}],"replies":[{"embeddable":true,"href":"https:\/\/maxradio923.com.ar\/index.php\/wp-json\/wp\/v2\/comments?post=74880"}],"version-history":[{"count":0,"href":"https:\/\/maxradio923.com.ar\/index.php\/wp-json\/wp\/v2\/posts\/74880\/revisions"}],"wp:featuredmedia":[{"embeddable":true,"href":"https:\/\/maxradio923.com.ar\/index.php\/wp-json\/wp\/v2\/media\/74881"}],"wp:attachment":[{"href":"https:\/\/maxradio923.com.ar\/index.php\/wp-json\/wp\/v2\/media?parent=74880"}],"wp:term":[{"taxonomy":"category","embeddable":true,"href":"https:\/\/maxradio923.com.ar\/index.php\/wp-json\/wp\/v2\/categories?post=74880"},{"taxonomy":"post_tag","embeddable":true,"href":"https:\/\/maxradio923.com.ar\/index.php\/wp-json\/wp\/v2\/tags?post=74880"}],"curies":[{"name":"wp","href":"https:\/\/api.w.org\/{rel}","templated":true}]}}