{"id":74878,"date":"2026-01-27T04:36:02","date_gmt":"2026-01-27T07:36:02","guid":{"rendered":"https:\/\/maxradio923.com.ar\/index.php\/2026\/01\/27\/un-argentino-fue-deportado-desde-mexico-a-eeuu-junto-a-otros-36-fugitivos-acusados-de-delitos-federales\/"},"modified":"2026-01-27T04:36:02","modified_gmt":"2026-01-27T07:36:02","slug":"un-argentino-fue-deportado-desde-mexico-a-eeuu-junto-a-otros-36-fugitivos-acusados-de-delitos-federales","status":"publish","type":"post","link":"https:\/\/maxradio923.com.ar\/index.php\/2026\/01\/27\/un-argentino-fue-deportado-desde-mexico-a-eeuu-junto-a-otros-36-fugitivos-acusados-de-delitos-federales\/","title":{"rendered":"Un argentino fue deportado desde M\u00e9xico a EEUU junto a otros 36 fugitivos acusados de delitos federales"},"content":{"rendered":"<p><\/p>\n<h2 class=\"article-subheadline text_align_left\">Entre los extraditados se encuentra Manuel Ignacio Correa, un hombre de General Roca, vinculado a organizaciones criminales<\/h2>\n<p><\/p>\n<p class=\"paragraph\">En la <b>mayor entrega<\/b> de <b>criminales de alto perfil<\/b> registrada en <b>M\u00e9xico<\/b>, el martes 20 de enero, <i>el gobierno mexicano <\/i><i><b>extradit\u00f3 a 37 presuntos integrantes<\/b><\/i><i> de organizaciones delictivas a <\/i><i><b>Estados Unidos<\/b><\/i>, en una operaci\u00f3n coordinada con autoridades estadounidenses. Entre ellos se encuentra <b>Manuel Ignacio Correa<\/b>, oriundo de la provincia de R\u00edo Negro. <\/p>\n<p><\/p>\n<p class=\"paragraph\">La lista de deportados incluye personas asociadas al tr\u00e1fico de personas, comercio ilegal de armas y miembros de carteles de droga como el <b>C\u00e1rtel de Sinaloa<\/b>, <b>C\u00e1rtel de Jalisco Nueva Generaci\u00f3n<\/b>, <b>C\u00e1rtel del Noreste<\/b> (anteriormente Los Zetas) y <b>C\u00e1rtel del Golfo<\/b>.<\/p>\n<p><\/p>\n<p class=\"paragraph\">Las autoridades norteamericanas agradecieron la cooperaci\u00f3n mexicana y remarcaron: \u201cLa DEA seguir\u00e1 impulsando, junto con nuestros socios estadounidenses e internacionales, el desmantelamiento de estos c\u00e1rteles terroristas, la interrupci\u00f3n del suministro de fentanilo y la salvaci\u00f3n de vidas estadounidenses\u201d.<\/p>\n<p><\/p>\n<p class=\"paragraph\">En el caso de Correa, la <b>fiscal general Pamela Bondi<\/b> identific\u00f3 al detenido como un empresario de 44 a\u00f1os, con residencia en la Colonia Roma Norte de la <b>Ciudad de M\u00e9xico<\/b> y vinculado como socio de la firma \u201cServicios Ejecutivos del Sur Sociedad por Acciones Simplificada\u201d, inscrita en julio de 2019 en <b>R\u00edo Negro<\/b>.<\/p>\n<p><\/p>\n<p class=\"paragraph\">Las autoridades estadounidenses no revelaron los cargos espec\u00edficos imputados a Correa, pero confirmaron su deportaci\u00f3n al <b>Distrito Este de Kentucky<\/b>, donde enfrentar\u00e1 un proceso judicial que podr\u00eda derivar en una condena de <b>hasta 20 a\u00f1os de prisi\u00f3n<\/b>.<\/p>\n<p><\/p>\n<p class=\"paragraph\">Este no es el principal argentino que corre con esta suerte, puesto que en noviembre del a\u00f1o pasado <b>Fred Machado<\/b> fue extraditado a Estados Unidos para comparecer ante la justicia por los delitos de <b>lavado de activos, estafa y tr\u00e1fico de coca\u00edna<\/b>.<\/p>\n","protected":false},"excerpt":{"rendered":"<p>Entre los extraditados se encuentra Manuel Ignacio Correa, un hombre de General Roca, vinculado a organizaciones criminales En la mayor entrega de criminales de alto perfil registrada en M\u00e9xico, el martes 20 de enero, el gobierno mexicano extradit\u00f3 a 37 presuntos integrantes de organizaciones delictivas a Estados Unidos, en una operaci\u00f3n coordinada con autoridades estadounidenses. [&hellip;]<\/p>\n","protected":false},"author":2,"featured_media":74879,"comment_status":"","ping_status":"","sticky":false,"template":"","format":"standard","meta":{"footnotes":""},"categories":[12],"tags":[],"_links":{"self":[{"href":"https:\/\/maxradio923.com.ar\/index.php\/wp-json\/wp\/v2\/posts\/74878"}],"collection":[{"href":"https:\/\/maxradio923.com.ar\/index.php\/wp-json\/wp\/v2\/posts"}],"about":[{"href":"https:\/\/maxradio923.com.ar\/index.php\/wp-json\/wp\/v2\/types\/post"}],"author":[{"embeddable":true,"href":"https:\/\/maxradio923.com.ar\/index.php\/wp-json\/wp\/v2\/users\/2"}],"replies":[{"embeddable":true,"href":"https:\/\/maxradio923.com.ar\/index.php\/wp-json\/wp\/v2\/comments?post=74878"}],"version-history":[{"count":0,"href":"https:\/\/maxradio923.com.ar\/index.php\/wp-json\/wp\/v2\/posts\/74878\/revisions"}],"wp:featuredmedia":[{"embeddable":true,"href":"https:\/\/maxradio923.com.ar\/index.php\/wp-json\/wp\/v2\/media\/74879"}],"wp:attachment":[{"href":"https:\/\/maxradio923.com.ar\/index.php\/wp-json\/wp\/v2\/media?parent=74878"}],"wp:term":[{"taxonomy":"category","embeddable":true,"href":"https:\/\/maxradio923.com.ar\/index.php\/wp-json\/wp\/v2\/categories?post=74878"},{"taxonomy":"post_tag","embeddable":true,"href":"https:\/\/maxradio923.com.ar\/index.php\/wp-json\/wp\/v2\/tags?post=74878"}],"curies":[{"name":"wp","href":"https:\/\/api.w.org\/{rel}","templated":true}]}}