{"id":74876,"date":"2026-01-27T04:20:03","date_gmt":"2026-01-27T07:20:03","guid":{"rendered":"https:\/\/maxradio923.com.ar\/index.php\/2026\/01\/27\/0712robo-y-amenaza-de-bomba-en-un-comercio-de-cordoba-el-ladron-dejo-un-paquete-en-el-mostrador-antes-de-escapar\/"},"modified":"2026-01-27T04:20:03","modified_gmt":"2026-01-27T07:20:03","slug":"0712robo-y-amenaza-de-bomba-en-un-comercio-de-cordoba-el-ladron-dejo-un-paquete-en-el-mostrador-antes-de-escapar","status":"publish","type":"post","link":"https:\/\/maxradio923.com.ar\/index.php\/2026\/01\/27\/0712robo-y-amenaza-de-bomba-en-un-comercio-de-cordoba-el-ladron-dejo-un-paquete-en-el-mostrador-antes-de-escapar\/","title":{"rendered":"07:12Robo y amenaza de bomba en un comercio de C\u00f3rdoba: el ladr\u00f3n dej\u00f3 un paquete en el mostrador antes de escapar"},"content":{"rendered":"<p><\/p>\n<h2 class=\"article-subheadline text_align_left\">\u201cEs una bomba, no salgas, llam\u00e1 a Bomberos\u201d, dec\u00eda la nota que acompa\u00f1aba la caja sospechosa. Las autoridades debieron evacuar y perimetrar la zona<\/h2>\n<p><\/p>\n<p class=\"paragraph\">Una serie de hechos desencadenados durante la tarde del lunes en pleno centro de la provincia de <i><b>C\u00f3rdoba<\/b><\/i><i> <\/i>generaron caos y p\u00e1nico entre los presentes. Un robo y posterior <i><b>amenaza de bomba <\/b><\/i>en una joyer\u00eda provocaron el despliegue de <b>un importante operativo policial.<\/b><\/p>\n<p><\/p>\n<p class=\"paragraph\">El incidente se origin\u00f3 cuando <b>un hombre <\/b>ingres\u00f3 a una joyer\u00eda simulando ser un cliente y, en un descuido de la empleada, sustrajo <b>dos juegos de pendientes de oro<\/b>. Al retirarse, dej\u00f3 sobre el mostrador una caja peque\u00f1a que en principio no pareci\u00f3 sospechosa hasta que la mujer ley\u00f3 la etiqueta de la misma. <b>\u201cEs una bomba, no salgas, llam\u00e1 a Bomberos\u201d<\/b>, dec\u00eda la nota que estaba escrita a mano con color negro y pegada con cinta sobre la tapa.<\/p>\n<p><\/p>\n<p class=\"paragraph\">Seg\u00fan inform\u00f3 la <b>Polic\u00eda de C\u00f3rdoba<\/b>, el paquete ten\u00eda adem\u00e1s una <b>pila tipo AA <\/b>adherida con cinta y cables conectados al interior de la caja. La amenaza activ\u00f3 de inmediato el protocolo de seguridad que demand\u00f3 la evacuaci\u00f3n de comercios y oficinas de la zona, adem\u00e1s del corte preventivo de la avenida Col\u00f3n.<\/p>\n<p><\/p>\n<p class=\"paragraph\">El personal del <b>Departamento de Explosivos<\/b> intervino en el lugar y utiliz\u00f3 un ca\u00f1\u00f3n disruptor -un dispositivo que lanza un chorro de agua a presi\u00f3n destinado a neutralizar posibles mecanismos detonantes-. <\/p>\n<p><\/p>\n<p class=\"paragraph\">El an\u00e1lisis pericial determin\u00f3 que la caja conten\u00eda <b>tres bulones<\/b>, los cuales salieron proyectados e impactaron contra las vidrieras de tres locales comerciales, situados en distintos puntos de la galer\u00eda. Los da\u00f1os alcanzaron a una tienda de telefon\u00eda celular, un comercio de indumentaria femenina y otro local emplazado en el primer piso. Afortunadamente, no hubo <b>personas heridas.<\/b><\/p>\n<p><\/p>\n<p class=\"paragraph\">Una situaci\u00f3n de tensi\u00f3n se vivi\u00f3 el mes pasado en el <i>aeropuerto de <\/i><i><b>Comodoro Rivadavia<\/b><\/i>, cuando una mujer asegur\u00f3 que llevaba una bomba en su equipaje de mano antes de abordar un vuelo con destino a <b>Buenos Aires<\/b>. El hecho ocurri\u00f3 en la zona de pre-embarque de vuelos nacionales y provoc\u00f3 la inmediata intervenci\u00f3n de la <b>Polic\u00eda de Seguridad Aeroportuaria (PSA)<\/b>, que activ\u00f3 el protocolo para amenazas de explosivos. <b>Los pasajeros y el personal presentes en el \u00e1rea fueron evacuados como medida preventiva, mientras el equipo antibombas de la PSA realizaba los controles correspondientes.<\/b><\/p>\n","protected":false},"excerpt":{"rendered":"<p>\u201cEs una bomba, no salgas, llam\u00e1 a Bomberos\u201d, dec\u00eda la nota que acompa\u00f1aba la caja sospechosa. Las autoridades debieron evacuar y perimetrar la zona Una serie de hechos desencadenados durante la tarde del lunes en pleno centro de la provincia de C\u00f3rdoba generaron caos y p\u00e1nico entre los presentes. Un robo y posterior amenaza de [&hellip;]<\/p>\n","protected":false},"author":2,"featured_media":74877,"comment_status":"","ping_status":"","sticky":false,"template":"","format":"standard","meta":{"footnotes":""},"categories":[12],"tags":[],"_links":{"self":[{"href":"https:\/\/maxradio923.com.ar\/index.php\/wp-json\/wp\/v2\/posts\/74876"}],"collection":[{"href":"https:\/\/maxradio923.com.ar\/index.php\/wp-json\/wp\/v2\/posts"}],"about":[{"href":"https:\/\/maxradio923.com.ar\/index.php\/wp-json\/wp\/v2\/types\/post"}],"author":[{"embeddable":true,"href":"https:\/\/maxradio923.com.ar\/index.php\/wp-json\/wp\/v2\/users\/2"}],"replies":[{"embeddable":true,"href":"https:\/\/maxradio923.com.ar\/index.php\/wp-json\/wp\/v2\/comments?post=74876"}],"version-history":[{"count":0,"href":"https:\/\/maxradio923.com.ar\/index.php\/wp-json\/wp\/v2\/posts\/74876\/revisions"}],"wp:featuredmedia":[{"embeddable":true,"href":"https:\/\/maxradio923.com.ar\/index.php\/wp-json\/wp\/v2\/media\/74877"}],"wp:attachment":[{"href":"https:\/\/maxradio923.com.ar\/index.php\/wp-json\/wp\/v2\/media?parent=74876"}],"wp:term":[{"taxonomy":"category","embeddable":true,"href":"https:\/\/maxradio923.com.ar\/index.php\/wp-json\/wp\/v2\/categories?post=74876"},{"taxonomy":"post_tag","embeddable":true,"href":"https:\/\/maxradio923.com.ar\/index.php\/wp-json\/wp\/v2\/tags?post=74876"}],"curies":[{"name":"wp","href":"https:\/\/api.w.org\/{rel}","templated":true}]}}