{"id":74874,"date":"2026-01-27T04:04:03","date_gmt":"2026-01-27T07:04:03","guid":{"rendered":"https:\/\/maxradio923.com.ar\/index.php\/2026\/01\/27\/evelyn-botto-conto-como-vive-su-noviazgo-con-fede-bal-en-mar-del-plata-enamorada-diez-de-diez\/"},"modified":"2026-01-27T04:04:03","modified_gmt":"2026-01-27T07:04:03","slug":"evelyn-botto-conto-como-vive-su-noviazgo-con-fede-bal-en-mar-del-plata-enamorada-diez-de-diez","status":"publish","type":"post","link":"https:\/\/maxradio923.com.ar\/index.php\/2026\/01\/27\/evelyn-botto-conto-como-vive-su-noviazgo-con-fede-bal-en-mar-del-plata-enamorada-diez-de-diez\/","title":{"rendered":"Evelyn Botto cont\u00f3 c\u00f3mo vive su noviazgo con Fede Bal en Mar del Plata: \u201cEnamorada diez de diez\u201d"},"content":{"rendered":"<p><\/p>\n<h2 class=\"article-subheadline text_align_left\">La actriz revela en charla con Teleshow c\u00f3mo vive su historia de amor <\/h2>\n<p><\/p>\n<p class=\"paragraph\">Entre besos, d\u00edas de playa y divertidas salidas, <b>Evelyn Botto<\/b><b> <\/b>y <b>Fede Bal <\/b>transitan su primer verano como novios en <b>Mar del Plata<\/b>. Si bien cada uno lleg\u00f3 a La Feliz por sus propios compromisos laborales, la pareja busca aprovechar cada momento libre para acompa\u00f1arse y disfrutar de la compa\u00f1\u00eda del otro. En ese marco, Teleshow dialog\u00f3 con la actriz quien relat\u00f3 c\u00f3mo vive su estad\u00eda con su novio en la ciudad y relat\u00f3 c\u00f3mo imagina su encuentro con <b>Carmen Barbieri<\/b>.<\/p>\n<p><\/p>\n<p class=\"paragraph\">Entre las decisiones que cambiaron el rumbo, Bal mencion\u00f3 la idea de viajar a Nueva York. \u201cFue una primera propuesta que naci\u00f3 un poco de eso. Me levant\u00e9 un lunes a la ma\u00f1ana y le dije: \u2018\u00bfNos vamos a Nueva York? \u00bfPasamos las fiestas?\u2019. Yo vivo la vida as\u00ed y si no, me aburro un poco. Me pareci\u00f3 un buen momento y fue la prueba de fuego\u201d, cont\u00f3 Federico. Con este ida y vuelta en mente, y sus sentimientos a flor de piel, la actriz charl\u00f3 con Teleshow sobre su noviazgo, sus proyectos y su estad\u00eda en la ciudad.<\/p>\n<p><\/p>\n<p class=\"paragraph\"><b>&#8211; \u00bfC\u00f3mo empezaste este verano?<\/b><\/p>\n<p><\/p>\n<p class=\"paragraph\">&#8211; Re bi\u00e9n. La verdad que trabajando much\u00edsimo con un programa que est\u00e1 yendo relindo, que es Tapados de Laburo en Olga. As\u00ed que como muy agradecidos con lo que est\u00e1 pasando con la gente que nos viene a buscar, como podr\u00e1s observar. Se prenden en todas, los amo. As\u00ed que bien.<\/p>\n<p><\/p>\n<p class=\"paragraph\"><b>&#8211; \u00bfQu\u00e9 aprovechaste para hacer en Mar de Plata? \u00bfQu\u00e9 es lo que m\u00e1s te gusta?<\/b><\/p>\n<p><\/p>\n<p class=\"paragraph\">&#8211; Fuimos a ver muchas obras, fuimos a comer a muchos restaurantes, hice un poquito de playa, pero la verdad que estamos trabajando bastante y el horario es medio&#8230; Yo termino ac\u00e1 y me voy a grabar para ESPN, entonces despu\u00e9s me duermo una siesta, soy una se\u00f1ora.<\/p>\n","protected":false},"excerpt":{"rendered":"<p>La actriz revela en charla con Teleshow c\u00f3mo vive su historia de amor Entre besos, d\u00edas de playa y divertidas salidas, Evelyn Botto y Fede Bal transitan su primer verano como novios en Mar del Plata. Si bien cada uno lleg\u00f3 a La Feliz por sus propios compromisos laborales, la pareja busca aprovechar cada momento [&hellip;]<\/p>\n","protected":false},"author":2,"featured_media":74875,"comment_status":"","ping_status":"","sticky":false,"template":"","format":"standard","meta":{"footnotes":""},"categories":[12],"tags":[],"_links":{"self":[{"href":"https:\/\/maxradio923.com.ar\/index.php\/wp-json\/wp\/v2\/posts\/74874"}],"collection":[{"href":"https:\/\/maxradio923.com.ar\/index.php\/wp-json\/wp\/v2\/posts"}],"about":[{"href":"https:\/\/maxradio923.com.ar\/index.php\/wp-json\/wp\/v2\/types\/post"}],"author":[{"embeddable":true,"href":"https:\/\/maxradio923.com.ar\/index.php\/wp-json\/wp\/v2\/users\/2"}],"replies":[{"embeddable":true,"href":"https:\/\/maxradio923.com.ar\/index.php\/wp-json\/wp\/v2\/comments?post=74874"}],"version-history":[{"count":0,"href":"https:\/\/maxradio923.com.ar\/index.php\/wp-json\/wp\/v2\/posts\/74874\/revisions"}],"wp:featuredmedia":[{"embeddable":true,"href":"https:\/\/maxradio923.com.ar\/index.php\/wp-json\/wp\/v2\/media\/74875"}],"wp:attachment":[{"href":"https:\/\/maxradio923.com.ar\/index.php\/wp-json\/wp\/v2\/media?parent=74874"}],"wp:term":[{"taxonomy":"category","embeddable":true,"href":"https:\/\/maxradio923.com.ar\/index.php\/wp-json\/wp\/v2\/categories?post=74874"},{"taxonomy":"post_tag","embeddable":true,"href":"https:\/\/maxradio923.com.ar\/index.php\/wp-json\/wp\/v2\/tags?post=74874"}],"curies":[{"name":"wp","href":"https:\/\/api.w.org\/{rel}","templated":true}]}}