{"id":74872,"date":"2026-01-27T03:48:02","date_gmt":"2026-01-27T06:48:02","guid":{"rendered":"https:\/\/maxradio923.com.ar\/index.php\/2026\/01\/27\/0611el-gobierno-aumento-los-salarios-de-las-fuerzas-armadas-y-de-la-policia-de-establecimientos-navales\/"},"modified":"2026-01-27T03:48:02","modified_gmt":"2026-01-27T06:48:02","slug":"0611el-gobierno-aumento-los-salarios-de-las-fuerzas-armadas-y-de-la-policia-de-establecimientos-navales","status":"publish","type":"post","link":"https:\/\/maxradio923.com.ar\/index.php\/2026\/01\/27\/0611el-gobierno-aumento-los-salarios-de-las-fuerzas-armadas-y-de-la-policia-de-establecimientos-navales\/","title":{"rendered":"06:11El Gobierno aument\u00f3 los salarios de las Fuerzas Armadas y de la Polic\u00eda de Establecimientos Navales"},"content":{"rendered":"<p><\/p>\n<h2 class=\"article-subheadline text_align_left\">Los nuevos montos de los haberes quedaron detallados en una resoluci\u00f3n conjunta publicada en Bolet\u00edn Oficial<\/h2>\n<p><\/p>\n<p class=\"paragraph\">El<i><b> Gobierno<\/b><\/i> confirm\u00f3 un aumento para el personal militar de las <b>Fuerzas Armadas<\/b> y para el personal de la<b> Polic\u00eda de Establecimientos Navales<\/b>, con vigencia a partir de diciembre. Esta medida se suma a los incrementos salariales otorgados en los \u00faltimos d\u00edas para los empleados estatales.<\/p>\n<p><\/p>\n<p class=\"paragraph\">En el caso de la <b>Polic\u00eda de Establecimientos Navales<\/b>, la adecuaci\u00f3n salarial se estableci\u00f3 en el Anexo II de la resoluci\u00f3n. Ambos documentos especificaron los nuevos valores seg\u00fan las distintas jerarqu\u00edas.<\/p>\n<p><\/p>\n<p class=\"paragraph\">La elaboraci\u00f3n de la medida cont\u00f3 con la intervenci\u00f3n de la Comisi\u00f3n T\u00e9cnica Asesora de Pol\u00edtica Salarial del Sector P\u00fablico, que particip\u00f3 en la evaluaci\u00f3n y determinaci\u00f3n de los nuevos montos. <\/p>\n<p><\/p>\n<p class=\"paragraph\">En una publicaci\u00f3n oficial de este lunes, el Poder Ejecutivo oficializ\u00f3 un <i><b>aumento salarial del 2% <\/b><\/i><i>para los trabajadores estatales<\/i> del <b>Sistema Nacional de Empleo P\u00fablico (SINEP)<\/b>, junto con el pago de una suma fija de <b>$50.000<\/b> correspondiente al \u00faltimo mes del 2025.<\/p>\n<p><\/p>\n<p class=\"paragraph\">La medida se formaliz\u00f3 mediante el<b> decreto 37\/2026 <\/b>y respondi\u00f3 al acuerdo alcanzado el 26 de diciembre entre las autoridades gubernamentales y los representantes sindicales en la <b>Comisi\u00f3n Negociadora Sectorial<\/b>, en la que participaron la Uni\u00f3n del <b>Personal Civil de la Naci\u00f3n (UPCN),<\/b> la <b>Asociaci\u00f3n de Trabajadores del Estado (ATE)<\/b>, la <b>Jefatura de Gabinete de Ministros<\/b>, el <b>Ministerio de Desregulaci\u00f3n<\/b> y el <b>Ministerio de Econom\u00eda<\/b>.<\/p>\n<p><\/p>\n<p class=\"paragraph\">Mientras que UPCN aval\u00f3 el entendimiento, desde ATE se manifestaron en desacuerdo, argumentando que el incremento resulta insuficiente frente a la inflaci\u00f3n y representa una p\u00e9rdida acumulada del poder adquisitivo.<\/p>\n","protected":false},"excerpt":{"rendered":"<p>Los nuevos montos de los haberes quedaron detallados en una resoluci\u00f3n conjunta publicada en Bolet\u00edn Oficial El Gobierno confirm\u00f3 un aumento para el personal militar de las Fuerzas Armadas y para el personal de la Polic\u00eda de Establecimientos Navales, con vigencia a partir de diciembre. Esta medida se suma a los incrementos salariales otorgados en [&hellip;]<\/p>\n","protected":false},"author":2,"featured_media":74873,"comment_status":"","ping_status":"","sticky":false,"template":"","format":"standard","meta":{"footnotes":""},"categories":[12],"tags":[],"_links":{"self":[{"href":"https:\/\/maxradio923.com.ar\/index.php\/wp-json\/wp\/v2\/posts\/74872"}],"collection":[{"href":"https:\/\/maxradio923.com.ar\/index.php\/wp-json\/wp\/v2\/posts"}],"about":[{"href":"https:\/\/maxradio923.com.ar\/index.php\/wp-json\/wp\/v2\/types\/post"}],"author":[{"embeddable":true,"href":"https:\/\/maxradio923.com.ar\/index.php\/wp-json\/wp\/v2\/users\/2"}],"replies":[{"embeddable":true,"href":"https:\/\/maxradio923.com.ar\/index.php\/wp-json\/wp\/v2\/comments?post=74872"}],"version-history":[{"count":0,"href":"https:\/\/maxradio923.com.ar\/index.php\/wp-json\/wp\/v2\/posts\/74872\/revisions"}],"wp:featuredmedia":[{"embeddable":true,"href":"https:\/\/maxradio923.com.ar\/index.php\/wp-json\/wp\/v2\/media\/74873"}],"wp:attachment":[{"href":"https:\/\/maxradio923.com.ar\/index.php\/wp-json\/wp\/v2\/media?parent=74872"}],"wp:term":[{"taxonomy":"category","embeddable":true,"href":"https:\/\/maxradio923.com.ar\/index.php\/wp-json\/wp\/v2\/categories?post=74872"},{"taxonomy":"post_tag","embeddable":true,"href":"https:\/\/maxradio923.com.ar\/index.php\/wp-json\/wp\/v2\/tags?post=74872"}],"curies":[{"name":"wp","href":"https:\/\/api.w.org\/{rel}","templated":true}]}}