{"id":74870,"date":"2026-01-27T03:34:02","date_gmt":"2026-01-27T06:34:02","guid":{"rendered":"https:\/\/maxradio923.com.ar\/index.php\/2026\/01\/27\/india-y-la-union-europea-anunciaran-este-martes-en-nueva-delhi-un-amplio-pacto-comercial-tras-dos-decadas-de-negociaciones\/"},"modified":"2026-01-27T03:34:02","modified_gmt":"2026-01-27T06:34:02","slug":"india-y-la-union-europea-anunciaran-este-martes-en-nueva-delhi-un-amplio-pacto-comercial-tras-dos-decadas-de-negociaciones","status":"publish","type":"post","link":"https:\/\/maxradio923.com.ar\/index.php\/2026\/01\/27\/india-y-la-union-europea-anunciaran-este-martes-en-nueva-delhi-un-amplio-pacto-comercial-tras-dos-decadas-de-negociaciones\/","title":{"rendered":"India y la Uni\u00f3n Europea anunciar\u00e1n este martes en Nueva Delhi un amplio pacto comercial tras dos d\u00e9cadas de negociaciones"},"content":{"rendered":"<p><\/p>\n<div xmlns:default=\"http:\/\/www.w3.org\/2000\/svg\">\n<div class=\"visual__image image-initial-width\"><picture><source srcset=\"https:\/\/www.infobae.com\/resizer\/v2\/ZN5L3TFAXRCJHJ3H7G2SDVG7PA.JPG?auth=686313a191b0b21539a866e5024ef432e75e8f0e0454db60daae49475d2d8cad&amp;smart=true&amp;width=992&amp;height=661&amp;quality=85\" media=\"(min-width: 1000px)\"\/><source srcset=\"https:\/\/www.infobae.com\/resizer\/v2\/ZN5L3TFAXRCJHJ3H7G2SDVG7PA.JPG?auth=686313a191b0b21539a866e5024ef432e75e8f0e0454db60daae49475d2d8cad&amp;smart=true&amp;width=768&amp;height=512&amp;quality=85\" media=\"(min-width: 768px)\"\/><source srcset=\"https:\/\/www.infobae.com\/resizer\/v2\/ZN5L3TFAXRCJHJ3H7G2SDVG7PA.JPG?auth=686313a191b0b21539a866e5024ef432e75e8f0e0454db60daae49475d2d8cad&amp;smart=true&amp;width=577&amp;height=384&amp;quality=85\" media=\"(min-width: 580px)\"\/><source srcset=\"https:\/\/www.infobae.com\/resizer\/v2\/ZN5L3TFAXRCJHJ3H7G2SDVG7PA.JPG?auth=686313a191b0b21539a866e5024ef432e75e8f0e0454db60daae49475d2d8cad&amp;smart=true&amp;width=420&amp;height=280&amp;quality=85\" media=\"(min-width: 350px)\"\/><source srcset=\"https:\/\/www.infobae.com\/resizer\/v2\/ZN5L3TFAXRCJHJ3H7G2SDVG7PA.JPG?auth=686313a191b0b21539a866e5024ef432e75e8f0e0454db60daae49475d2d8cad&amp;smart=true&amp;width=350&amp;height=233&amp;quality=85\" media=\"(min-width: 80px)\"\/><img alt=\"India y la Uni\u00f3n Europea\" class=\"global-image\" decoding=\"async\" fetchpriority=\"high\" height=\"533\" loading=\"eager\" src=\"https:\/\/www.infobae.com\/resizer\/v2\/ZN5L3TFAXRCJHJ3H7G2SDVG7PA.JPG?auth=686313a191b0b21539a866e5024ef432e75e8f0e0454db60daae49475d2d8cad&amp;smart=true&amp;width=350&amp;height=233&amp;quality=85\" width=\"800\"\/><\/picture><figcaption class=\"article-figcaption-img\">India y la Uni\u00f3n Europea anunciar\u00e1n este martes en Nueva Delhi un amplio pacto comercial tras dos d\u00e9cadas de negociaciones (REUTERS)<\/figcaption><\/div>\n<p class=\"paragraph\">Los l\u00edderes de <b>India<\/b> y la <b>Uni\u00f3n Europea<\/b> anunciar\u00e1n este martes en <b>Nueva Delhi<\/b> la \u201c<b>madre de todos los acuerdos<\/b>\u201d al formalizar un amplio pacto comercial alcanzado tras dos d\u00e9cadas de negociaciones, durante una cumbre entre el primer ministro indio, <b>Narendra Modi<\/b>, y los principales dirigentes del bloque europeo.<\/p>\n<p class=\"paragraph\">Funcionarios de ambas partes se\u00f1alaron que el acuerdo, cuya conclusi\u00f3n se cerr\u00f3 el lunes, busca responder a los desaf\u00edos planteados por las dos mayores econom\u00edas del mundo, <b>Estados Unidos<\/b> y <b>China<\/b>. El anuncio se realizar\u00e1 durante la visita de los m\u00e1ximos responsables de la UE a la capital india.<\/p>\n<p class=\"paragraph\">\u201c<b>Las negociaciones a nivel oficial est\u00e1n concluyendo y ambas partes est\u00e1n listas para anunciar el cierre exitoso<\/b>\u201d de las conversaciones en la cumbre del martes, afirm\u00f3 el secretario de Comercio de India, <b>Rajesh Agrawal<\/b>, en declaraciones a <i>AFP <\/i>el lunes por la noche.<\/p>\n<p class=\"paragraph\">La presidenta de la Comisi\u00f3n Europea, <b>Ursula von der Leyen<\/b>, y el presidente del Consejo Europeo, <b>Antonio Costa<\/b>, asistieron el lunes como invitados de honor al desfile por el D\u00eda de la Rep\u00fablica de India. Ambos tienen previsto reunirse con Modi este martes por la ma\u00f1ana.<\/p>\n<p class=\"paragraph\">La Uni\u00f3n Europea considera a India, el pa\u00eds m\u00e1s poblado del mundo, como un mercado importante para el futuro, mientras que Nueva Delhi ve al bloque europeo como una fuente relevante de tecnolog\u00eda e inversi\u00f3n para ampliar su infraestructura y crear millones de empleos, seg\u00fan funcionarios.<\/p>\n<div class=\"visual__image\"><picture><source srcset=\"https:\/\/www.infobae.com\/resizer\/v2\/AGJTMVMIUYWC5RZ35ITAPR2NEM.jpg?auth=fc7afcb51fb7db82c48a9b01f7e6028150c233dacfd8bad201e36eea0821e07d&amp;smart=true&amp;width=992&amp;height=661&amp;quality=85\" media=\"(min-width: 1000px)\"\/><source srcset=\"https:\/\/www.infobae.com\/resizer\/v2\/AGJTMVMIUYWC5RZ35ITAPR2NEM.jpg?auth=fc7afcb51fb7db82c48a9b01f7e6028150c233dacfd8bad201e36eea0821e07d&amp;smart=true&amp;width=768&amp;height=512&amp;quality=85\" media=\"(min-width: 768px)\"\/><source srcset=\"https:\/\/www.infobae.com\/resizer\/v2\/AGJTMVMIUYWC5RZ35ITAPR2NEM.jpg?auth=fc7afcb51fb7db82c48a9b01f7e6028150c233dacfd8bad201e36eea0821e07d&amp;smart=true&amp;width=577&amp;height=385&amp;quality=85\" media=\"(min-width: 580px)\"\/><source srcset=\"https:\/\/www.infobae.com\/resizer\/v2\/AGJTMVMIUYWC5RZ35ITAPR2NEM.jpg?auth=fc7afcb51fb7db82c48a9b01f7e6028150c233dacfd8bad201e36eea0821e07d&amp;smart=true&amp;width=420&amp;height=280&amp;quality=85\" media=\"(min-width: 350px)\"\/><source srcset=\"https:\/\/www.infobae.com\/resizer\/v2\/AGJTMVMIUYWC5RZ35ITAPR2NEM.jpg?auth=fc7afcb51fb7db82c48a9b01f7e6028150c233dacfd8bad201e36eea0821e07d&amp;smart=true&amp;width=350&amp;height=233&amp;quality=85\" media=\"(min-width: 80px)\"\/><img alt=\"Funcionarios de ambas partes se\u00f1alaron\" class=\"global-image\" decoding=\"async\" fetchpriority=\"low\" height=\"3609\" loading=\"lazy\" src=\"https:\/\/www.infobae.com\/resizer\/v2\/AGJTMVMIUYWC5RZ35ITAPR2NEM.jpg?auth=fc7afcb51fb7db82c48a9b01f7e6028150c233dacfd8bad201e36eea0821e07d&amp;smart=true&amp;width=350&amp;height=233&amp;quality=85\" width=\"5413\"\/><\/picture><figcaption class=\"article-figcaption-img\">Funcionarios de ambas partes se\u00f1alaron que el acuerdo, cuya conclusi\u00f3n se cerr\u00f3 el lunes, busca responder a los desaf\u00edos planteados por las dos mayores econom\u00edas del mundo, Estados Unidos y China (REUTERS)<\/figcaption><\/div>\n<p class=\"paragraph\">El comercio bilateral de bienes alcanz\u00f3 los <b>120.000 millones de euros<\/b> en 2024, un incremento cercano al 90% en la \u00faltima d\u00e9cada, de acuerdo con cifras de la UE. A esa cifra se sumaron <b>60.000 millones de euros<\/b> adicionales en comercio de servicios.<\/p>\n<p class=\"paragraph\">El ministro de Comercio de India, <b>Piyush Goyal<\/b>, sostuvo que el acuerdo propuesto ser\u00e1 \u201c<b>la madre de todos los acuerdos<\/b>\u201d.<\/p>\n<p class=\"paragraph\">Desde Bruselas, un funcionario europeo que habl\u00f3 bajo condici\u00f3n de anonimato afirm\u00f3 el lunes que \u201c<b>las negociaciones finales fueron focalizadas y productivas, y ahora somos muy optimistas respecto de concretar este acuerdo comercial hist\u00f3rico<\/b>\u201d.<\/p>\n<p class=\"paragraph\">Seg\u00fan el contenido del pacto, India prev\u00e9 facilitar el acceso a su mercado para productos europeos clave, entre ellos autom\u00f3viles y vino, a cambio de mayores facilidades para exportaciones indias, como textiles y productos farmac\u00e9uticos.<\/p>\n<p class=\"paragraph\">Von der Leyen declar\u00f3 el domingo que \u201cla Uni\u00f3n Europea obtendr\u00e1 <b>el mayor nivel de acceso jam\u00e1s concedido a un socio comercial en el tradicionalmente protegido mercado indio<\/b>\u201d y agreg\u00f3 que esperaba que las exportaciones europeas a India se duplicaran. \u201cObtendremos una ventaja competitiva significativa en sectores industriales y de productos agr\u00edcolas clave\u201d, se\u00f1al\u00f3.<\/p>\n<p class=\"paragraph\">Las conversaciones continuaron hasta \u00faltimo momento el lunes, con discusiones centradas en algunos puntos pendientes, entre ellos el impacto del impuesto fronterizo al carbono de la UE sobre el acero, seg\u00fan fuentes con conocimiento de las negociaciones.<\/p>\n<div class=\"visual__image\"><picture><source srcset=\"https:\/\/www.infobae.com\/resizer\/v2\/UMLLX2RCJNBBJLKXVXX7U37XI4.JPG?auth=dd37c47a48e0693451ab48d625862562592cfb37b35b83237809206c5999bd05&amp;smart=true&amp;width=992&amp;height=660&amp;quality=85\" media=\"(min-width: 1000px)\"\/><source srcset=\"https:\/\/www.infobae.com\/resizer\/v2\/UMLLX2RCJNBBJLKXVXX7U37XI4.JPG?auth=dd37c47a48e0693451ab48d625862562592cfb37b35b83237809206c5999bd05&amp;smart=true&amp;width=768&amp;height=511&amp;quality=85\" media=\"(min-width: 768px)\"\/><source srcset=\"https:\/\/www.infobae.com\/resizer\/v2\/UMLLX2RCJNBBJLKXVXX7U37XI4.JPG?auth=dd37c47a48e0693451ab48d625862562592cfb37b35b83237809206c5999bd05&amp;smart=true&amp;width=577&amp;height=384&amp;quality=85\" media=\"(min-width: 580px)\"\/><source srcset=\"https:\/\/www.infobae.com\/resizer\/v2\/UMLLX2RCJNBBJLKXVXX7U37XI4.JPG?auth=dd37c47a48e0693451ab48d625862562592cfb37b35b83237809206c5999bd05&amp;smart=true&amp;width=420&amp;height=280&amp;quality=85\" media=\"(min-width: 350px)\"\/><source srcset=\"https:\/\/www.infobae.com\/resizer\/v2\/UMLLX2RCJNBBJLKXVXX7U37XI4.JPG?auth=dd37c47a48e0693451ab48d625862562592cfb37b35b83237809206c5999bd05&amp;smart=true&amp;width=350&amp;height=233&amp;quality=85\" media=\"(min-width: 80px)\"\/><img alt=\"La presidenta de la Comisi\u00f3n\" class=\"global-image\" decoding=\"async\" fetchpriority=\"low\" height=\"1311\" loading=\"lazy\" src=\"https:\/\/www.infobae.com\/resizer\/v2\/UMLLX2RCJNBBJLKXVXX7U37XI4.JPG?auth=dd37c47a48e0693451ab48d625862562592cfb37b35b83237809206c5999bd05&amp;smart=true&amp;width=350&amp;height=233&amp;quality=85\" width=\"1970\"\/><\/picture><figcaption class=\"article-figcaption-img\">La presidenta de la Comisi\u00f3n Europea, Ursula von der Leyen, y el presidente del Consejo Europeo, Antonio Costa, asistieron el lunes como invitados de honor al desfile por el D\u00eda de la Rep\u00fablica de India (REUTERS)<\/figcaption><\/div>\n<p class=\"paragraph\">El acuerdo se produce mientras Bruselas y Nueva Delhi buscan abrir nuevos mercados frente a los aranceles de Estados Unidos y los controles de exportaci\u00f3n de China.<\/p>\n<p class=\"paragraph\">India y la Uni\u00f3n Europea tambi\u00e9n prev\u00e9n cerrar un acuerdo para facilitar el movimiento de trabajadores temporales, estudiantes, investigadores y profesionales altamente calificados, as\u00ed como un pacto en materia de seguridad y defensa.<\/p>\n<p class=\"paragraph\">\u201c<b>India y Europa tomaron una decisi\u00f3n clara. La decisi\u00f3n de una asociaci\u00f3n estrat\u00e9gica, el di\u00e1logo y la apertura<\/b>\u201d, escribi\u00f3 Von der Leyen en redes sociales. \u201cMostramos a un mundo fragmentado que otro camino es posible\u201d, a\u00f1adi\u00f3.<\/p>\n<p class=\"paragraph\">India es el pa\u00eds m\u00e1s poblado del mundo y, seg\u00fan proyecciones del <b>Fondo Monetario Internacional<\/b>, se encamina a convertirse este a\u00f1o en la cuarta econom\u00eda global.<\/p>\n<p class=\"paragraph\">Nueva Delhi, que durante d\u00e9cadas dependi\u00f3 de Mosc\u00fa para la provisi\u00f3n de equipamiento militar clave, intenta reducir esa dependencia mediante la diversificaci\u00f3n de importaciones y el impulso a su base manufacturera nacional.<\/p>\n<p class=\"paragraph\">(Con informaci\u00f3n de AFP)<\/p>\n<\/div>\n<p><script defer=\"\">try{!function(f,b,e,v,n,t,s) {if(f.fbq)return;n=f.fbq=function(){n.callMethod? n.callMethod.apply(n,arguments):n.queue.push(arguments)}; if(!f._fbq)f._fbq=n;n.push=n;n.loaded=!0;n.version='2.0'; n.queue=[];t=b.createElement(e);t.async=!0; t.src=v;s=b.getElementsByTagName(e)[0]; s.parentNode.insertBefore(t,s)}(window, document,'script', ' fbq('init', '336383993555320'); fbq('track', 'PageView'); fbq('track', 'ViewContent');}catch(error){console.log(\"Error al inicializar facebookPixelRawCodeScript:\",error);}<\/script><\/p>\n","protected":false},"excerpt":{"rendered":"<p>India y la Uni\u00f3n Europea anunciar\u00e1n este martes en Nueva Delhi un amplio pacto comercial tras dos d\u00e9cadas de negociaciones (REUTERS) Los l\u00edderes de India y la Uni\u00f3n Europea anunciar\u00e1n este martes en Nueva Delhi la \u201cmadre de todos los acuerdos\u201d al formalizar un amplio pacto comercial alcanzado tras dos d\u00e9cadas de negociaciones, durante una [&hellip;]<\/p>\n","protected":false},"author":2,"featured_media":74871,"comment_status":"","ping_status":"","sticky":false,"template":"","format":"standard","meta":{"footnotes":""},"categories":[3],"tags":[],"_links":{"self":[{"href":"https:\/\/maxradio923.com.ar\/index.php\/wp-json\/wp\/v2\/posts\/74870"}],"collection":[{"href":"https:\/\/maxradio923.com.ar\/index.php\/wp-json\/wp\/v2\/posts"}],"about":[{"href":"https:\/\/maxradio923.com.ar\/index.php\/wp-json\/wp\/v2\/types\/post"}],"author":[{"embeddable":true,"href":"https:\/\/maxradio923.com.ar\/index.php\/wp-json\/wp\/v2\/users\/2"}],"replies":[{"embeddable":true,"href":"https:\/\/maxradio923.com.ar\/index.php\/wp-json\/wp\/v2\/comments?post=74870"}],"version-history":[{"count":0,"href":"https:\/\/maxradio923.com.ar\/index.php\/wp-json\/wp\/v2\/posts\/74870\/revisions"}],"wp:featuredmedia":[{"embeddable":true,"href":"https:\/\/maxradio923.com.ar\/index.php\/wp-json\/wp\/v2\/media\/74871"}],"wp:attachment":[{"href":"https:\/\/maxradio923.com.ar\/index.php\/wp-json\/wp\/v2\/media?parent=74870"}],"wp:term":[{"taxonomy":"category","embeddable":true,"href":"https:\/\/maxradio923.com.ar\/index.php\/wp-json\/wp\/v2\/categories?post=74870"},{"taxonomy":"post_tag","embeddable":true,"href":"https:\/\/maxradio923.com.ar\/index.php\/wp-json\/wp\/v2\/tags?post=74870"}],"curies":[{"name":"wp","href":"https:\/\/api.w.org\/{rel}","templated":true}]}}